 {"id":53273,"date":"2025-06-30T14:58:02","date_gmt":"2025-06-30T17:58:02","guid":{"rendered":"https:\/\/portalmidia.net\/?p=53273"},"modified":"2025-06-30T14:58:02","modified_gmt":"2025-06-30T17:58:02","slug":"acusado-de-feminicidio-na-pb-tem-historico-de-agressoes-e-duas-condenacoes-por-violencia-contra-a-vitima","status":"publish","type":"post","link":"https:\/\/portalmidia.net\/index.php\/2025\/06\/30\/acusado-de-feminicidio-na-pb-tem-historico-de-agressoes-e-duas-condenacoes-por-violencia-contra-a-vitima\/","title":{"rendered":"Acusado de feminic\u00eddio na PB tem hist\u00f3rico de agress\u00f5es e duas condena\u00e7\u00f5es por viol\u00eancia contra a v\u00edtima"},"content":{"rendered":"<p>Elson F\u00e9lix de Souza, de 35 anos, suspeito de assassinar uma mulher na manh\u00e3 deste domingo (29), tinha hist\u00f3rico de viol\u00eancia dom\u00e9stica contra a v\u00edtima. Segundo a Pol\u00edcia Civil, a mulher havia aberto cinco processos criminais contra ele por viol\u00eancia, e o suspeito foi preso e condenado duas vezes pelos crimes. Ap\u00f3s o feminic\u00eddio, o homem fugiu e segue foragido.<br \/>\nSegundo o Tribunal de Justi\u00e7a, o suspeito foi preso pela primeira vez em janeiro de 2023 por for\u00e7a de um mandado de pris\u00e3o por viol\u00eancia dom\u00e9stica contra a v\u00edtima. Em mar\u00e7o de 2023, a Justi\u00e7a aceitou a den\u00fancia contra ele, e o suspeito foi condenado a tr\u00eas anos de reclus\u00e3o, em regime aberto.<br \/>\nJ\u00e1 em agosto de 2024, um ano e meio depois, ele foi preso novamente, mas desta vez em flagrante. A Justi\u00e7a aceitou a nova den\u00fancia e condenou Elson F\u00e9lix a dois anos, oito meses e dez dias de pris\u00e3o. Ele permaneceu preso desde ent\u00e3o.<br \/>\nEm mar\u00e7o deste ano, a Justi\u00e7a decidiu somar as condena\u00e7\u00f5es previstas em cada processo, estabelecendo que o suspeito deveria cumprir cinco anos, oito meses e dez dias de reclus\u00e3o, em regime inicial fechado, considerando a reincid\u00eancia do crime.<br \/>\nNo entanto, a Pol\u00edcia Civil afirma que, em dezembro de 2024, a v\u00edtima pediu para retirar a medida protetiva de urg\u00eancia contra o suspeito, por ter reatado o relacionamento com ele. A pol\u00edcia afirma que encaminhou o documento ao Judici\u00e1rio, que apreciou os fatos e determinou a soltura do suspeito.<br \/>\nA progress\u00e3o de regime para o suspeito foi concedida no dia 26 de junho, tr\u00eas dias antes do crime. N\u00e3o h\u00e1 informa\u00e7\u00f5es sobre o motivo da decis\u00e3o.<\/p>\n<p><img fetchpriority=\"high\" decoding=\"async\" class=\"alignnone size-large wp-image-53274\" src=\"https:\/\/portalmidia.net\/wp-content\/uploads\/2025\/06\/IMG_6306-441x600.jpeg\" alt=\"\" width=\"441\" height=\"600\" srcset=\"https:\/\/portalmidia.net\/wp-content\/uploads\/2025\/06\/IMG_6306-441x600.jpeg 441w, https:\/\/portalmidia.net\/wp-content\/uploads\/2025\/06\/IMG_6306-221x300.jpeg 221w, https:\/\/portalmidia.net\/wp-content\/uploads\/2025\/06\/IMG_6306-768x1044.jpeg 768w, https:\/\/portalmidia.net\/wp-content\/uploads\/2025\/06\/IMG_6306.jpeg 1000w\" sizes=\"(max-width: 441px) 100vw, 441px\" \/>Feminic\u00eddio no Sert\u00e3o: mulher \u00e9 morta e filha baleada na cabe\u00e7a em Itaporanga<br \/>\n<strong>Entenda o crime<\/strong><\/p>\n<p>Elson F\u00e9lix \u00e9 suspeito de matar a mulher com quem mantinha um relacionamento e atirar na cabe\u00e7a da filha de 1 ano, na manh\u00e3 deste domingo (29), em Itaporanga, no Sert\u00e3o da Para\u00edba.<br \/>\nO delegado Ilamilton Simpl\u00edcio informou que o crime ocorreu por volta das 10h30 da manh\u00e3, na casa da v\u00edtima. Ela foi identificada como Cl\u00e1udia Kell de Oliveira Miguel, de 28 anos.<\/p>\n<p>&nbsp;<\/p>\n<p>G1<\/p>\n","protected":false},"excerpt":{"rendered":"<p>Elson F\u00e9lix de Souza, de 35 anos, suspeito de assassinar uma mulher na manh\u00e3 deste domingo (29), tinha hist\u00f3rico de viol\u00eancia dom\u00e9stica contra a v\u00edtima. Segundo a Pol\u00edcia Civil, a mulher havia aberto cinco processos criminais contra ele por viol\u00eancia, e o suspeito foi preso e condenado duas vezes pelos crimes. Ap\u00f3s o feminic\u00eddio, o<\/p>\n","protected":false},"author":5,"featured_media":53275,"comment_status":"open","ping_status":"open","sticky":false,"template":"","format":"standard","meta":{"_eb_attr":"","footnotes":""},"categories":[7],"tags":[],"class_list":["post-53273","post","type-post","status-publish","format-standard","has-post-thumbnail","hentry","category-destaque"],"_links":{"self":[{"href":"https:\/\/portalmidia.net\/index.php\/wp-json\/wp\/v2\/posts\/53273","targetHints":{"allow":["GET"]}}],"collection":[{"href":"https:\/\/portalmidia.net\/index.php\/wp-json\/wp\/v2\/posts"}],"about":[{"href":"https:\/\/portalmidia.net\/index.php\/wp-json\/wp\/v2\/types\/post"}],"author":[{"embeddable":true,"href":"https:\/\/portalmidia.net\/index.php\/wp-json\/wp\/v2\/users\/5"}],"replies":[{"embeddable":true,"href":"https:\/\/portalmidia.net\/index.php\/wp-json\/wp\/v2\/comments?post=53273"}],"version-history":[{"count":1,"href":"https:\/\/portalmidia.net\/index.php\/wp-json\/wp\/v2\/posts\/53273\/revisions"}],"predecessor-version":[{"id":53276,"href":"https:\/\/portalmidia.net\/index.php\/wp-json\/wp\/v2\/posts\/53273\/revisions\/53276"}],"wp:featuredmedia":[{"embeddable":true,"href":"https:\/\/portalmidia.net\/index.php\/wp-json\/wp\/v2\/media\/53275"}],"wp:attachment":[{"href":"https:\/\/portalmidia.net\/index.php\/wp-json\/wp\/v2\/media?parent=53273"}],"wp:term":[{"taxonomy":"category","embeddable":true,"href":"https:\/\/portalmidia.net\/index.php\/wp-json\/wp\/v2\/categories?post=53273"},{"taxonomy":"post_tag","embeddable":true,"href":"https:\/\/portalmidia.net\/index.php\/wp-json\/wp\/v2\/tags?post=53273"}],"curies":[{"name":"wp","href":"https:\/\/api.w.org\/{rel}","templated":true}]}}