 {"id":53591,"date":"2025-07-09T16:48:50","date_gmt":"2025-07-09T19:48:50","guid":{"rendered":"https:\/\/portalmidia.net\/?p=53591"},"modified":"2025-07-09T16:48:50","modified_gmt":"2025-07-09T19:48:50","slug":"prefeitura-de-mataraca-tera-concurso-publico-e-deve-homologar-resultado-ate-o-fim-de-2025-aponta-mp","status":"publish","type":"post","link":"https:\/\/portalmidia.net\/index.php\/2025\/07\/09\/prefeitura-de-mataraca-tera-concurso-publico-e-deve-homologar-resultado-ate-o-fim-de-2025-aponta-mp\/","title":{"rendered":"Prefeitura de Mataraca ter\u00e1 concurso p\u00fablico e deve homologar resultado at\u00e9 o fim de 2025, aponta MP"},"content":{"rendered":"<p>A Prefeitura de Mataraca, no Litoral Norte da Para\u00edba, fez um acordo com o Minist\u00e9rio P\u00fablico da Para\u00edba (MPPB) para organizar e realizar um concurso p\u00fablico ainda este ano. A a\u00e7\u00e3o aconteceu nessa segunda-feira (07), durante uma audi\u00eancia na Promotoria de Mamanguape.<\/p>\n<p>De acordo com o Termo de Ajustamento de Conduta (TAC), a Prefeitura tem 30 dias para levantar todas as vagas de cargos efetivos dispon\u00edveis e enviar \u00e0 C\u00e2mara Municipal um projeto de lei com a estrutura legal de cargos efetivos e comissionados, respeitando os limites da Constitui\u00e7\u00e3o. Tamb\u00e9m dever\u00e1 cancelar contratos e extinguir cargos que n\u00e3o sejam necess\u00e1rios para manter os servi\u00e7os p\u00fablicos funcionando.<\/p>\n<p>A Prefeitura ainda ter\u00e1 que se comprometer a contratar, em at\u00e9 60 dias, uma banca organizadora para aplica\u00e7\u00e3o do concurso. A prova objetiva dever\u00e1 ser realizada em at\u00e9 90 dias ap\u00f3s a assinatura do acordo, e o resultado final tem que ser homologado at\u00e9 o dia 31 de dezembro de 2025.<\/p>\n<p>Al\u00e9m disso, o acordo determina que todas as contrata\u00e7\u00f5es de servidores devem ser feitas exclusivamente por meio de concurso p\u00fablico, evitando gastos desnecess\u00e1rios.<\/p>\n<p>Se a Prefeitura descumprir qualquer medida, ela poder\u00e1 pagar multa di\u00e1ria de R$ 500, al\u00e9m de enfrentar outras puni\u00e7\u00f5es administrativas. O Minist\u00e9rio P\u00fablico vai acompanhar todo o processo e cobrar\u00e1, em at\u00e9 75 dias, a comprova\u00e7\u00e3o das a\u00e7\u00f5es prometidas pela gest\u00e3o municipal.<\/p>\n","protected":false},"excerpt":{"rendered":"<p>A Prefeitura de Mataraca, no Litoral Norte da Para\u00edba, fez um acordo com o Minist\u00e9rio P\u00fablico da Para\u00edba (MPPB) para organizar e realizar um concurso p\u00fablico ainda este ano. A a\u00e7\u00e3o aconteceu nessa segunda-feira (07), durante uma audi\u00eancia na Promotoria de Mamanguape. De acordo com o Termo de Ajustamento de Conduta (TAC), a Prefeitura tem<\/p>\n","protected":false},"author":5,"featured_media":37022,"comment_status":"open","ping_status":"open","sticky":false,"template":"","format":"standard","meta":{"_eb_attr":"","footnotes":""},"categories":[3],"tags":[],"class_list":["post-53591","post","type-post","status-publish","format-standard","has-post-thumbnail","hentry","category-politica"],"_links":{"self":[{"href":"https:\/\/portalmidia.net\/index.php\/wp-json\/wp\/v2\/posts\/53591","targetHints":{"allow":["GET"]}}],"collection":[{"href":"https:\/\/portalmidia.net\/index.php\/wp-json\/wp\/v2\/posts"}],"about":[{"href":"https:\/\/portalmidia.net\/index.php\/wp-json\/wp\/v2\/types\/post"}],"author":[{"embeddable":true,"href":"https:\/\/portalmidia.net\/index.php\/wp-json\/wp\/v2\/users\/5"}],"replies":[{"embeddable":true,"href":"https:\/\/portalmidia.net\/index.php\/wp-json\/wp\/v2\/comments?post=53591"}],"version-history":[{"count":1,"href":"https:\/\/portalmidia.net\/index.php\/wp-json\/wp\/v2\/posts\/53591\/revisions"}],"predecessor-version":[{"id":53592,"href":"https:\/\/portalmidia.net\/index.php\/wp-json\/wp\/v2\/posts\/53591\/revisions\/53592"}],"wp:featuredmedia":[{"embeddable":true,"href":"https:\/\/portalmidia.net\/index.php\/wp-json\/wp\/v2\/media\/37022"}],"wp:attachment":[{"href":"https:\/\/portalmidia.net\/index.php\/wp-json\/wp\/v2\/media?parent=53591"}],"wp:term":[{"taxonomy":"category","embeddable":true,"href":"https:\/\/portalmidia.net\/index.php\/wp-json\/wp\/v2\/categories?post=53591"},{"taxonomy":"post_tag","embeddable":true,"href":"https:\/\/portalmidia.net\/index.php\/wp-json\/wp\/v2\/tags?post=53591"}],"curies":[{"name":"wp","href":"https:\/\/api.w.org\/{rel}","templated":true}]}}