 {"id":53606,"date":"2025-07-11T08:25:15","date_gmt":"2025-07-11T11:25:15","guid":{"rendered":"https:\/\/portalmidia.net\/?p=53606"},"modified":"2025-07-11T08:25:15","modified_gmt":"2025-07-11T11:25:15","slug":"joao-azevedo-entrega-rodovia-em-sao-bento-e-travessias-urbanas-e-abastecimento-dagua-de-riacho-dos-cavalos","status":"publish","type":"post","link":"https:\/\/portalmidia.net\/index.php\/2025\/07\/11\/joao-azevedo-entrega-rodovia-em-sao-bento-e-travessias-urbanas-e-abastecimento-dagua-de-riacho-dos-cavalos\/","title":{"rendered":"Jo\u00e3o Azev\u00eado entrega rodovia em S\u00e3o Bento e travessias urbanas e abastecimento d&#8217;\u00e1gua de Riacho dos Cavalos"},"content":{"rendered":"<p>O governador Jo\u00e3o Azev\u00eado inaugurou, nesta quinta-feira (10), a rodovia estadual PB-317 \u2014 uma obra que beneficia o Distrito Barra de Cima, no munic\u00edpio de S\u00e3o Bento, Sert\u00e3o paraibano. Apenas nesse trecho, o Tesouro estadual investiu mais de R$ 8 milh\u00f5es. Logo em seguida, Jo\u00e3o Azev\u00eado foi at\u00e9 Riacho dos Cavalos, onde inspecionou outro trecho da PB-317 (Riacho dos Cavalos\/S\u00e3o Bento), que est\u00e1 recebendo investimentos superiores a R$ 36,3 milh\u00f5es; e entregou travessias urbanas e o sistema de abastecimento d&#8217;\u00e1gua do munic\u00edpio, levando dignidade a 1.172 fam\u00edlias \u2014 essa \u00faltima a\u00e7\u00e3o, um conv\u00eanio com a Funda\u00e7\u00e3o Nacional de Sa\u00fade (Funasa), representa mais de R$ 17,9 milh\u00f5es em investimentos.<\/p>\n<p>A entrega do primeiro trecho da PB-317 \u00e0 popula\u00e7\u00e3o de S\u00e3o Bento \u2013 de um modo especial os moradores do Distrito Barra de Cima \u2013 e regi\u00e3o traz, entre outros benef\u00edcios, o desenvolvimento econ\u00f4mico e social, com a gera\u00e7\u00e3o de oportunidades de neg\u00f3cios e gera\u00e7\u00e3o de renda, e seguran\u00e7a para os usu\u00e1rios da rodovia.<\/p>\n<p>Durante a solenidade de inaugura\u00e7\u00e3o, Jo\u00e3o Azev\u00eado destacou a import\u00e2ncia estrat\u00e9gica da PB-317 para S\u00e3o Bento e o Distrito de Barra de Cima. &#8220;Essa foi uma obra reivindicada no Or\u00e7amento Democr\u00e1tico Estadual e atendida pelo nosso Governo. Barra de Cima \u00e9 um distrito extremamente importante e que agora ter\u00e1 todas as condi\u00e7\u00f5es de se desenvolver ainda mais&#8221;, acrescentou.<\/p>\n<p>O vice-governador Lucas Ribeiro tamb\u00e9m ressaltou a import\u00e2ncia da PB-317 para o Distrito de Barra de Cima. &#8220;\u00c9 um sentimento de muita alegria ver a entrega dessa estrada, que vai trazer qualidade de vida e desenvolvimento para esse Distrito, porque aqui \u00e9 uma terra de gente trabalhadora. E essa a\u00e7\u00e3o refor\u00e7a o compromisso do governador Jo\u00e3o Azev\u00eado de melhorar a vida da popula\u00e7\u00e3o paraibana&#8221;, comentou.<\/p>\n<p>O prefeito de S\u00e3o Bento, Gerfeson Carna\u00faba, agradeceu ao governador Jo\u00e3o Azev\u00eado a parceria com o munic\u00edpio. &#8220;Essa parceria da gest\u00e3o do governador Jo\u00e3o Azev\u00eado com o nosso munic\u00edpio tem transformado a vida da nossa popula\u00e7\u00e3o. E essa estrada para o Distrito de Barra de Cima representa a realiza\u00e7\u00e3o de um antigo sonho dos moradores daqui, que agora se realiza e traz ainda mais oportunidades de desenvolvimento&#8221;, comemorou.<\/p>\n<p>O deputado estadual Galego de Souza evidenciou os investimentos do Governo do Estado em S\u00e3o Bento. &#8220;Hoje celebramos a inaugura\u00e7\u00e3o dessa t\u00e3o sonhada PB-317, que passou pela m\u00e3o de diversos governos, mas chegou nas m\u00e3os do governador Jo\u00e3o Azev\u00eado, sendo hoje entregue. A gest\u00e3o do governador Jo\u00e3o Azev\u00eado tem feito pela Para\u00edba toda, e com o munic\u00edpio de S\u00e3o Bento, com Barra de Cima, n\u00e3o seria diferente&#8221;, observou.<\/p>\n<p>&#8220;Essa estrada era um sonho de todos aqui de Barra de Cima e agora, atrav\u00e9s de uma gest\u00e3o que cuida de toda a Para\u00edba, dos pequenos aos grandes munic\u00edpios, incluindo tamb\u00e9m os distritos, realizamos esse sonho&#8221;, emendou o tamb\u00e9m deputado estadual M\u00e1rcio Roberto.<br \/>\n<img fetchpriority=\"high\" decoding=\"async\" class=\"aligncenter size-large wp-image-53609\" src=\"https:\/\/portalmidia.net\/wp-content\/uploads\/2025\/07\/IMG_6678-600x409.jpeg\" alt=\"\" width=\"600\" height=\"409\" srcset=\"https:\/\/portalmidia.net\/wp-content\/uploads\/2025\/07\/IMG_6678-600x409.jpeg 600w, https:\/\/portalmidia.net\/wp-content\/uploads\/2025\/07\/IMG_6678-300x204.jpeg 300w, https:\/\/portalmidia.net\/wp-content\/uploads\/2025\/07\/IMG_6678-768x523.jpeg 768w, https:\/\/portalmidia.net\/wp-content\/uploads\/2025\/07\/IMG_6678-1536x1046.jpeg 1536w, https:\/\/portalmidia.net\/wp-content\/uploads\/2025\/07\/IMG_6678-2048x1394.jpeg 2048w\" sizes=\"(max-width: 600px) 100vw, 600px\" \/><br \/>\nO comerciante Francisco das Chagas comemorou a chegada da PB-317. &#8220;A situa\u00e7\u00e3o ficava horr\u00edvel no inverno, com muitos buracos e muita lama. A gente que \u00e9 comerciante precisava guardar um dinheiro extra para consertar o carro que transportava a mercadoria. Gra\u00e7as a Deus isso acabou&#8221;, comentou.<\/p>\n<p>A solenidade foi prestigiada pelos auxiliares da Gest\u00e3o estadual Deusdete Queiroga (Infraestrutura) e Nonato Bandeira (Comunica\u00e7\u00e3o Institucional). O deputado federal Murilo Galdino e demais lideran\u00e7as pol\u00edticas da regi\u00e3o tamb\u00e9m estiveram presentes.<\/p>\n<p><img decoding=\"async\" class=\"aligncenter size-large wp-image-53608\" src=\"https:\/\/portalmidia.net\/wp-content\/uploads\/2025\/07\/IMG_6680-600x422.jpeg\" alt=\"\" width=\"600\" height=\"422\" srcset=\"https:\/\/portalmidia.net\/wp-content\/uploads\/2025\/07\/IMG_6680-600x422.jpeg 600w, https:\/\/portalmidia.net\/wp-content\/uploads\/2025\/07\/IMG_6680-300x211.jpeg 300w, https:\/\/portalmidia.net\/wp-content\/uploads\/2025\/07\/IMG_6680-768x541.jpeg 768w, https:\/\/portalmidia.net\/wp-content\/uploads\/2025\/07\/IMG_6680-1536x1081.jpeg 1536w, https:\/\/portalmidia.net\/wp-content\/uploads\/2025\/07\/IMG_6680-2048x1442.jpeg 2048w\" sizes=\"(max-width: 600px) 100vw, 600px\" \/>Em seguida, o chefe do Executivo estadual inspecionou outro trecho da PB-317, ligando Riacho dos Cavalos a S\u00e3o Bento. Na obra, que tem 25,4 km de extens\u00e3o, est\u00e3o sendo investidos R$ 36,4 milh\u00f5es \u2014 recursos pr\u00f3prios do Tesouro estadual. O desenvolvimento social e econ\u00f4mico da regi\u00e3o, moderniza\u00e7\u00e3o da infraestrutura rodovi\u00e1ria estadual e mais conforto e seguran\u00e7a para os usu\u00e1rios da rodovia tamb\u00e9m est\u00e3o entre os benef\u00edcios da interven\u00e7\u00e3o.<\/p>\n<p>Abastecimento d&#8217;\u00e1gua\u00a0\u2014 Outra a\u00e7\u00e3o importante do Governo do Estado para Riacho dos Cavalos foi o sistema de abastecimento d&#8217;\u00e1gua do munic\u00edpio \u2014 mais que a realiza\u00e7\u00e3o de um sonho, dignidade e qualidade de vida para a popula\u00e7\u00e3o.<\/p>\n<p>Durante a solenidade, que foi marcada pelo tradicional acionamento dos chuveiros no Centro da cidade, o governador Jo\u00e3o Azev\u00eado destacou o olhar municipalista da gest\u00e3o. &#8220;A Para\u00edba vive, verdadeiramente, um novo tempo, com uma gest\u00e3o comprometida com os seus 223 munic\u00edpios. E estamos indo al\u00e9m, porque estamos tendo uma grande aten\u00e7\u00e3o com os distritos. Se antes era dif\u00edcil as pequenas cidades terem esse olhar atencioso, que \u00e9 uma obriga\u00e7\u00e3o de quem faz gest\u00e3o p\u00fablica, imagine os distritos. Por isso, fico extremamente feliz com as entregas de hoje: a estrada de Barra de Cima e o abastecimento d&#8217;\u00e1gua e as travessias urbanas de Riacho dos Cavalos&#8221;, observou.<\/p>\n<p>O prefeito de Riacho dos Cavalos, Arthur Vieira, agradeceu a parceria com a gest\u00e3o do governador Jo\u00e3o Azev\u00eado e foi enf\u00e1tico ao descrever a import\u00e2ncia das obras entregues ao munic\u00edpio. &#8220;Sem d\u00favidas, hoje \u00e9 o dia mais importante da hist\u00f3ria de Riacho dos Cavalos. Resultado da gest\u00e3o humanizada que o governador Jo\u00e3o Azev\u00eado tem feito n\u00e3o apenas pelo nosso munic\u00edpio, mas pela Para\u00edba toda. Em nome da popula\u00e7\u00e3o de Riacho dos Cavalos, gostaria de agradecer o sistema de abastecimento d&#8217;\u00e1gua e as travessias urbanas. Em breve, teremos mais uma grande obra, que \u00e9 a PB-317, trazendo ainda mais desenvolvimento para o nosso munic\u00edpio.<\/p>\n<p>Travessias urbanas\u00a0\u2014 Riacho dos Cavalos tamb\u00e9m foi beneficiada com a entrega das travessias urbanas, levando mais qualidade de vida e elevando a autoestima da popula\u00e7\u00e3o, com a cidade mais bonita.<\/p>\n<p>As ruas contempladas foram as seguintes: Joaquim Vieira de Andrade, Ant\u00f4nio Carneiro, Pio Suassuna, Travessa Tr\u00eas, Rua Projetada, Joaquim Pereira de Souza, 28 de Dezembro e Rua S\u00edtio Mari\u00e1.<\/p>\n<p>Os trechos asfaltados totalizam 3,48 km de extens\u00e3o e receberam investimentos do Tesouro estadual de R$ 1,8 milh\u00e3o.<\/p>\n<p>&nbsp;<\/p>\n<p>Fotos: Francisco Fran\u00e7a<\/p>\n","protected":false},"excerpt":{"rendered":"<p>O governador Jo\u00e3o Azev\u00eado inaugurou, nesta quinta-feira (10), a rodovia estadual PB-317 \u2014 uma obra que beneficia o Distrito Barra de Cima, no munic\u00edpio de S\u00e3o Bento, Sert\u00e3o paraibano. Apenas nesse trecho, o Tesouro estadual investiu mais de R$ 8 milh\u00f5es. Logo em seguida, Jo\u00e3o Azev\u00eado foi at\u00e9 Riacho dos Cavalos, onde inspecionou outro trecho<\/p>\n","protected":false},"author":5,"featured_media":53607,"comment_status":"open","ping_status":"open","sticky":false,"template":"","format":"standard","meta":{"_eb_attr":"","footnotes":""},"categories":[3],"tags":[],"class_list":["post-53606","post","type-post","status-publish","format-standard","has-post-thumbnail","hentry","category-politica"],"_links":{"self":[{"href":"https:\/\/portalmidia.net\/index.php\/wp-json\/wp\/v2\/posts\/53606","targetHints":{"allow":["GET"]}}],"collection":[{"href":"https:\/\/portalmidia.net\/index.php\/wp-json\/wp\/v2\/posts"}],"about":[{"href":"https:\/\/portalmidia.net\/index.php\/wp-json\/wp\/v2\/types\/post"}],"author":[{"embeddable":true,"href":"https:\/\/portalmidia.net\/index.php\/wp-json\/wp\/v2\/users\/5"}],"replies":[{"embeddable":true,"href":"https:\/\/portalmidia.net\/index.php\/wp-json\/wp\/v2\/comments?post=53606"}],"version-history":[{"count":1,"href":"https:\/\/portalmidia.net\/index.php\/wp-json\/wp\/v2\/posts\/53606\/revisions"}],"predecessor-version":[{"id":53610,"href":"https:\/\/portalmidia.net\/index.php\/wp-json\/wp\/v2\/posts\/53606\/revisions\/53610"}],"wp:featuredmedia":[{"embeddable":true,"href":"https:\/\/portalmidia.net\/index.php\/wp-json\/wp\/v2\/media\/53607"}],"wp:attachment":[{"href":"https:\/\/portalmidia.net\/index.php\/wp-json\/wp\/v2\/media?parent=53606"}],"wp:term":[{"taxonomy":"category","embeddable":true,"href":"https:\/\/portalmidia.net\/index.php\/wp-json\/wp\/v2\/categories?post=53606"},{"taxonomy":"post_tag","embeddable":true,"href":"https:\/\/portalmidia.net\/index.php\/wp-json\/wp\/v2\/tags?post=53606"}],"curies":[{"name":"wp","href":"https:\/\/api.w.org\/{rel}","templated":true}]}}