 {"id":53611,"date":"2025-07-11T08:30:32","date_gmt":"2025-07-11T11:30:32","guid":{"rendered":"https:\/\/portalmidia.net\/?p=53611"},"modified":"2025-07-11T08:30:55","modified_gmt":"2025-07-11T11:30:55","slug":"joao-azevedo-entrega-escolas-travessias-urbanas-e-equipamentos-de-saude-em-brejo-dos-santos-catole-do-rocha-e-brejo-do-cruz","status":"publish","type":"post","link":"https:\/\/portalmidia.net\/index.php\/2025\/07\/11\/joao-azevedo-entrega-escolas-travessias-urbanas-e-equipamentos-de-saude-em-brejo-dos-santos-catole-do-rocha-e-brejo-do-cruz\/","title":{"rendered":"Jo\u00e3o Azev\u00eado entrega escolas, travessias urbanas e equipamentos de Sa\u00fade em Brejo dos Santos, Catol\u00e9 do Rocha e Brejo do Cruz"},"content":{"rendered":"<p>O governador Jo\u00e3o Azev\u00eado esteve, nesta quinta-feira (10), nos munic\u00edpios de Brejo dos Santos, Catol\u00e9 do Rocha e Brejo do Cruz, no Sert\u00e3o paraibano, oportunidade em que entregou obras de mobilidade urbana, educa\u00e7\u00e3o e sa\u00fade, que somam investimentos superiores a R$ 13,7 milh\u00f5es.<\/p>\n<p>A agenda do chefe do Executivo estadual foi iniciada em Brejo dos Santos onde foram entregues as obras de travessia urbana. Com extens\u00e3o de 3,85 Km, os servi\u00e7os receberam investimentos superiores a R$ 1,8 milh\u00e3o. Foram contempladas as Ruas Ant\u00f4nio Benjamim da Cruz, Manoel Andrade, Apol\u00f4nio Pereira, Manoel Em\u00eddio de Sousa, Jos\u00e9 Pedro da Silva (pra\u00e7a), Guilhermino J. da Silva, Jos\u00e9 Francisco da Silva, Conrado Severino, Jos\u00e9 Catriciano Filho, Jos\u00e9 Vieira de Freitas, Hon\u00f3rio de Lima, Jos\u00e9 Alves da Silva e Jos\u00e9 Manoel da Silva.<\/p>\n<p>Na oportunidade, Jo\u00e3o Azev\u00eado ressaltou o compromisso do governo de realizar uma gest\u00e3o presente em todos os munic\u00edpios. \u201c\u00c9 uma alegria voltar \u00e0 regi\u00e3o para entregar obras e pol\u00edticas p\u00fablicas que transformam a vida das pessoas. N\u00f3s fazemos um governo que cuida das pessoas e assim como em Brejo dos Santos, n\u00f3s constru\u00edmos 213 creches e fizemos travessias urbanas em 210 munic\u00edpios porque temos uma gest\u00e3o com capacidade de investimento, resultado de trabalho e dedica\u00e7\u00e3o\u201d, frisou.<\/p>\n<p>O vice-governador Lucas Ribeiro destacou a operosidade do governo. \u201c\u00c9 uma alegria fazer entregas em uma agenda intensa do Or\u00e7amento Democr\u00e1tico que mudam realidades e transformam a vida das pessoas. S\u00e3o v\u00e1rias obras entregues e em andamento no munic\u00edpio de Brejo dos Santos, o que atesta o nosso cuidado com o povo e o nosso compromisso \u00e9 de continuar trabalhando para que mais a\u00e7\u00f5es cheguem aos munic\u00edpios\u201d, declarou.<\/p>\n<p>O deputado federal Gerv\u00e1sio Maia Filho celebrou os investimentos do governo na regi\u00e3o. \u201cHoje \u00e9 um dia feliz, gra\u00e7as \u00e0 parceria importante que tem permitido que muita coisa boa chegue \u00e0 popula\u00e7\u00e3o. N\u00f3s temos um estado com a gest\u00e3o fiscal equilibrada, dedicada, s\u00e9ria e comprometida com o futuro do nosso povo e que t\u00eam obras nas mais diversas \u00e1reas\u201d, comentou.<\/p>\n<p>A prefeita de Brejo dos Santos, Luciene Almeida, comemorou as a\u00e7\u00f5es do governo no munic\u00edpio. \u201cN\u00f3s agradecemos pelo investimento que deixou nossa cidade bel\u00edssima e podemos andar e ver o valor que o governador d\u00e1 ao nosso munic\u00edpio. Al\u00e9m do asfalto, temos escola no Cruzeiro, creche nova e \u00f4nibus escolar\u201d, disse.<\/p>\n<p>Em Catol\u00e9 do Rocha, o governador entregou o tom\u00f3grafo e a ag\u00eancia transfusional do Hospital Regional. Ele ainda inspecionou as obras de implanta\u00e7\u00e3o do Centro de Hemodi\u00e1lise.\u00a0\u00a0O novo tom\u00f3grafo da unidade hospitalar, cuja aquisi\u00e7\u00e3o e custeio somam investimentos superiores a R$ 1,3 milh\u00e3o, ir\u00e1 aprimorar e expandir os servi\u00e7os de diagn\u00f3stico por imagem. Para viabilizar a instala\u00e7\u00e3o do equipamento, foi desenvolvido um projeto de adequa\u00e7\u00e3o do espa\u00e7o f\u00edsico dentro do hospital, contemplando uma reforma de 45,21 m\u00b2.<\/p>\n<p>J\u00e1 para implanta\u00e7\u00e3o do Centro de Hemodi\u00e1lise est\u00e3o sendo executados servi\u00e7os que somam mais de R$ 1,7 milh\u00e3o. O projeto contempla a instala\u00e7\u00e3o de 12 leitos de tratamento, sendo um destinado a pacientes com Hepatite C, um para portadores de Hepatite B e um leito de Recupera\u00e7\u00e3o P\u00f3s-Anest\u00e9sica (RPA). A edifica\u00e7\u00e3o est\u00e1 passando por uma amplia\u00e7\u00e3o de 25,44 m\u00b2 e reforma de 183,50 m\u00b2, totalizando 208,94 m\u00b2.<\/p>\n<p>O governador destacou o novo momento da sa\u00fade da Para\u00edba, que tem fortalecido os servi\u00e7os de m\u00e9dia e alta complexidade. \u201cN\u00f3s temos duas UTI a\u00e9reas para atender pacientes do SUS, vamos entregar nos pr\u00f3ximos dias o Hospital da Mulher de Jo\u00e3o Pessoa e estamos construindo o Hospital da Mulher de Campina Grande, o Hospital de Trauma do Sert\u00e3o em Patos, munic\u00edpio que tamb\u00e9m receber\u00e1 um acelerador linear, acabamos com a fila da vergonha com o Opera Para\u00edba e estamos salvando vidas com o Cora\u00e7\u00e3o Paraibano e Para\u00edba contra o C\u00e2ncer. Com essas a\u00e7\u00f5es n\u00f3s estamos oferecendo dignidade no atendimento \u00e0s pessoas\u201d, disse.<\/p>\n<p>Ainda no munic\u00edpio, ele entregou a reforma e amplia\u00e7\u00e3o da Escola Cidad\u00e3 Integral (ECI) Jo\u00e3o Suassuna, onde foram investidos mais de R$ 4,8 milh\u00f5es. Os servi\u00e7os de reforma contemplaram 10 salas de aula, biblioteca, sala de Inform\u00e1tica, coordena\u00e7\u00e3o, sala do Financeiro, Arquivo, Diretoria, Secretaria, sala de professores, banheiros e gin\u00e1sio. J\u00e1 a amplia\u00e7\u00e3o abrangeu guarita, cozinha com refeit\u00f3rio, reservat\u00f3rios, vesti\u00e1rios, al\u00e9m da constru\u00e7\u00e3o de laborat\u00f3rios seco e molhado, almoxarifado e dep\u00f3sito.<\/p>\n<p>\u201cEntregar obras de educa\u00e7\u00e3o nos motiva porque \u00e9 atrav\u00e9s dela que transformamos a vida das pessoas. Essa escola est\u00e1 totalmente equipada e vai fazer a diferen\u00e7a na vida de muitos jovens, demonstrando que fazemos um governo de inclus\u00e3o\u201d, acrescentou o governador.<\/p>\n<p>O secret\u00e1rio de Educa\u00e7\u00e3o, Wilson Filho, evidenciou os investimentos do governo na melhoria da infraestrutura escolar. \u201cO governador faz a gest\u00e3o que mais investiu em Educa\u00e7\u00e3o, que mais construiu e reformou escolas e gin\u00e1sios e isso transforma a vida dos nossos estudantes, garantindo conforto e uma melhor aprendizagem\u201d, ressaltou.<\/p>\n<p>O prefeito de Catol\u00e9 do Rocha, Laurinho Maia, agradeceu ao governador Jo\u00e3o Azev\u00eado pelos investimentos no munic\u00edpio. \u201cO governo est\u00e1 presente em Catol\u00e9 do Rocha e muitos alunos est\u00e3o sendo beneficiados com essa bel\u00edssima obra da escola. A vis\u00e3o de trabalho do governador tem melhorado a vida do povo da Para\u00edba e, em especial, da nossa cidade\u201d, falou.<\/p>\n<p>O deputado federal Murilo Galdino destacou a uni\u00e3o de esfor\u00e7os para garantir obras e a\u00e7\u00f5es no munic\u00edpio. \u201cJuntos, o nosso trabalho tem garantido qualidade de vida para a popula\u00e7\u00e3o de Catol\u00e9 do Rocha e vamos continuar trabalhando para trazer mais benef\u00edcios\u201d, comentou.<\/p>\n<p>O presidente da Assembleia Legislativa, Adriano Galdino, parabenizou o governador Jo\u00e3o Azev\u00eado pelas a\u00e7\u00f5es na regi\u00e3o. \u201cN\u00f3s agradecemos ao governador pelas obras entregues e em execu\u00e7\u00e3o e pelo compromisso com o Sert\u00e3o da Para\u00edba\u201d, falou.<\/p>\n<p>Em Brejo do Cruz, o governador entregou a reforma e amplia\u00e7\u00e3o do Complexo Educacional da Escola Estadual de Ensino M\u00e9dio Ant\u00f4nio Gomes, que recebeu investimentos superiores a R$ 4,1 milh\u00f5es. A reforma abrangeu nove salas de aula, sala dos professores, Secretaria, sala de Arquivo, Diretoria, recreio coberto, banheiros feminino e masculino e dep\u00f3sitos. J\u00e1 a amplia\u00e7\u00e3o contemplou laborat\u00f3rios, biblioteca e gin\u00e1sio com arquibancada e vestu\u00e1rio, al\u00e9m de guarita.<\/p>\n<p>Estiveram ainda presentes os deputados estaduais M\u00e1rcio Roberto e Galego de Souza; prefeitos, vice-prefeitos e vereadores da regi\u00e3o; al\u00e9m de auxiliares da gest\u00e3o estadual, dentre eles Deusdete Queiroga (secret\u00e1rio da Infraestrutura e dos Recursos H\u00eddricos), Nonato Bandeira (secret\u00e1rio da Comunica\u00e7\u00e3o Institucional), Joaquim Hugo (secret\u00e1rio da Agropecu\u00e1ria e da Pesca) e Edilson Amorim (secret\u00e1rio executivo da Gest\u00e3o Pedag\u00f3gica).<\/p>\n<p><img fetchpriority=\"high\" decoding=\"async\" class=\"aligncenter size-large wp-image-53613\" src=\"https:\/\/portalmidia.net\/wp-content\/uploads\/2025\/07\/IMG_6687-600x400.jpeg\" alt=\"\" width=\"600\" height=\"400\" srcset=\"https:\/\/portalmidia.net\/wp-content\/uploads\/2025\/07\/IMG_6687-600x400.jpeg 600w, https:\/\/portalmidia.net\/wp-content\/uploads\/2025\/07\/IMG_6687-300x200.jpeg 300w, https:\/\/portalmidia.net\/wp-content\/uploads\/2025\/07\/IMG_6687-768x512.jpeg 768w, https:\/\/portalmidia.net\/wp-content\/uploads\/2025\/07\/IMG_6687-1536x1024.jpeg 1536w, https:\/\/portalmidia.net\/wp-content\/uploads\/2025\/07\/IMG_6687-150x100.jpeg 150w, https:\/\/portalmidia.net\/wp-content\/uploads\/2025\/07\/IMG_6687-330x220.jpeg 330w, https:\/\/portalmidia.net\/wp-content\/uploads\/2025\/07\/IMG_6687-420x280.jpeg 420w, https:\/\/portalmidia.net\/wp-content\/uploads\/2025\/07\/IMG_6687-510x340.jpeg 510w, https:\/\/portalmidia.net\/wp-content\/uploads\/2025\/07\/IMG_6687.jpeg 1620w\" sizes=\"(max-width: 600px) 100vw, 600px\" \/> <img decoding=\"async\" class=\"aligncenter size-large wp-image-53614\" src=\"https:\/\/portalmidia.net\/wp-content\/uploads\/2025\/07\/IMG_6686-600x400.jpeg\" alt=\"\" width=\"600\" height=\"400\" srcset=\"https:\/\/portalmidia.net\/wp-content\/uploads\/2025\/07\/IMG_6686-600x400.jpeg 600w, https:\/\/portalmidia.net\/wp-content\/uploads\/2025\/07\/IMG_6686-300x200.jpeg 300w, https:\/\/portalmidia.net\/wp-content\/uploads\/2025\/07\/IMG_6686-768x512.jpeg 768w, https:\/\/portalmidia.net\/wp-content\/uploads\/2025\/07\/IMG_6686-1536x1024.jpeg 1536w, https:\/\/portalmidia.net\/wp-content\/uploads\/2025\/07\/IMG_6686-150x100.jpeg 150w, https:\/\/portalmidia.net\/wp-content\/uploads\/2025\/07\/IMG_6686-330x220.jpeg 330w, https:\/\/portalmidia.net\/wp-content\/uploads\/2025\/07\/IMG_6686-420x280.jpeg 420w, https:\/\/portalmidia.net\/wp-content\/uploads\/2025\/07\/IMG_6686-510x340.jpeg 510w, https:\/\/portalmidia.net\/wp-content\/uploads\/2025\/07\/IMG_6686.jpeg 1620w\" sizes=\"(max-width: 600px) 100vw, 600px\" \/> <img decoding=\"async\" class=\"aligncenter size-large wp-image-53615\" src=\"https:\/\/portalmidia.net\/wp-content\/uploads\/2025\/07\/IMG_6685-600x449.jpeg\" alt=\"\" width=\"600\" height=\"449\" srcset=\"https:\/\/portalmidia.net\/wp-content\/uploads\/2025\/07\/IMG_6685-600x449.jpeg 600w, https:\/\/portalmidia.net\/wp-content\/uploads\/2025\/07\/IMG_6685-300x224.jpeg 300w, https:\/\/portalmidia.net\/wp-content\/uploads\/2025\/07\/IMG_6685-768x575.jpeg 768w, https:\/\/portalmidia.net\/wp-content\/uploads\/2025\/07\/IMG_6685-640x480.jpeg 640w, https:\/\/portalmidia.net\/wp-content\/uploads\/2025\/07\/IMG_6685-1000x750.jpeg 1000w, https:\/\/portalmidia.net\/wp-content\/uploads\/2025\/07\/IMG_6685.jpeg 1322w\" sizes=\"(max-width: 600px) 100vw, 600px\" \/> <img loading=\"lazy\" decoding=\"async\" class=\"aligncenter size-large wp-image-53616\" src=\"https:\/\/portalmidia.net\/wp-content\/uploads\/2025\/07\/IMG_6682-600x400.jpeg\" alt=\"\" width=\"600\" height=\"400\" srcset=\"https:\/\/portalmidia.net\/wp-content\/uploads\/2025\/07\/IMG_6682-600x400.jpeg 600w, https:\/\/portalmidia.net\/wp-content\/uploads\/2025\/07\/IMG_6682-300x200.jpeg 300w, https:\/\/portalmidia.net\/wp-content\/uploads\/2025\/07\/IMG_6682-768x512.jpeg 768w, https:\/\/portalmidia.net\/wp-content\/uploads\/2025\/07\/IMG_6682-1536x1024.jpeg 1536w, https:\/\/portalmidia.net\/wp-content\/uploads\/2025\/07\/IMG_6682-150x100.jpeg 150w, https:\/\/portalmidia.net\/wp-content\/uploads\/2025\/07\/IMG_6682-330x220.jpeg 330w, https:\/\/portalmidia.net\/wp-content\/uploads\/2025\/07\/IMG_6682-420x280.jpeg 420w, https:\/\/portalmidia.net\/wp-content\/uploads\/2025\/07\/IMG_6682-510x340.jpeg 510w, https:\/\/portalmidia.net\/wp-content\/uploads\/2025\/07\/IMG_6682.jpeg 1548w\" sizes=\"(max-width: 600px) 100vw, 600px\" \/> <img loading=\"lazy\" decoding=\"async\" class=\"aligncenter size-large wp-image-53617\" src=\"https:\/\/portalmidia.net\/wp-content\/uploads\/2025\/07\/IMG_6684-600x422.jpeg\" alt=\"\" width=\"600\" height=\"422\" srcset=\"https:\/\/portalmidia.net\/wp-content\/uploads\/2025\/07\/IMG_6684-600x422.jpeg 600w, https:\/\/portalmidia.net\/wp-content\/uploads\/2025\/07\/IMG_6684-300x211.jpeg 300w, https:\/\/portalmidia.net\/wp-content\/uploads\/2025\/07\/IMG_6684-768x540.jpeg 768w, https:\/\/portalmidia.net\/wp-content\/uploads\/2025\/07\/IMG_6684.jpeg 1231w\" sizes=\"(max-width: 600px) 100vw, 600px\" \/> <img loading=\"lazy\" decoding=\"async\" class=\"aligncenter size-large wp-image-53618\" src=\"https:\/\/portalmidia.net\/wp-content\/uploads\/2025\/07\/IMG_6681-600x400.jpeg\" alt=\"\" width=\"600\" height=\"400\" srcset=\"https:\/\/portalmidia.net\/wp-content\/uploads\/2025\/07\/IMG_6681-600x400.jpeg 600w, https:\/\/portalmidia.net\/wp-content\/uploads\/2025\/07\/IMG_6681-300x200.jpeg 300w, https:\/\/portalmidia.net\/wp-content\/uploads\/2025\/07\/IMG_6681-768x512.jpeg 768w, https:\/\/portalmidia.net\/wp-content\/uploads\/2025\/07\/IMG_6681-1536x1024.jpeg 1536w, https:\/\/portalmidia.net\/wp-content\/uploads\/2025\/07\/IMG_6681-150x100.jpeg 150w, https:\/\/portalmidia.net\/wp-content\/uploads\/2025\/07\/IMG_6681-330x220.jpeg 330w, https:\/\/portalmidia.net\/wp-content\/uploads\/2025\/07\/IMG_6681-420x280.jpeg 420w, https:\/\/portalmidia.net\/wp-content\/uploads\/2025\/07\/IMG_6681-510x340.jpeg 510w, https:\/\/portalmidia.net\/wp-content\/uploads\/2025\/07\/IMG_6681.jpeg 1620w\" sizes=\"(max-width: 600px) 100vw, 600px\" \/><\/p>\n<p>&nbsp;<\/p>\n<p>Fotos: Jos\u00e9 Marques<\/p>\n","protected":false},"excerpt":{"rendered":"<p>O governador Jo\u00e3o Azev\u00eado esteve, nesta quinta-feira (10), nos munic\u00edpios de Brejo dos Santos, Catol\u00e9 do Rocha e Brejo do Cruz, no Sert\u00e3o paraibano, oportunidade em que entregou obras de mobilidade urbana, educa\u00e7\u00e3o e sa\u00fade, que somam investimentos superiores a R$ 13,7 milh\u00f5es. A agenda do chefe do Executivo estadual foi iniciada em Brejo dos<\/p>\n","protected":false},"author":5,"featured_media":53612,"comment_status":"open","ping_status":"open","sticky":false,"template":"","format":"standard","meta":{"_eb_attr":"","footnotes":""},"categories":[3],"tags":[],"class_list":["post-53611","post","type-post","status-publish","format-standard","has-post-thumbnail","hentry","category-politica"],"_links":{"self":[{"href":"https:\/\/portalmidia.net\/index.php\/wp-json\/wp\/v2\/posts\/53611","targetHints":{"allow":["GET"]}}],"collection":[{"href":"https:\/\/portalmidia.net\/index.php\/wp-json\/wp\/v2\/posts"}],"about":[{"href":"https:\/\/portalmidia.net\/index.php\/wp-json\/wp\/v2\/types\/post"}],"author":[{"embeddable":true,"href":"https:\/\/portalmidia.net\/index.php\/wp-json\/wp\/v2\/users\/5"}],"replies":[{"embeddable":true,"href":"https:\/\/portalmidia.net\/index.php\/wp-json\/wp\/v2\/comments?post=53611"}],"version-history":[{"count":1,"href":"https:\/\/portalmidia.net\/index.php\/wp-json\/wp\/v2\/posts\/53611\/revisions"}],"predecessor-version":[{"id":53619,"href":"https:\/\/portalmidia.net\/index.php\/wp-json\/wp\/v2\/posts\/53611\/revisions\/53619"}],"wp:featuredmedia":[{"embeddable":true,"href":"https:\/\/portalmidia.net\/index.php\/wp-json\/wp\/v2\/media\/53612"}],"wp:attachment":[{"href":"https:\/\/portalmidia.net\/index.php\/wp-json\/wp\/v2\/media?parent=53611"}],"wp:term":[{"taxonomy":"category","embeddable":true,"href":"https:\/\/portalmidia.net\/index.php\/wp-json\/wp\/v2\/categories?post=53611"},{"taxonomy":"post_tag","embeddable":true,"href":"https:\/\/portalmidia.net\/index.php\/wp-json\/wp\/v2\/tags?post=53611"}],"curies":[{"name":"wp","href":"https:\/\/api.w.org\/{rel}","templated":true}]}}