 {"id":53894,"date":"2025-07-17T22:42:23","date_gmt":"2025-07-18T01:42:23","guid":{"rendered":"https:\/\/portalmidia.net\/?p=53894"},"modified":"2025-07-17T22:42:23","modified_gmt":"2025-07-18T01:42:23","slug":"marido-de-vereadora-de-lagoa-de-dentro-pb-morre-apos-passar-mal","status":"publish","type":"post","link":"https:\/\/portalmidia.net\/index.php\/2025\/07\/17\/marido-de-vereadora-de-lagoa-de-dentro-pb-morre-apos-passar-mal\/","title":{"rendered":"Marido de vereadora de Lagoa de Dentro-PB, morre ap\u00f3s passar mal"},"content":{"rendered":"<p>O marido da vereadora Beatriz Freire, da cidade de Lagoa de Dentro, morreu nesta quinta-feira (17), ap\u00f3s sentir-se mal. Igor, 26 anos chegou a ser socorrido mais n\u00e3o resistiu.<\/p>\n<p>N\u00e3o temos a informa\u00e7\u00e3o da causa da morte.<\/p>\n<p><a href=\"https:\/\/www.instagram.com\/reel\/DMOx5jiM99s\/?igsh=MWpkdHV1YWFzcnFnbQ==\"><br \/>\nhttps:\/\/www.instagram.com\/reel\/DMOx5jiM99s\/?igsh=MWpkdHV1YWFzcnFnbQ==<\/a><\/p>\n","protected":false},"excerpt":{"rendered":"<p>O marido da vereadora Beatriz Freire, da cidade de Lagoa de Dentro, morreu nesta quinta-feira (17), ap\u00f3s sentir-se mal. Igor, 26 anos chegou a ser socorrido mais n\u00e3o resistiu. N\u00e3o temos a informa\u00e7\u00e3o da causa da morte. https:\/\/www.instagram.com\/reel\/DMOx5jiM99s\/?igsh=MWpkdHV1YWFzcnFnbQ==<\/p>\n","protected":false},"author":5,"featured_media":53895,"comment_status":"open","ping_status":"open","sticky":false,"template":"","format":"standard","meta":{"_eb_attr":"","footnotes":""},"categories":[6],"tags":[],"class_list":["post-53894","post","type-post","status-publish","format-standard","has-post-thumbnail","hentry","category-sexualidade-e-comportamento"],"_links":{"self":[{"href":"https:\/\/portalmidia.net\/index.php\/wp-json\/wp\/v2\/posts\/53894","targetHints":{"allow":["GET"]}}],"collection":[{"href":"https:\/\/portalmidia.net\/index.php\/wp-json\/wp\/v2\/posts"}],"about":[{"href":"https:\/\/portalmidia.net\/index.php\/wp-json\/wp\/v2\/types\/post"}],"author":[{"embeddable":true,"href":"https:\/\/portalmidia.net\/index.php\/wp-json\/wp\/v2\/users\/5"}],"replies":[{"embeddable":true,"href":"https:\/\/portalmidia.net\/index.php\/wp-json\/wp\/v2\/comments?post=53894"}],"version-history":[{"count":1,"href":"https:\/\/portalmidia.net\/index.php\/wp-json\/wp\/v2\/posts\/53894\/revisions"}],"predecessor-version":[{"id":53896,"href":"https:\/\/portalmidia.net\/index.php\/wp-json\/wp\/v2\/posts\/53894\/revisions\/53896"}],"wp:featuredmedia":[{"embeddable":true,"href":"https:\/\/portalmidia.net\/index.php\/wp-json\/wp\/v2\/media\/53895"}],"wp:attachment":[{"href":"https:\/\/portalmidia.net\/index.php\/wp-json\/wp\/v2\/media?parent=53894"}],"wp:term":[{"taxonomy":"category","embeddable":true,"href":"https:\/\/portalmidia.net\/index.php\/wp-json\/wp\/v2\/categories?post=53894"},{"taxonomy":"post_tag","embeddable":true,"href":"https:\/\/portalmidia.net\/index.php\/wp-json\/wp\/v2\/tags?post=53894"}],"curies":[{"name":"wp","href":"https:\/\/api.w.org\/{rel}","templated":true}]}}