 {"id":53913,"date":"2025-07-18T08:53:36","date_gmt":"2025-07-18T11:53:36","guid":{"rendered":"https:\/\/portalmidia.net\/?p=53913"},"modified":"2025-07-18T08:53:36","modified_gmt":"2025-07-18T11:53:36","slug":"bolsonaro-tera-que-usar-a-tornozeleira-eletronica-e-esta-proibido-de-usar-redes-sociais","status":"publish","type":"post","link":"https:\/\/portalmidia.net\/index.php\/2025\/07\/18\/bolsonaro-tera-que-usar-a-tornozeleira-eletronica-e-esta-proibido-de-usar-redes-sociais\/","title":{"rendered":"Bolsonaro ter\u00e1 que usar a tornozeleira eletr\u00f4nica e est\u00e1 proibido de usar redes sociais"},"content":{"rendered":"<p>Al\u00e9m das buscas em endere\u00e7os ligados a ele, o ex-presidente Jair Bolsonaro (PL) foi alvo de medidas restritivas impostas pelo ministro do STF Alexandre de Moraes, relator do inqu\u00e9rito na Corte que aura suposta tentativa de golpe de Estado.<\/p>\n<p>O ministro Alexandre de Moraes ordenou ao cerca tr\u00eas medidas restritivas:<\/p>\n<p>uso de tornozeleira eletr\u00f4nica<\/p>\n<p>proibi\u00e7\u00e3o de contato com o filho Eduardo Bolsonaro<\/p>\n<p>proibi\u00e7\u00e3o de redes sociais.<\/p>\n","protected":false},"excerpt":{"rendered":"<p>Al\u00e9m das buscas em endere\u00e7os ligados a ele, o ex-presidente Jair Bolsonaro (PL) foi alvo de medidas restritivas impostas pelo ministro do STF Alexandre de Moraes, relator do inqu\u00e9rito na Corte que aura suposta tentativa de golpe de Estado. O ministro Alexandre de Moraes ordenou ao cerca tr\u00eas medidas restritivas: uso de tornozeleira eletr\u00f4nica proibi\u00e7\u00e3o<\/p>\n","protected":false},"author":5,"featured_media":53914,"comment_status":"open","ping_status":"open","sticky":false,"template":"","format":"standard","meta":{"_eb_attr":"","footnotes":""},"categories":[3],"tags":[],"class_list":["post-53913","post","type-post","status-publish","format-standard","has-post-thumbnail","hentry","category-politica"],"_links":{"self":[{"href":"https:\/\/portalmidia.net\/index.php\/wp-json\/wp\/v2\/posts\/53913","targetHints":{"allow":["GET"]}}],"collection":[{"href":"https:\/\/portalmidia.net\/index.php\/wp-json\/wp\/v2\/posts"}],"about":[{"href":"https:\/\/portalmidia.net\/index.php\/wp-json\/wp\/v2\/types\/post"}],"author":[{"embeddable":true,"href":"https:\/\/portalmidia.net\/index.php\/wp-json\/wp\/v2\/users\/5"}],"replies":[{"embeddable":true,"href":"https:\/\/portalmidia.net\/index.php\/wp-json\/wp\/v2\/comments?post=53913"}],"version-history":[{"count":1,"href":"https:\/\/portalmidia.net\/index.php\/wp-json\/wp\/v2\/posts\/53913\/revisions"}],"predecessor-version":[{"id":53915,"href":"https:\/\/portalmidia.net\/index.php\/wp-json\/wp\/v2\/posts\/53913\/revisions\/53915"}],"wp:featuredmedia":[{"embeddable":true,"href":"https:\/\/portalmidia.net\/index.php\/wp-json\/wp\/v2\/media\/53914"}],"wp:attachment":[{"href":"https:\/\/portalmidia.net\/index.php\/wp-json\/wp\/v2\/media?parent=53913"}],"wp:term":[{"taxonomy":"category","embeddable":true,"href":"https:\/\/portalmidia.net\/index.php\/wp-json\/wp\/v2\/categories?post=53913"},{"taxonomy":"post_tag","embeddable":true,"href":"https:\/\/portalmidia.net\/index.php\/wp-json\/wp\/v2\/tags?post=53913"}],"curies":[{"name":"wp","href":"https:\/\/api.w.org\/{rel}","templated":true}]}}