 {"id":53916,"date":"2025-07-18T09:32:04","date_gmt":"2025-07-18T12:32:04","guid":{"rendered":"https:\/\/portalmidia.net\/?p=53916"},"modified":"2025-07-18T09:32:04","modified_gmt":"2025-07-18T12:32:04","slug":"moraes-proibe-jair-bolsonaro-de-falar-com-filho-eduardo","status":"publish","type":"post","link":"https:\/\/portalmidia.net\/index.php\/2025\/07\/18\/moraes-proibe-jair-bolsonaro-de-falar-com-filho-eduardo\/","title":{"rendered":"Moraes pro\u00edbe Jair Bolsonaro de falar com filho Eduardo"},"content":{"rendered":"<p>O ex-presidente Jair Bolsonaro foi alvo de um mandado de busca e apreens\u00e3o pela Pol\u00edcia Federal na manh\u00e3 desta sexta-feira (18). Na medida, o ministro Alexandre de Moraes, do Supremo Tribunal Federal, determinou ainda a proibi\u00e7\u00e3o de Jair Bolsonaro usar suas redes sociais, e de se comunicar com seu filho, o deputado federal Eduardo Bolsonaro (PL-SP), que est\u00e1 atualmente nos EUA.<\/p>\n<p>\u201cA Pol\u00edcia Federal cumpriu, nesta sexta-feira (18\/7), em Bras\u00edlia, dois mandados de busca e apreens\u00e3o, al\u00e9m de medidas cautelares diversas da pris\u00e3o, em cumprimento a decis\u00e3o do Supremo Tribunal Federal, no \u00e2mbito da PET n.\u00ba 14129\u201d, disse a PF em nota.<\/p>\n<p>Aguarde mais informa\u00e7\u00f5es<\/p>\n<p>&nbsp;<\/p>\n<p>&nbsp;<\/p>\n<p>Metropoles<\/p>\n","protected":false},"excerpt":{"rendered":"<p>O ex-presidente Jair Bolsonaro foi alvo de um mandado de busca e apreens\u00e3o pela Pol\u00edcia Federal na manh\u00e3 desta sexta-feira (18). Na medida, o ministro Alexandre de Moraes, do Supremo Tribunal Federal, determinou ainda a proibi\u00e7\u00e3o de Jair Bolsonaro usar suas redes sociais, e de se comunicar com seu filho, o deputado federal Eduardo Bolsonaro<\/p>\n","protected":false},"author":5,"featured_media":53917,"comment_status":"open","ping_status":"open","sticky":false,"template":"","format":"standard","meta":{"_eb_attr":"","footnotes":""},"categories":[6],"tags":[],"class_list":["post-53916","post","type-post","status-publish","format-standard","has-post-thumbnail","hentry","category-sexualidade-e-comportamento"],"_links":{"self":[{"href":"https:\/\/portalmidia.net\/index.php\/wp-json\/wp\/v2\/posts\/53916","targetHints":{"allow":["GET"]}}],"collection":[{"href":"https:\/\/portalmidia.net\/index.php\/wp-json\/wp\/v2\/posts"}],"about":[{"href":"https:\/\/portalmidia.net\/index.php\/wp-json\/wp\/v2\/types\/post"}],"author":[{"embeddable":true,"href":"https:\/\/portalmidia.net\/index.php\/wp-json\/wp\/v2\/users\/5"}],"replies":[{"embeddable":true,"href":"https:\/\/portalmidia.net\/index.php\/wp-json\/wp\/v2\/comments?post=53916"}],"version-history":[{"count":1,"href":"https:\/\/portalmidia.net\/index.php\/wp-json\/wp\/v2\/posts\/53916\/revisions"}],"predecessor-version":[{"id":53918,"href":"https:\/\/portalmidia.net\/index.php\/wp-json\/wp\/v2\/posts\/53916\/revisions\/53918"}],"wp:featuredmedia":[{"embeddable":true,"href":"https:\/\/portalmidia.net\/index.php\/wp-json\/wp\/v2\/media\/53917"}],"wp:attachment":[{"href":"https:\/\/portalmidia.net\/index.php\/wp-json\/wp\/v2\/media?parent=53916"}],"wp:term":[{"taxonomy":"category","embeddable":true,"href":"https:\/\/portalmidia.net\/index.php\/wp-json\/wp\/v2\/categories?post=53916"},{"taxonomy":"post_tag","embeddable":true,"href":"https:\/\/portalmidia.net\/index.php\/wp-json\/wp\/v2\/tags?post=53916"}],"curies":[{"name":"wp","href":"https:\/\/api.w.org\/{rel}","templated":true}]}}