 {"id":54083,"date":"2025-07-23T22:55:19","date_gmt":"2025-07-24T01:55:19","guid":{"rendered":"https:\/\/portalmidia.net\/?p=54083"},"modified":"2025-07-23T23:28:46","modified_gmt":"2025-07-24T02:28:46","slug":"secretaria-de-acao-social-de-belem-pb-fala-sobre-o-caso-do-casal-que-estava-morando-em-residencia-improvisada-num-abrigo-abandonado-no-cemiterio","status":"publish","type":"post","link":"https:\/\/portalmidia.net\/index.php\/2025\/07\/23\/secretaria-de-acao-social-de-belem-pb-fala-sobre-o-caso-do-casal-que-estava-morando-em-residencia-improvisada-num-abrigo-abandonado-no-cemiterio\/","title":{"rendered":"Secret\u00e1ria de a\u00e7\u00e3o social de Bel\u00e9m-PB, fala sobre o caso do casal que estava morando em jazigo abandonado no cemit\u00e9rio"},"content":{"rendered":"<p data-start=\"394\" data-end=\"769\">Um caso inusitado e preocupante chamou a aten\u00e7\u00e3o da popula\u00e7\u00e3o de Bel\u00e9m, no Brejo Paraibano, nesta semana. Um casal foi flagrado morando em condi\u00e7\u00f5es prec\u00e1rias dentro de um jazigo abandonado no cemit\u00e9rio municipal. A den\u00fancia, que circulou nas redes sociais por meio de v\u00eddeos e relatos da popula\u00e7\u00e3o local, levantou questionamentos sobre abandono social e assist\u00eancia p\u00fablica.<\/p>\n<p data-start=\"771\" data-end=\"1028\">Para esclarecer a situa\u00e7\u00e3o, a secret\u00e1ria de Desenvolvimento Social do munic\u00edpio, <strong data-start=\"852\" data-end=\"871\">Viviane Barbosa<\/strong>, concedeu entrevista na manh\u00e3 desta quarta-feira (23), no programa <em data-start=\"939\" data-end=\"956\">Caf\u00e9 e Not\u00edcias<\/em>, apresentado pela jornalista Michele Marques, na <strong data-start=\"1006\" data-end=\"1026\">R\u00e1dio Sofesta FM<\/strong>.<\/p>\n<p data-start=\"1030\" data-end=\"1399\">Durante a conversa, Viviane relatou que o casal \u00e9 conhecido da equipe da Assist\u00eancia Social e que <strong data-start=\"1128\" data-end=\"1176\">ambos j\u00e1 recebem acompanhamento do munic\u00edpio<\/strong>. A mulher, segundo a secret\u00e1ria, \u00e9 cantora e <strong data-start=\"1222\" data-end=\"1246\">\u00e9 atendida pelo CRAS<\/strong> \u2013 Centro de Refer\u00eancia da Assist\u00eancia Social \u2013 e j\u00e1 foi, inclusive, <strong data-start=\"1315\" data-end=\"1366\">contemplada por um programa de habita\u00e7\u00e3o social<\/strong> oferecido pela gest\u00e3o municipal.<\/p>\n<blockquote data-start=\"1401\" data-end=\"1581\">\n<p data-start=\"1403\" data-end=\"1581\">\u201cEles s\u00e3o usu\u00e1rios de drogas, j\u00e1 foram internados em uma cl\u00ednica de recupera\u00e7\u00e3o, mas infelizmente decidiram sair por conta pr\u00f3pria, interrompendo o tratamento\u201d, destacou Viviane.<\/p>\n<\/blockquote>\n<p data-start=\"1583\" data-end=\"1907\">Ainda segundo a secret\u00e1ria, o munic\u00edpio segue oferecendo suporte, mas <strong data-start=\"1653\" data-end=\"1719\">enfrenta limites diante das decis\u00f5es individuais dos atendidos<\/strong>, especialmente em casos de depend\u00eancia qu\u00edmica. A situa\u00e7\u00e3o do casal refor\u00e7a o desafio de pol\u00edticas p\u00fablicas que atuam na interse\u00e7\u00e3o entre sa\u00fade mental, assist\u00eancia social e moradia digna.<\/p>\n<p data-start=\"1909\" data-end=\"2135\">A reportagem completa com o \u00e1udio da entrevista est\u00e1 dispon\u00edvel no perfil oficial da R\u00e1dio Sofesta FM.<br data-start=\"2011\" data-end=\"2014\" \/>\ud83c\udfa7 Ou\u00e7a aqui: <a class=\"\" href=\"https:\/\/www.instagram.com\/reel\/DMeMkglsmi9\/?igsh=MWR0dDFvZWFmbWU4Mw%3D%3D\" target=\"_new\" rel=\"noopener\" data-start=\"2028\" data-end=\"2135\">Entrevista com Viviane Barbosa<\/a><\/p>\n<p data-start=\"1909\" data-end=\"2135\"><em data-start=\"3473\" data-end=\"3525\">Reportagem: Calvin Santana<\/em><br data-start=\"3525\" data-end=\"3528\" \/><em data-start=\"3531\" data-end=\"3579\">Portal TV M\u00eddia \u2013 Informa\u00e7\u00e3o com credibilidade<\/em><\/p>\n","protected":false},"excerpt":{"rendered":"<p>Um caso inusitado e preocupante chamou a aten\u00e7\u00e3o da popula\u00e7\u00e3o de Bel\u00e9m, no Brejo Paraibano, nesta semana. Um casal foi flagrado morando em condi\u00e7\u00f5es prec\u00e1rias dentro de um jazigo abandonado no cemit\u00e9rio municipal. A den\u00fancia, que circulou nas redes sociais por meio de v\u00eddeos e relatos da popula\u00e7\u00e3o local, levantou questionamentos sobre abandono social e<\/p>\n","protected":false},"author":1,"featured_media":54085,"comment_status":"open","ping_status":"open","sticky":false,"template":"","format":"standard","meta":{"_eb_attr":"","footnotes":""},"categories":[7,6],"tags":[834,583],"class_list":["post-54083","post","type-post","status-publish","format-standard","has-post-thumbnail","hentry","category-destaque","category-sexualidade-e-comportamento","tag-assistencia-social","tag-belem"],"_links":{"self":[{"href":"https:\/\/portalmidia.net\/index.php\/wp-json\/wp\/v2\/posts\/54083","targetHints":{"allow":["GET"]}}],"collection":[{"href":"https:\/\/portalmidia.net\/index.php\/wp-json\/wp\/v2\/posts"}],"about":[{"href":"https:\/\/portalmidia.net\/index.php\/wp-json\/wp\/v2\/types\/post"}],"author":[{"embeddable":true,"href":"https:\/\/portalmidia.net\/index.php\/wp-json\/wp\/v2\/users\/1"}],"replies":[{"embeddable":true,"href":"https:\/\/portalmidia.net\/index.php\/wp-json\/wp\/v2\/comments?post=54083"}],"version-history":[{"count":6,"href":"https:\/\/portalmidia.net\/index.php\/wp-json\/wp\/v2\/posts\/54083\/revisions"}],"predecessor-version":[{"id":54091,"href":"https:\/\/portalmidia.net\/index.php\/wp-json\/wp\/v2\/posts\/54083\/revisions\/54091"}],"wp:featuredmedia":[{"embeddable":true,"href":"https:\/\/portalmidia.net\/index.php\/wp-json\/wp\/v2\/media\/54085"}],"wp:attachment":[{"href":"https:\/\/portalmidia.net\/index.php\/wp-json\/wp\/v2\/media?parent=54083"}],"wp:term":[{"taxonomy":"category","embeddable":true,"href":"https:\/\/portalmidia.net\/index.php\/wp-json\/wp\/v2\/categories?post=54083"},{"taxonomy":"post_tag","embeddable":true,"href":"https:\/\/portalmidia.net\/index.php\/wp-json\/wp\/v2\/tags?post=54083"}],"curies":[{"name":"wp","href":"https:\/\/api.w.org\/{rel}","templated":true}]}}