 {"id":54278,"date":"2025-07-28T19:40:15","date_gmt":"2025-07-28T22:40:15","guid":{"rendered":"https:\/\/portalmidia.net\/?p=54278"},"modified":"2025-07-28T22:34:30","modified_gmt":"2025-07-29T01:34:30","slug":"guarabira-perde-prestigio-e-pela-primeira-vez-nao-sera-sede-da-plenaria-do-ode","status":"publish","type":"post","link":"https:\/\/portalmidia.net\/index.php\/2025\/07\/28\/guarabira-perde-prestigio-e-pela-primeira-vez-nao-sera-sede-da-plenaria-do-ode\/","title":{"rendered":"Guarabira n\u00e3o sediar\u00e1 plen\u00e1ria do ODE pela primeira vez"},"content":{"rendered":"<p data-start=\"131\" data-end=\"153\"><strong data-start=\"131\" data-end=\"153\">Por Calvin Santana<\/strong><\/p>\n<p data-start=\"155\" data-end=\"457\"><strong data-start=\"155\" data-end=\"194\">Guarabira (PB), no \u00faltimo dia 25 de julho de 2025<\/strong> \u2013 Pela primeira vez, a cidade de Guarabira n\u00e3o sediar\u00e1 a plen\u00e1ria do Or\u00e7amento Democr\u00e1tico Estadual (ODE), uma decis\u00e3o que acende o debate sobre o prest\u00edgio pol\u00edtico e estrat\u00e9gico da maior cidade do Brejo da Para\u00edba.<\/p>\n<p data-start=\"459\" data-end=\"535\"><span class=\"relative -mx-px my-[-0.2rem] rounded px-px py-[0.2rem] transition-colors duration-100 ease-in-out\">A retirada do evento municipal, que tradicionalmente acontecia em Guarabira por sua localiza\u00e7\u00e3o geogr\u00e1fica privilegiada, surpreendeu moradores e lideran\u00e7as locais. O governo estadual ainda n\u00e3o apresentou justificativas oficiais para a mudan\u00e7a de sede.<\/span><\/p>\n<p data-start=\"537\" data-end=\"613\"><span class=\"relative -mx-px my-[-0.2rem] rounded px-px py-[0.2rem] transition-colors duration-100 ease-in-out\">Segundo relato recente, mesmo com o apoio de quatro vereadores do PSB e um do Republicanos, a iniciativa n\u00e3o foi suficiente para que a plen\u00e1ria se mantivesse na cidade<\/span><\/p>\n<p data-start=\"537\" data-end=\"613\"><span class=\"\" data-state=\"closed\"><span class=\"ms-1 inline-flex max-w-full items-center relative top-[-0.094rem] animate-[show_150ms_ease-in]\">A mudan\u00e7a representa um sinal de alerta: Guarabira, que sempre foi considerada polo regio<\/span><\/span>nal de educa\u00e7\u00e3o, sa\u00fade e presta\u00e7\u00e3o de servi\u00e7os, agora precisa enfrentar questionamentos sobre sua representatividade pol\u00edtica e influ\u00eancia nos debates do or\u00e7amento p\u00fablico.<\/p>\n<h3 data-start=\"693\" data-end=\"719\">Repercuss\u00f5es locais<\/h3>\n<p data-start=\"721\" data-end=\"797\"><span class=\"relative -mx-px my-[-0.2rem] rounded px-px py-[0.2rem] transition-colors duration-100 ease-in-out\">Nas redes sociais e conversas entre autoridades, cresce a insatisfa\u00e7\u00e3o com a aus\u00eancia de explica\u00e7\u00e3o oficial e com a percep\u00e7\u00e3o de que a cidade perdeu protagonismo. \u201cFalta de prest\u00edgio\u201d tem sido o principal tema em destaque. <\/span><span class=\"relative -mx-px my-[-0.2rem] rounded px-px py-[0.2rem] transition-colors duration-100 ease-in-out\">Para muitos, a aus\u00eancia da plen\u00e1ria no calend\u00e1rio pol\u00edtico deixa a cidade fora dos holofotes, especialmente porque a &#8216;Rainha do Brejo&#8217; sempre se posicionou como centro de converg\u00eancia dos munic\u00edpios vizinhos.<\/span><\/p>\n<h3 data-start=\"1127\" data-end=\"1158\"><strong data-start=\"1131\" data-end=\"1158\">Contexto e expectativas<\/strong><\/h3>\n<p data-start=\"1160\" data-end=\"1240\"><span class=\"relative -mx-px my-[-0.2rem] rounded px-px py-[0.2rem] transition-colors duration-100 ease-in-out\">Guarabira vinha se consolidando como cidade polo no Brejo paraibano, com infraestrutura educacional e de sa\u00fade, al\u00e9m de presen\u00e7a de \u00f3rg\u00e3os estaduais como Corpo de Bombeiros e Pol\u00edcias Civil e Militar. <\/span>A expectativa agora recai sobre os pr\u00f3ximos passos do governo do estado: se a plen\u00e1ria realmente ocorrer\u00e1 em outra cidade, quais crit\u00e9rios nortearam essa decis\u00e3o e como Guarabira reagir\u00e1 politicamente.<\/p>\n<p><em data-start=\"3473\" data-end=\"3525\">Reportagem: Calvin Santana<\/em><br data-start=\"3525\" data-end=\"3528\" \/><em data-start=\"3531\" data-end=\"3579\">Portal TV M\u00eddia \u2013 Informa\u00e7\u00e3o com credibilidade<\/em><\/p>\n","protected":false},"excerpt":{"rendered":"<p>Por Calvin Santana Guarabira (PB), no \u00faltimo dia 25 de julho de 2025 \u2013 Pela primeira vez, a cidade de Guarabira n\u00e3o sediar\u00e1 a plen\u00e1ria do Or\u00e7amento Democr\u00e1tico Estadual (ODE), uma decis\u00e3o que acende o debate sobre o prest\u00edgio pol\u00edtico e estrat\u00e9gico da maior cidade do Brejo da Para\u00edba. A retirada do evento municipal, que<\/p>\n","protected":false},"author":1,"featured_media":54279,"comment_status":"open","ping_status":"open","sticky":false,"template":"","format":"standard","meta":{"_eb_attr":"","footnotes":""},"categories":[7,3],"tags":[31,734,510],"class_list":["post-54278","post","type-post","status-publish","format-standard","has-post-thumbnail","hentry","category-destaque","category-politica","tag-guarabira","tag-ode","tag-politica"],"_links":{"self":[{"href":"https:\/\/portalmidia.net\/index.php\/wp-json\/wp\/v2\/posts\/54278","targetHints":{"allow":["GET"]}}],"collection":[{"href":"https:\/\/portalmidia.net\/index.php\/wp-json\/wp\/v2\/posts"}],"about":[{"href":"https:\/\/portalmidia.net\/index.php\/wp-json\/wp\/v2\/types\/post"}],"author":[{"embeddable":true,"href":"https:\/\/portalmidia.net\/index.php\/wp-json\/wp\/v2\/users\/1"}],"replies":[{"embeddable":true,"href":"https:\/\/portalmidia.net\/index.php\/wp-json\/wp\/v2\/comments?post=54278"}],"version-history":[{"count":3,"href":"https:\/\/portalmidia.net\/index.php\/wp-json\/wp\/v2\/posts\/54278\/revisions"}],"predecessor-version":[{"id":54285,"href":"https:\/\/portalmidia.net\/index.php\/wp-json\/wp\/v2\/posts\/54278\/revisions\/54285"}],"wp:featuredmedia":[{"embeddable":true,"href":"https:\/\/portalmidia.net\/index.php\/wp-json\/wp\/v2\/media\/54279"}],"wp:attachment":[{"href":"https:\/\/portalmidia.net\/index.php\/wp-json\/wp\/v2\/media?parent=54278"}],"wp:term":[{"taxonomy":"category","embeddable":true,"href":"https:\/\/portalmidia.net\/index.php\/wp-json\/wp\/v2\/categories?post=54278"},{"taxonomy":"post_tag","embeddable":true,"href":"https:\/\/portalmidia.net\/index.php\/wp-json\/wp\/v2\/tags?post=54278"}],"curies":[{"name":"wp","href":"https:\/\/api.w.org\/{rel}","templated":true}]}}