 {"id":54286,"date":"2025-07-28T23:00:05","date_gmt":"2025-07-29T02:00:05","guid":{"rendered":"https:\/\/portalmidia.net\/?p=54286"},"modified":"2025-07-28T23:00:47","modified_gmt":"2025-07-29T02:00:47","slug":"prefeita-de-belem-participa-de-reuniao-do-orcamento-democratico-e-destaca-importancia-da-escuta-popular","status":"publish","type":"post","link":"https:\/\/portalmidia.net\/index.php\/2025\/07\/28\/prefeita-de-belem-participa-de-reuniao-do-orcamento-democratico-e-destaca-importancia-da-escuta-popular\/","title":{"rendered":"Prefeita de Bel\u00e9m participa de reuni\u00e3o do Or\u00e7amento Democr\u00e1tico e destaca import\u00e2ncia da escuta popular"},"content":{"rendered":"<p><strong>Por Calvin Santana<\/strong><\/p>\n<p>A prefeita do munic\u00edpio de <strong data-start=\"331\" data-end=\"355\">Bel\u00e9m, Aline Barbosa<\/strong>, usou as redes sociais nesta segunda-feira (29) para destacar sua participa\u00e7\u00e3o na <strong data-start=\"438\" data-end=\"502\">Reuni\u00e3o Preparat\u00f3ria do Or\u00e7amento Democr\u00e1tico Estadual (ODE)<\/strong>, um dos principais instrumentos de escuta e planejamento participativo do Governo da Para\u00edba.<\/p>\n<p data-start=\"598\" data-end=\"793\">Segundo Aline, o momento foi marcado por <strong data-start=\"639\" data-end=\"686\">di\u00e1logo, escuta ativa e constru\u00e7\u00e3o coletiva<\/strong>, refor\u00e7ando o papel fundamental da popula\u00e7\u00e3o na defini\u00e7\u00e3o de prioridades para o desenvolvimento do estado.<\/p>\n<blockquote data-start=\"795\" data-end=\"937\">\n<p data-start=\"797\" data-end=\"937\">\u201cSeguimos firmes na luta por mais participa\u00e7\u00e3o, transpar\u00eancia e compromisso com o bem comum\u201d, escreveu a gestora em seu perfil no Instagram.<\/p>\n<\/blockquote>\n<p data-start=\"939\" data-end=\"1110\">A reuni\u00e3o preparat\u00f3ria antecede as plen\u00e1rias do ODE, que re\u00fanem representantes de diversos munic\u00edpios para apresentar demandas e sugest\u00f5es diretamente ao governo estadual.<\/p>\n<p data-start=\"1112\" data-end=\"1316\">A presen\u00e7a da prefeita na reuni\u00e3o refor\u00e7a o <strong data-start=\"1156\" data-end=\"1243\">comprometimento da gest\u00e3o de Bel\u00e9m com a transpar\u00eancia e com o protagonismo popular<\/strong>, elementos centrais do processo democr\u00e1tico e da gest\u00e3o p\u00fablica moderna.<\/p>\n<p data-start=\"1318\" data-end=\"1501\">A cidade de Bel\u00e9m tem se destacado por buscar recursos, investimentos e melhorias por meio do di\u00e1logo com o Governo do Estado, e a participa\u00e7\u00e3o no ODE \u00e9 mais uma etapa nesse processo.<\/p>\n<p data-start=\"1318\" data-end=\"1501\"><em data-start=\"3473\" data-end=\"3525\">Reportagem: Calvin Santana<\/em><br data-start=\"3525\" data-end=\"3528\" \/><em data-start=\"3531\" data-end=\"3579\">Portal TV M\u00eddia \u2013 Informa\u00e7\u00e3o com credibilidade<\/em><\/p>\n","protected":false},"excerpt":{"rendered":"<p>Por Calvin Santana A prefeita do munic\u00edpio de Bel\u00e9m, Aline Barbosa, usou as redes sociais nesta segunda-feira (29) para destacar sua participa\u00e7\u00e3o na Reuni\u00e3o Preparat\u00f3ria do Or\u00e7amento Democr\u00e1tico Estadual (ODE), um dos principais instrumentos de escuta e planejamento participativo do Governo da Para\u00edba. Segundo Aline, o momento foi marcado por di\u00e1logo, escuta ativa e constru\u00e7\u00e3o<\/p>\n","protected":false},"author":1,"featured_media":54287,"comment_status":"open","ping_status":"open","sticky":false,"template":"","format":"standard","meta":{"_eb_attr":"","footnotes":""},"categories":[7,3],"tags":[583,734,510],"class_list":["post-54286","post","type-post","status-publish","format-standard","has-post-thumbnail","hentry","category-destaque","category-politica","tag-belem","tag-ode","tag-politica"],"_links":{"self":[{"href":"https:\/\/portalmidia.net\/index.php\/wp-json\/wp\/v2\/posts\/54286","targetHints":{"allow":["GET"]}}],"collection":[{"href":"https:\/\/portalmidia.net\/index.php\/wp-json\/wp\/v2\/posts"}],"about":[{"href":"https:\/\/portalmidia.net\/index.php\/wp-json\/wp\/v2\/types\/post"}],"author":[{"embeddable":true,"href":"https:\/\/portalmidia.net\/index.php\/wp-json\/wp\/v2\/users\/1"}],"replies":[{"embeddable":true,"href":"https:\/\/portalmidia.net\/index.php\/wp-json\/wp\/v2\/comments?post=54286"}],"version-history":[{"count":2,"href":"https:\/\/portalmidia.net\/index.php\/wp-json\/wp\/v2\/posts\/54286\/revisions"}],"predecessor-version":[{"id":54289,"href":"https:\/\/portalmidia.net\/index.php\/wp-json\/wp\/v2\/posts\/54286\/revisions\/54289"}],"wp:featuredmedia":[{"embeddable":true,"href":"https:\/\/portalmidia.net\/index.php\/wp-json\/wp\/v2\/media\/54287"}],"wp:attachment":[{"href":"https:\/\/portalmidia.net\/index.php\/wp-json\/wp\/v2\/media?parent=54286"}],"wp:term":[{"taxonomy":"category","embeddable":true,"href":"https:\/\/portalmidia.net\/index.php\/wp-json\/wp\/v2\/categories?post=54286"},{"taxonomy":"post_tag","embeddable":true,"href":"https:\/\/portalmidia.net\/index.php\/wp-json\/wp\/v2\/tags?post=54286"}],"curies":[{"name":"wp","href":"https:\/\/api.w.org\/{rel}","templated":true}]}}