 {"id":54428,"date":"2025-08-01T21:18:39","date_gmt":"2025-08-02T00:18:39","guid":{"rendered":"https:\/\/portalmidia.net\/?p=54428"},"modified":"2025-08-01T21:19:39","modified_gmt":"2025-08-02T00:19:39","slug":"lucas-ribeiro-quebra-o-silencio-sobre-sucessao-de-joao-azevedo-e-possivel-disputa-com-cicero-lucena","status":"publish","type":"post","link":"https:\/\/portalmidia.net\/index.php\/2025\/08\/01\/lucas-ribeiro-quebra-o-silencio-sobre-sucessao-de-joao-azevedo-e-possivel-disputa-com-cicero-lucena\/","title":{"rendered":"Lucas Ribeiro quebra o sil\u00eancio sobre sucess\u00e3o de Jo\u00e3o Azev\u00eado e poss\u00edvel disputa com C\u00edcero Lucena"},"content":{"rendered":"<h3 data-start=\"522\" data-end=\"584\">Reportagem exclusiva para o Portal M\u00eddia<\/h3>\n<p data-start=\"586\" data-end=\"911\"><strong data-start=\"586\" data-end=\"628\">Jo\u00e3o Pessoa (PB), 1\u00ba de agosto de 2025<\/strong> \u2013 A corrida pelo Pal\u00e1cio da Reden\u00e7\u00e3o come\u00e7a a se desenhar nos bastidores da pol\u00edtica paraibana. Com o encerramento do segundo mandato do governador <strong data-start=\"777\" data-end=\"793\">Jo\u00e3o Azev\u00eado<\/strong> em 2026, o grupo governista deve lan\u00e7ar um nome forte para manter o projeto pol\u00edtico que governa o estado desde 2011.<\/p>\n<p data-start=\"913\" data-end=\"1128\">Entre os nomes mais cotados est\u00e3o o do atual vice-governador <strong data-start=\"974\" data-end=\"996\">Lucas Ribeiro (PP)<\/strong> e o do prefeito de Jo\u00e3o Pessoa, <strong data-start=\"1029\" data-end=\"1051\">C\u00edcero Lucena (PP)<\/strong> \u2014 ambos aliados, mas tamb\u00e9m potenciais advers\u00e1rios na disputa pela sucess\u00e3o.<\/p>\n<p data-start=\"1130\" data-end=\"1395\">Em entrevista exclusiva ao rep\u00f3rter <strong data-start=\"1166\" data-end=\"1184\">Calvin Santana<\/strong>, do <strong data-start=\"1189\" data-end=\"1205\">Portal M\u00eddia<\/strong>, Lucas Ribeiro falou pela primeira vez de forma mais direta sobre a possibilidade de disputar o Governo do Estado, sua rela\u00e7\u00e3o com C\u00edcero e a vis\u00e3o que tem da Para\u00edba para os pr\u00f3ximos anos.<\/p>\n<p data-start=\"1130\" data-end=\"1395\">Entrevista com Lucas Ribeiro<\/p>\n<p data-start=\"1444\" data-end=\"1892\"><strong data-start=\"1444\" data-end=\"1463\">Calvin Santana:<\/strong> Vice-governador, seu nome aparece com frequ\u00eancia nas articula\u00e7\u00f5es sobre a sucess\u00e3o de Jo\u00e3o Azev\u00eado. O senhor se considera pr\u00e9-candidato ao Governo da Para\u00edba?<br \/>\n<strong data-start=\"1625\" data-end=\"1643\">Lucas Ribeiro:<\/strong><br data-start=\"1643\" data-end=\"1646\" \/>O que existe, neste momento, \u00e9 uma constru\u00e7\u00e3o coletiva. Tenho orgulho de fazer parte da equipe que tem transformado a Para\u00edba, mas ainda \u00e9 cedo para falar em candidatura. Nosso foco \u00e9 concluir bem esse governo e entregar tudo o que foi prometido.<\/p>\n<p data-start=\"3829\" data-end=\"4086\"><strong data-start=\"3829\" data-end=\"3840\">Calvin Santana:<\/strong> O senhor est\u00e1 pronto para ser o candidato do governador?<br data-start=\"3897\" data-end=\"3900\" \/><strong data-start=\"3900\" data-end=\"3910\">Lucas Ribeiro: <\/strong>Estou pronto para servir \u00e0 Para\u00edba. Se for da vontade do grupo e da popula\u00e7\u00e3o, estarei preparado. Mas tudo ser\u00e1 definido no momento certo, com serenidade e responsabilidade.<\/p>\n<p data-start=\"3829\" data-end=\"4086\"><em data-start=\"3473\" data-end=\"3525\">Reportagem: Calvin Santana<\/em><br data-start=\"3525\" data-end=\"3528\" \/><em data-start=\"3531\" data-end=\"3579\">Portal M\u00eddia \u2013 Informa\u00e7\u00e3o com credibilidade<\/em><\/p>\n","protected":false},"excerpt":{"rendered":"<p>Reportagem exclusiva para o Portal M\u00eddia Jo\u00e3o Pessoa (PB), 1\u00ba de agosto de 2025 \u2013 A corrida pelo Pal\u00e1cio da Reden\u00e7\u00e3o come\u00e7a a se desenhar nos bastidores da pol\u00edtica paraibana. Com o encerramento do segundo mandato do governador Jo\u00e3o Azev\u00eado em 2026, o grupo governista deve lan\u00e7ar um nome forte para manter o projeto pol\u00edtico<\/p>\n","protected":false},"author":1,"featured_media":54434,"comment_status":"open","ping_status":"open","sticky":false,"template":"","format":"standard","meta":{"_eb_attr":"","footnotes":""},"categories":[7,3],"tags":[587,31,868],"class_list":["post-54428","post","type-post","status-publish","format-standard","has-post-thumbnail","hentry","category-destaque","category-politica","tag-eleicoes-2026","tag-guarabira","tag-lucas-ribeiro"],"_links":{"self":[{"href":"https:\/\/portalmidia.net\/index.php\/wp-json\/wp\/v2\/posts\/54428","targetHints":{"allow":["GET"]}}],"collection":[{"href":"https:\/\/portalmidia.net\/index.php\/wp-json\/wp\/v2\/posts"}],"about":[{"href":"https:\/\/portalmidia.net\/index.php\/wp-json\/wp\/v2\/types\/post"}],"author":[{"embeddable":true,"href":"https:\/\/portalmidia.net\/index.php\/wp-json\/wp\/v2\/users\/1"}],"replies":[{"embeddable":true,"href":"https:\/\/portalmidia.net\/index.php\/wp-json\/wp\/v2\/comments?post=54428"}],"version-history":[{"count":2,"href":"https:\/\/portalmidia.net\/index.php\/wp-json\/wp\/v2\/posts\/54428\/revisions"}],"predecessor-version":[{"id":54436,"href":"https:\/\/portalmidia.net\/index.php\/wp-json\/wp\/v2\/posts\/54428\/revisions\/54436"}],"wp:featuredmedia":[{"embeddable":true,"href":"https:\/\/portalmidia.net\/index.php\/wp-json\/wp\/v2\/media\/54434"}],"wp:attachment":[{"href":"https:\/\/portalmidia.net\/index.php\/wp-json\/wp\/v2\/media?parent=54428"}],"wp:term":[{"taxonomy":"category","embeddable":true,"href":"https:\/\/portalmidia.net\/index.php\/wp-json\/wp\/v2\/categories?post=54428"},{"taxonomy":"post_tag","embeddable":true,"href":"https:\/\/portalmidia.net\/index.php\/wp-json\/wp\/v2\/tags?post=54428"}],"curies":[{"name":"wp","href":"https:\/\/api.w.org\/{rel}","templated":true}]}}