 {"id":54609,"date":"2025-08-08T09:44:26","date_gmt":"2025-08-08T12:44:26","guid":{"rendered":"https:\/\/portalmidia.net\/?p=54609"},"modified":"2025-08-08T10:36:39","modified_gmt":"2025-08-08T13:36:39","slug":"depois-de-assistir-ao-show-de-roberto-carlos-a-convite-de-cicero-lucena-josilda-fara-anuncio-em-seu-programa-institucional-nesta-sexta-feira-8","status":"publish","type":"post","link":"https:\/\/portalmidia.net\/index.php\/2025\/08\/08\/depois-de-assistir-ao-show-de-roberto-carlos-a-convite-de-cicero-lucena-josilda-fara-anuncio-em-seu-programa-institucional-nesta-sexta-feira-8\/","title":{"rendered":"Depois de assistir ao show de Roberto Carlos a convite de C\u00edcero Lucena Josilda far\u00e1 an\u00fancio em seu programa institucional nesta sexta-feira (8)"},"content":{"rendered":"<p>A prefeita do munic\u00edpio de Ara\u00e7agi, Agreste paraibano, \u00a0Josilda Macena trar\u00e1 novidades pol\u00edticas no seu programa institucional que vai ao ar nesta sexta-feira (8) a partir do meio-dia atrav\u00e9s das plataformas digitais. A informa\u00e7\u00e3o \u00e9 de uma fonte segura e confirmada por outra fonte ligada a prefeita dizendo que o maior articulador pol\u00edtico do seu grupo, o seu marido Val Leite fez costuras importantes pra pol\u00edtica de Ara\u00e7agi, visando as elei\u00e7\u00f5es do pr\u00f3ximo ano.<\/p>\n<p><img fetchpriority=\"high\" decoding=\"async\" class=\"aligncenter size-large wp-image-54612\" src=\"https:\/\/portalmidia.net\/wp-content\/uploads\/2025\/08\/IMG_7598-600x555.jpeg\" alt=\"\" width=\"600\" height=\"555\" srcset=\"https:\/\/portalmidia.net\/wp-content\/uploads\/2025\/08\/IMG_7598-600x555.jpeg 600w, https:\/\/portalmidia.net\/wp-content\/uploads\/2025\/08\/IMG_7598-300x278.jpeg 300w, https:\/\/portalmidia.net\/wp-content\/uploads\/2025\/08\/IMG_7598.jpeg 672w\" sizes=\"(max-width: 600px) 100vw, 600px\" \/>O detalhe \u00e9 que Josilda e Val estiveram em Jo\u00e3o Pessoa a convite do prefeito C\u00edcero Lucena pra assistir em \u00e1rea, \u00a0ao show do rei Roberto Carlos. C\u00edcero, tem dito nos quatro cantos da Para\u00edba que ser\u00e1 candidato a governador do estado.<\/p>\n<p>A assessoria da prefeita entrou em contato dizendo que ela n\u00e3o participaria hoje do programa. Uma informa\u00e7\u00e3o dada de \u00faltima hora, mas durante a semana a assessoria havia dito que ela faria o programa em que provavelmente vinha muita novidade pela frente inclusive pol\u00edtica.<\/p>\n<p>Com certeza muitas emo\u00e7\u00f5es vir\u00e3o pela frente\u2026<\/p>\n<p>&nbsp;<\/p>\n","protected":false},"excerpt":{"rendered":"<p>A prefeita do munic\u00edpio de Ara\u00e7agi, Agreste paraibano, \u00a0Josilda Macena trar\u00e1 novidades pol\u00edticas no seu programa institucional que vai ao ar nesta sexta-feira (8) a partir do meio-dia atrav\u00e9s das plataformas digitais. A informa\u00e7\u00e3o \u00e9 de uma fonte segura e confirmada por outra fonte ligada a prefeita dizendo que o maior articulador pol\u00edtico do seu<\/p>\n","protected":false},"author":5,"featured_media":54610,"comment_status":"open","ping_status":"open","sticky":false,"template":"","format":"standard","meta":{"_eb_attr":"","footnotes":""},"categories":[7,3],"tags":[],"class_list":["post-54609","post","type-post","status-publish","format-standard","has-post-thumbnail","hentry","category-destaque","category-politica"],"_links":{"self":[{"href":"https:\/\/portalmidia.net\/index.php\/wp-json\/wp\/v2\/posts\/54609","targetHints":{"allow":["GET"]}}],"collection":[{"href":"https:\/\/portalmidia.net\/index.php\/wp-json\/wp\/v2\/posts"}],"about":[{"href":"https:\/\/portalmidia.net\/index.php\/wp-json\/wp\/v2\/types\/post"}],"author":[{"embeddable":true,"href":"https:\/\/portalmidia.net\/index.php\/wp-json\/wp\/v2\/users\/5"}],"replies":[{"embeddable":true,"href":"https:\/\/portalmidia.net\/index.php\/wp-json\/wp\/v2\/comments?post=54609"}],"version-history":[{"count":4,"href":"https:\/\/portalmidia.net\/index.php\/wp-json\/wp\/v2\/posts\/54609\/revisions"}],"predecessor-version":[{"id":54615,"href":"https:\/\/portalmidia.net\/index.php\/wp-json\/wp\/v2\/posts\/54609\/revisions\/54615"}],"wp:featuredmedia":[{"embeddable":true,"href":"https:\/\/portalmidia.net\/index.php\/wp-json\/wp\/v2\/media\/54610"}],"wp:attachment":[{"href":"https:\/\/portalmidia.net\/index.php\/wp-json\/wp\/v2\/media?parent=54609"}],"wp:term":[{"taxonomy":"category","embeddable":true,"href":"https:\/\/portalmidia.net\/index.php\/wp-json\/wp\/v2\/categories?post=54609"},{"taxonomy":"post_tag","embeddable":true,"href":"https:\/\/portalmidia.net\/index.php\/wp-json\/wp\/v2\/tags?post=54609"}],"curies":[{"name":"wp","href":"https:\/\/api.w.org\/{rel}","templated":true}]}}