 {"id":54624,"date":"2025-08-08T10:43:17","date_gmt":"2025-08-08T13:43:17","guid":{"rendered":"https:\/\/portalmidia.net\/?p=54624"},"modified":"2025-08-08T10:43:17","modified_gmt":"2025-08-08T13:43:17","slug":"radio-tabajara-faz-homenagens-na-comemoracao-de-40-anos-da-construcao-da-sua-sede","status":"publish","type":"post","link":"https:\/\/portalmidia.net\/index.php\/2025\/08\/08\/radio-tabajara-faz-homenagens-na-comemoracao-de-40-anos-da-construcao-da-sua-sede\/","title":{"rendered":"R\u00e1dio Tabajara faz homenagens na comemora\u00e7\u00e3o de 40 anos da constru\u00e7\u00e3o da sua sede"},"content":{"rendered":"<p>A R\u00e1dio Tabajara realiza, nesta segunda-feira (11), \u00e0s 11h, evento de comemora\u00e7\u00e3o de 40 anos da constru\u00e7\u00e3o da sua sede, localizada na Avenida Pedro II, no bairro da Torrre, na Capital. Na ocasi\u00e3o, personalidades que fazem parte da hist\u00f3ria da emissora ser\u00e3o homenageadas. O evento integra a programa\u00e7\u00e3o dos 440 anos de Jo\u00e3o Pessoa. A Tabajara est\u00e1 entre as 20 mais antigas do Pa\u00eds, e sua atua\u00e7\u00e3o a tornou um s\u00edmbolo de valoriza\u00e7\u00e3o do conte\u00fado produzido no estado. Com 88 anos, desde 2019 faz parte da Empresa Paraibana de Comunica\u00e7\u00e3o (EPC), junto com o Jornal A Uni\u00e3o e outros equipamentos.<\/p>\n<p>Ser\u00e3o homenageados no evento o governador do Estado da Para\u00edba, Jo\u00e3o Azev\u00eado, pelos investimentos realizados; Manoel Raposo, diretor-presidente da emissora no per\u00edodo da constru\u00e7\u00e3o do pr\u00e9dio; Expedito Arruda, arquiteto que projetou a edifica\u00e7\u00e3o; Carlos Pereira, que h\u00e1 16 anos vai ao ar diariamente com a \u201cCr\u00f4nica da cidade\u201d e foi comentarista de futebol; Joabson Nogueira de Carvalho, engenheiro eletricista respons\u00e1vel pelos projetos para a Anatel e Minist\u00e9rio das Comunica\u00e7\u00f5es; Sulivan de Lima Calado, operador de externa da Tabajara, desde 1985; e Jos\u00e9 \u00c9dson Uch\u00f4a de Morais, gerente operacional de manuten\u00e7\u00e3o t\u00e9cnica de r\u00e1dio e TV da emissora, desde 1989.<\/p>\n<p>Hist\u00f3ria \u2013 De 1937\u00a0at\u00e9 meados da d\u00e9cada de 1980, a sede original funcionou na Rua Rodrigues de Aquino com a Pra\u00e7a Jo\u00e3o Pessoa, herdando equipamentos e trajet\u00f3ria constru\u00edda pela R\u00e1dio Clube da Para\u00edba, a pioneira no setor, e abrigando tamb\u00e9m o jornal A Uni\u00e3o. Hoje, a edifica\u00e7\u00e3o n\u00e3o existe mais, foi demolida. Por alguns anos, a R\u00e1dio se instalou em um endere\u00e7o na Avenida Jo\u00e3o Machado. Em 9 de agosto de 1985, foi inaugurada a sede atual, da Avenida Pedro II.<\/p>\n","protected":false},"excerpt":{"rendered":"<p>A R\u00e1dio Tabajara realiza, nesta segunda-feira (11), \u00e0s 11h, evento de comemora\u00e7\u00e3o de 40 anos da constru\u00e7\u00e3o da sua sede, localizada na Avenida Pedro II, no bairro da Torrre, na Capital. Na ocasi\u00e3o, personalidades que fazem parte da hist\u00f3ria da emissora ser\u00e3o homenageadas. O evento integra a programa\u00e7\u00e3o dos 440 anos de Jo\u00e3o Pessoa. A<\/p>\n","protected":false},"author":5,"featured_media":54625,"comment_status":"open","ping_status":"open","sticky":false,"template":"","format":"standard","meta":{"_eb_attr":"","footnotes":""},"categories":[7,6],"tags":[],"class_list":["post-54624","post","type-post","status-publish","format-standard","has-post-thumbnail","hentry","category-destaque","category-sexualidade-e-comportamento"],"_links":{"self":[{"href":"https:\/\/portalmidia.net\/index.php\/wp-json\/wp\/v2\/posts\/54624","targetHints":{"allow":["GET"]}}],"collection":[{"href":"https:\/\/portalmidia.net\/index.php\/wp-json\/wp\/v2\/posts"}],"about":[{"href":"https:\/\/portalmidia.net\/index.php\/wp-json\/wp\/v2\/types\/post"}],"author":[{"embeddable":true,"href":"https:\/\/portalmidia.net\/index.php\/wp-json\/wp\/v2\/users\/5"}],"replies":[{"embeddable":true,"href":"https:\/\/portalmidia.net\/index.php\/wp-json\/wp\/v2\/comments?post=54624"}],"version-history":[{"count":1,"href":"https:\/\/portalmidia.net\/index.php\/wp-json\/wp\/v2\/posts\/54624\/revisions"}],"predecessor-version":[{"id":54626,"href":"https:\/\/portalmidia.net\/index.php\/wp-json\/wp\/v2\/posts\/54624\/revisions\/54626"}],"wp:featuredmedia":[{"embeddable":true,"href":"https:\/\/portalmidia.net\/index.php\/wp-json\/wp\/v2\/media\/54625"}],"wp:attachment":[{"href":"https:\/\/portalmidia.net\/index.php\/wp-json\/wp\/v2\/media?parent=54624"}],"wp:term":[{"taxonomy":"category","embeddable":true,"href":"https:\/\/portalmidia.net\/index.php\/wp-json\/wp\/v2\/categories?post=54624"},{"taxonomy":"post_tag","embeddable":true,"href":"https:\/\/portalmidia.net\/index.php\/wp-json\/wp\/v2\/tags?post=54624"}],"curies":[{"name":"wp","href":"https:\/\/api.w.org\/{rel}","templated":true}]}}