 {"id":54654,"date":"2025-08-08T18:23:22","date_gmt":"2025-08-08T21:23:22","guid":{"rendered":"https:\/\/portalmidia.net\/?p=54654"},"modified":"2025-08-08T18:23:22","modified_gmt":"2025-08-08T21:23:22","slug":"alagoinha-realiza-2a-escuta-publica-da-politica-nacional-aldir-blanc-pnab","status":"publish","type":"post","link":"https:\/\/portalmidia.net\/index.php\/2025\/08\/08\/alagoinha-realiza-2a-escuta-publica-da-politica-nacional-aldir-blanc-pnab\/","title":{"rendered":"Alagoinha realiza 2\u00aa Escuta P\u00fablica da Pol\u00edtica Nacional Aldir Blanc (PNAB)"},"content":{"rendered":"<p>A Prefeitura de Alagoinha, atrav\u00e9s da Secretaria Municipal de Cultura e Turismo, realizou na noite desta quinta-feira (7), a 2\u00aa Escuta P\u00fablica da PNAB \u2013 Ciclo II, direcionada aos agentes culturais do munic\u00edpio.<\/p>\n<p>A escuta, aconteceu no audit\u00f3rio da Secretaria de Educa\u00e7\u00e3o, e reuniu artes\u00e3os, cantores, escritores e representantes culturais de v\u00e1rios segmentos afim de discutir de que forma os recursos da PNAB devem ser usados, criar estrat\u00e9gias de inova\u00e7\u00e3o e fortalecer o apoio em eventos, festivais e promo\u00e7\u00e3o diversificada aos manifestos culturais do munic\u00edpio.<\/p>\n<p>&nbsp;<\/p>\n<p>Foi uma noite bastante proveitosa com troca de ideias que agregaram valores e trar\u00e3o mudan\u00e7as significativas para elabora\u00e7\u00e3o de novos conte\u00fados art\u00edsticos\/culturais.<\/p>\n<p>Alagoinha conta com um celeiro riqu\u00edssimo de artistas que t\u00eam recebido apoio incondicional da Prefeitura na divulga\u00e7\u00e3o e visibilidade de seus talentos.<\/p>\n<p>Prefeitura de Alagoinha cuidando do nosso povo!<\/p>\n","protected":false},"excerpt":{"rendered":"<p>A Prefeitura de Alagoinha, atrav\u00e9s da Secretaria Municipal de Cultura e Turismo, realizou na noite desta quinta-feira (7), a 2\u00aa Escuta P\u00fablica da PNAB \u2013 Ciclo II, direcionada aos agentes culturais do munic\u00edpio. A escuta, aconteceu no audit\u00f3rio da Secretaria de Educa\u00e7\u00e3o, e reuniu artes\u00e3os, cantores, escritores e representantes culturais de v\u00e1rios segmentos afim de<\/p>\n","protected":false},"author":5,"featured_media":54655,"comment_status":"open","ping_status":"open","sticky":false,"template":"","format":"standard","meta":{"_eb_attr":"","footnotes":""},"categories":[792,7],"tags":[],"class_list":["post-54654","post","type-post","status-publish","format-standard","has-post-thumbnail","hentry","category-cultura","category-destaque"],"_links":{"self":[{"href":"https:\/\/portalmidia.net\/index.php\/wp-json\/wp\/v2\/posts\/54654","targetHints":{"allow":["GET"]}}],"collection":[{"href":"https:\/\/portalmidia.net\/index.php\/wp-json\/wp\/v2\/posts"}],"about":[{"href":"https:\/\/portalmidia.net\/index.php\/wp-json\/wp\/v2\/types\/post"}],"author":[{"embeddable":true,"href":"https:\/\/portalmidia.net\/index.php\/wp-json\/wp\/v2\/users\/5"}],"replies":[{"embeddable":true,"href":"https:\/\/portalmidia.net\/index.php\/wp-json\/wp\/v2\/comments?post=54654"}],"version-history":[{"count":1,"href":"https:\/\/portalmidia.net\/index.php\/wp-json\/wp\/v2\/posts\/54654\/revisions"}],"predecessor-version":[{"id":54657,"href":"https:\/\/portalmidia.net\/index.php\/wp-json\/wp\/v2\/posts\/54654\/revisions\/54657"}],"wp:featuredmedia":[{"embeddable":true,"href":"https:\/\/portalmidia.net\/index.php\/wp-json\/wp\/v2\/media\/54655"}],"wp:attachment":[{"href":"https:\/\/portalmidia.net\/index.php\/wp-json\/wp\/v2\/media?parent=54654"}],"wp:term":[{"taxonomy":"category","embeddable":true,"href":"https:\/\/portalmidia.net\/index.php\/wp-json\/wp\/v2\/categories?post=54654"},{"taxonomy":"post_tag","embeddable":true,"href":"https:\/\/portalmidia.net\/index.php\/wp-json\/wp\/v2\/tags?post=54654"}],"curies":[{"name":"wp","href":"https:\/\/api.w.org\/{rel}","templated":true}]}}