 {"id":54711,"date":"2025-08-13T16:16:05","date_gmt":"2025-08-13T19:16:05","guid":{"rendered":"https:\/\/portalmidia.net\/?p=54711"},"modified":"2025-08-13T16:16:05","modified_gmt":"2025-08-13T19:16:05","slug":"juliana-paes-retorna-como-rainha-de-bateria-da-viradouro-apos-17-anos","status":"publish","type":"post","link":"https:\/\/portalmidia.net\/index.php\/2025\/08\/13\/juliana-paes-retorna-como-rainha-de-bateria-da-viradouro-apos-17-anos\/","title":{"rendered":"Juliana Paes retorna como rainha de bateria da Viradouro ap\u00f3s 17 anos"},"content":{"rendered":"<p data-start=\"185\" data-end=\"643\">A atriz <strong data-start=\"193\" data-end=\"209\">Juliana Paes<\/strong>, de 46 anos, confirmou seu retorno ao posto de <strong data-start=\"257\" data-end=\"301\">rainha de bateria da Unidos do Viradouro<\/strong> para o Carnaval de 2026 \u2014 posi\u00e7\u00e3o que havia ocupado entre 2004 e 2008. A Volta ao posto ocorre ap\u00f3s 17 anos, enquanto, at\u00e9 o Carnaval de 2025, quem exercia essa fun\u00e7\u00e3o era <strong data-start=\"512\" data-end=\"528\">\u00c9rika Januza<\/strong>, que foi informada de que a coroa passaria para outra pessoa ap\u00f3s o desfile.<\/p>\n<p data-start=\"645\" data-end=\"1156\">Nas redes sociais, Juliana compartilhou um v\u00eddeo emocionado ao lado do mestre <strong data-start=\"723\" data-end=\"731\">Ci\u00e7a<\/strong>, atual diretor de bateria da escola e homenageado do enredo de 2026. Em palavras cheias de afeto, ela declarou: <em data-start=\"882\" data-end=\"965\">\u201c\u00c9 como voltar para casa! Minha Viradouro! Um pedido do Mestre Ci\u00e7a \u00e9 uma ordem\u2026\u201d<\/em>, e expressou estar \u201clisonjeada, grata e surpresa\u201d; completou dizendo que seu cora\u00e7\u00e3o \u201cvai bater mais forte no ritmo do nosso furac\u00e3o vermelho e branco\u201d.<\/p>\n<h3 data-start=\"1158\" data-end=\"1187\">A homenagem a Mestre Ci\u00e7a<\/h3>\n<p data-start=\"1189\" data-end=\"1651\">O enredo da Viradouro para o Carnaval de 2026 ser\u00e1 uma homenagem ao mestre de bateria <strong data-start=\"1275\" data-end=\"1283\">Ci\u00e7a<\/strong>, que comanda a batida da escola desde 2019 e j\u00e1 havia ocupado o posto entre 1999 e 2009. Esta \u00e9 a primeira vez que a escola\u2014tricampe\u00e3 do Carnaval carioca\u2014decide referenciar um de seus baluartes como tema. O an\u00fancio, que aconteceu na quadra da escola, pegou o pr\u00f3prio homenageado de surpresa.<\/p>\n<p data-start=\"1653\" data-end=\"1966\">Al\u00e9m de comandar a bateria da Viradouro, Mestre Ci\u00e7a acumula passagens por outras escolas importantes do samba, como Est\u00e1cio de S\u00e1, Unidos da Tijuca, Acad\u00eamicos do Grande Rio e Uni\u00e3o da Ilha. Em 2017, enquanto estava na Uni\u00e3o da Ilha, conquistou seu \u00fanico Estandarte de Ouro .<\/p>\n<h3 data-start=\"1968\" data-end=\"2013\">Expectativa para 2026: coroa\u00e7\u00e3o e desfile<\/h3>\n<p data-start=\"2015\" data-end=\"2378\">A <strong data-start=\"2017\" data-end=\"2053\">coroa\u00e7\u00e3o oficial de Juliana Paes<\/strong> como rainha de bateria acontece no dia <strong data-start=\"2093\" data-end=\"2109\">30 de agosto<\/strong> (\u00e0s 19h), na quadra da Viradouro, com entrada gratuita. O evento contar\u00e1 com apresenta\u00e7\u00e3o do grupo Virando Pagode, desfile dos segmentos da escola e show completo de Salgadinho, al\u00e9m da tradicional disputa de samba-enredo.<\/p>\n<p data-start=\"2380\" data-end=\"2619\">Quanto \u00e0 ordem dos desfiles do Grupo Especial no Carnaval do Rio de Janeiro em 2026, a Viradouro ser\u00e1 a <strong data-start=\"2484\" data-end=\"2543\">terceira escola a desfilar na segunda-feira de Carnaval<\/strong>, que ocorrer\u00e1 em <strong data-start=\"2561\" data-end=\"2580\">17 de fevereiro<\/strong>.<\/p>\n<h3 data-start=\"2626\" data-end=\"2672\">Curiosidades<\/h3>\n<ul data-start=\"2674\" data-end=\"3791\">\n<li data-start=\"2674\" data-end=\"2873\">\n<p data-start=\"2676\" data-end=\"2873\"><strong data-start=\"2676\" data-end=\"2696\">Lauridae \u00e0 coroa<\/strong>: Juliana Paes havia sido rainha de bateria da Viradouro no per\u00edodo 2004\u20132008, participando de uma fase bastante lembrada pelos torcedores.<\/p>\n<\/li>\n<li data-start=\"2875\" data-end=\"3088\">\n<p data-start=\"2877\" data-end=\"3088\"><strong data-start=\"2877\" data-end=\"2899\">Hist\u00f3ria de batida<\/strong>: A bateria da Viradouro \u00e9 conhecida como <strong data-start=\"2941\" data-end=\"2972\">\u201cFurac\u00e3o Vermelho e Branco\u201d<\/strong>, com Mestre Ci\u00e7a \u00e0 frente em mais de duas d\u00e9cadas (1999\u20132009 e desde 2019) .<\/p>\n<\/li>\n<li data-start=\"3090\" data-end=\"3321\">\n<p data-start=\"3092\" data-end=\"3321\"><strong data-start=\"3092\" data-end=\"3142\">Primeira vez que a escola homenageia um mestre<\/strong>: Apesar de v\u00e1rios grandes carnavais, esta ser\u00e1 a primeira vez que Viradouro utiliza um mestre de bateria como tema central de seu desfile.<\/p>\n<\/li>\n<li data-start=\"3323\" data-end=\"3519\">\n<p data-start=\"3325\" data-end=\"3519\"><strong data-start=\"3325\" data-end=\"3353\">Evento aberto ao p\u00fablico<\/strong>: A coroa\u00e7\u00e3o gratuita permite que f\u00e3s e admiradores se aproximem e fa\u00e7am parte desse momento simb\u00f3lico que marcar\u00e1 o rein\u00edcio da passagem de Juliana Paes pela escola.<\/p>\n<\/li>\n<li data-start=\"3521\" data-end=\"3791\">\n<p data-start=\"3523\" data-end=\"3791\"><strong data-start=\"3523\" data-end=\"3555\">Identidade vermelha e branca<\/strong>: A frase \u201cvoltar para casa\u201d usada por Juliana refor\u00e7a o v\u00ednculo sentimental da atriz com a escola \u2014 tanto que ela usou a met\u00e1fora do cora\u00e7\u00e3o batendo \u201cno ritmo do nosso furac\u00e3o vermelho e branco\u201d.<\/p>\n<\/li>\n<\/ul>\n<p>&nbsp;<\/p>\n<p><em data-start=\"3473\" data-end=\"3525\">imagens: \u00a0Instagram \/ Juliana Paes<br \/>\n<\/em><em data-start=\"3531\" data-end=\"3579\">Portal M\u00eddia \u2013 Informa\u00e7\u00e3o com credibilidade<\/em><\/p>\n","protected":false},"excerpt":{"rendered":"<p>A atriz Juliana Paes, de 46 anos, confirmou seu retorno ao posto de rainha de bateria da Unidos do Viradouro para o Carnaval de 2026 \u2014 posi\u00e7\u00e3o que havia ocupado entre 2004 e 2008. A Volta ao posto ocorre ap\u00f3s 17 anos, enquanto, at\u00e9 o Carnaval de 2025, quem exercia essa fun\u00e7\u00e3o era \u00c9rika Januza,<\/p>\n","protected":false},"author":1,"featured_media":54712,"comment_status":"open","ping_status":"open","sticky":false,"template":"","format":"standard","meta":{"_eb_attr":"","footnotes":""},"categories":[7,11],"tags":[913,914,915],"class_list":["post-54711","post","type-post","status-publish","format-standard","has-post-thumbnail","hentry","category-destaque","category-famosos","tag-entretenimento","tag-escola-de-samba","tag-juliana-paes"],"_links":{"self":[{"href":"https:\/\/portalmidia.net\/index.php\/wp-json\/wp\/v2\/posts\/54711","targetHints":{"allow":["GET"]}}],"collection":[{"href":"https:\/\/portalmidia.net\/index.php\/wp-json\/wp\/v2\/posts"}],"about":[{"href":"https:\/\/portalmidia.net\/index.php\/wp-json\/wp\/v2\/types\/post"}],"author":[{"embeddable":true,"href":"https:\/\/portalmidia.net\/index.php\/wp-json\/wp\/v2\/users\/1"}],"replies":[{"embeddable":true,"href":"https:\/\/portalmidia.net\/index.php\/wp-json\/wp\/v2\/comments?post=54711"}],"version-history":[{"count":1,"href":"https:\/\/portalmidia.net\/index.php\/wp-json\/wp\/v2\/posts\/54711\/revisions"}],"predecessor-version":[{"id":54713,"href":"https:\/\/portalmidia.net\/index.php\/wp-json\/wp\/v2\/posts\/54711\/revisions\/54713"}],"wp:featuredmedia":[{"embeddable":true,"href":"https:\/\/portalmidia.net\/index.php\/wp-json\/wp\/v2\/media\/54712"}],"wp:attachment":[{"href":"https:\/\/portalmidia.net\/index.php\/wp-json\/wp\/v2\/media?parent=54711"}],"wp:term":[{"taxonomy":"category","embeddable":true,"href":"https:\/\/portalmidia.net\/index.php\/wp-json\/wp\/v2\/categories?post=54711"},{"taxonomy":"post_tag","embeddable":true,"href":"https:\/\/portalmidia.net\/index.php\/wp-json\/wp\/v2\/tags?post=54711"}],"curies":[{"name":"wp","href":"https:\/\/api.w.org\/{rel}","templated":true}]}}