 {"id":55084,"date":"2025-08-29T18:06:34","date_gmt":"2025-08-29T21:06:34","guid":{"rendered":"https:\/\/portalmidia.net\/?p=55084"},"modified":"2025-08-29T18:06:34","modified_gmt":"2025-08-29T21:06:34","slug":"alagoinha-pb-prefeitura-trabalha-para-deixar-praca-de-cara-nova-arborizada-e-linda","status":"publish","type":"post","link":"https:\/\/portalmidia.net\/index.php\/2025\/08\/29\/alagoinha-pb-prefeitura-trabalha-para-deixar-praca-de-cara-nova-arborizada-e-linda\/","title":{"rendered":"Alagoinha-PB: prefeitura trabalha para deixar pra\u00e7a de cara nova, arborizada e linda!"},"content":{"rendered":"<p>A pra\u00e7a Petr\u00f4nio de Albuquerque em Alagoinha est\u00e1 ficando padr\u00e3o ouro! \ud83e\udd47<\/p>\n<p><img fetchpriority=\"high\" decoding=\"async\" class=\"aligncenter size-large wp-image-55086\" src=\"https:\/\/portalmidia.net\/wp-content\/uploads\/2025\/08\/cfe26c9f-7f15-4a6e-bc5e-8fe6f3575b90-450x600.jpeg\" alt=\"\" width=\"450\" height=\"600\" srcset=\"https:\/\/portalmidia.net\/wp-content\/uploads\/2025\/08\/cfe26c9f-7f15-4a6e-bc5e-8fe6f3575b90-450x600.jpeg 450w, https:\/\/portalmidia.net\/wp-content\/uploads\/2025\/08\/cfe26c9f-7f15-4a6e-bc5e-8fe6f3575b90-225x300.jpeg 225w, https:\/\/portalmidia.net\/wp-content\/uploads\/2025\/08\/cfe26c9f-7f15-4a6e-bc5e-8fe6f3575b90-768x1024.jpeg 768w, https:\/\/portalmidia.net\/wp-content\/uploads\/2025\/08\/cfe26c9f-7f15-4a6e-bc5e-8fe6f3575b90-1152x1536.jpeg 1152w, https:\/\/portalmidia.net\/wp-content\/uploads\/2025\/08\/cfe26c9f-7f15-4a6e-bc5e-8fe6f3575b90-1536x2048.jpeg 1536w, https:\/\/portalmidia.net\/wp-content\/uploads\/2025\/08\/cfe26c9f-7f15-4a6e-bc5e-8fe6f3575b90-scaled.jpeg 1920w\" sizes=\"(max-width: 450px) 100vw, 450px\" \/>Limpa, de cara nova e arborizada, deixando<br \/>\na cidade mais verde e linda! \ud83c\udf33<\/p>\n<p>O prefeito Al\u00edrio Filho mostra com orgulho como a pra\u00e7a est\u00e1 ficando.<\/p>\n<p><strong>Clica no link e veja como a pra\u00e7a est\u00e1 ficando<\/strong><\/p>\n<p><a href=\"https:\/\/www.instagram.com\/reel\/DN6Q5pij2u2\/?igsh=MWwxN2x0eG0wa2hmcA==\">https:\/\/www.instagram.com\/reel\/DN6Q5pij2u2\/?igsh=MWwxN2x0eG0wa2hmcA==<\/a><\/p>\n","protected":false},"excerpt":{"rendered":"<p>A pra\u00e7a Petr\u00f4nio de Albuquerque em Alagoinha est\u00e1 ficando padr\u00e3o ouro! \ud83e\udd47 Limpa, de cara nova e arborizada, deixando a cidade mais verde e linda! \ud83c\udf33 O prefeito Al\u00edrio Filho mostra com orgulho como a pra\u00e7a est\u00e1 ficando. Clica no link e veja como a pra\u00e7a est\u00e1 ficando https:\/\/www.instagram.com\/reel\/DN6Q5pij2u2\/?igsh=MWwxN2x0eG0wa2hmcA==<\/p>\n","protected":false},"author":5,"featured_media":55085,"comment_status":"open","ping_status":"open","sticky":false,"template":"","format":"standard","meta":{"_eb_attr":"","footnotes":""},"categories":[7,6],"tags":[],"class_list":["post-55084","post","type-post","status-publish","format-standard","has-post-thumbnail","hentry","category-destaque","category-sexualidade-e-comportamento"],"_links":{"self":[{"href":"https:\/\/portalmidia.net\/index.php\/wp-json\/wp\/v2\/posts\/55084","targetHints":{"allow":["GET"]}}],"collection":[{"href":"https:\/\/portalmidia.net\/index.php\/wp-json\/wp\/v2\/posts"}],"about":[{"href":"https:\/\/portalmidia.net\/index.php\/wp-json\/wp\/v2\/types\/post"}],"author":[{"embeddable":true,"href":"https:\/\/portalmidia.net\/index.php\/wp-json\/wp\/v2\/users\/5"}],"replies":[{"embeddable":true,"href":"https:\/\/portalmidia.net\/index.php\/wp-json\/wp\/v2\/comments?post=55084"}],"version-history":[{"count":1,"href":"https:\/\/portalmidia.net\/index.php\/wp-json\/wp\/v2\/posts\/55084\/revisions"}],"predecessor-version":[{"id":55087,"href":"https:\/\/portalmidia.net\/index.php\/wp-json\/wp\/v2\/posts\/55084\/revisions\/55087"}],"wp:featuredmedia":[{"embeddable":true,"href":"https:\/\/portalmidia.net\/index.php\/wp-json\/wp\/v2\/media\/55085"}],"wp:attachment":[{"href":"https:\/\/portalmidia.net\/index.php\/wp-json\/wp\/v2\/media?parent=55084"}],"wp:term":[{"taxonomy":"category","embeddable":true,"href":"https:\/\/portalmidia.net\/index.php\/wp-json\/wp\/v2\/categories?post=55084"},{"taxonomy":"post_tag","embeddable":true,"href":"https:\/\/portalmidia.net\/index.php\/wp-json\/wp\/v2\/tags?post=55084"}],"curies":[{"name":"wp","href":"https:\/\/api.w.org\/{rel}","templated":true}]}}