 {"id":55154,"date":"2025-08-31T15:03:20","date_gmt":"2025-08-31T18:03:20","guid":{"rendered":"https:\/\/portalmidia.net\/?p=55154"},"modified":"2025-08-31T15:08:09","modified_gmt":"2025-08-31T18:08:09","slug":"ex-governador-e-atual-secretario-de-governo-roberto-paulino-participa-do-lancamento-da-1a-edicao-da-revista-vozes-da-eci","status":"publish","type":"post","link":"https:\/\/portalmidia.net\/index.php\/2025\/08\/31\/ex-governador-e-atual-secretario-de-governo-roberto-paulino-participa-do-lancamento-da-1a-edicao-da-revista-vozes-da-eci\/","title":{"rendered":"Ex-governador e atual secret\u00e1rio de Governo, Roberto Paulino, participa do lan\u00e7amento da 1\u00aa edi\u00e7\u00e3o da Revista Vozes da ECI"},"content":{"rendered":"<p>Na \u00faltima ter\u00e7a-feira, o ex-governador e atual secret\u00e1rio de Governo da Para\u00edba, Dr. Roberto Paulino, participou do lan\u00e7amento da 1\u00aa edi\u00e7\u00e3o da Revista Vozes da ECI, intitulada \u201c63 anos de exist\u00eancia, saber, mem\u00f3ria e transforma\u00e7\u00e3o\u201d.<\/p>\n<p>O evento foi promovido pela dire\u00e7\u00e3o da escola, representada pela professora Elizabeth Monteiro, que convidou alunos e ex-alunos ilustres, a exemplo do pr\u00f3prio Dr. Roberto Paulino, para prestigiar esse momento simb\u00f3lico.<\/p>\n<p>Na ocasi\u00e3o, o secret\u00e1rio acompanhou a apresenta\u00e7\u00e3o da Banda Marcial Severino dos Ramos, em homenagem ao professor Bar\u00e3o, o grande homenageado do evento. Em seguida, foi realizada a apresenta\u00e7\u00e3o da revista virtual, produzida pela Secretaria de Educa\u00e7\u00e3o do Estado a pedido do pr\u00f3prio secret\u00e1rio.<\/p>\n<p>Al\u00e9m de Roberto Paulino, estiveram presentes diversas autoridades e personalidades, entre elas:<\/p>\n<p>Paulo S\u00e9rgio, defensor p\u00fablico, ex-aluno e filho do professor pioneiro Edgard J\u00falio;<\/p>\n<p>Advogada Wilma Saraiva;<\/p>\n<p>Ant\u00f4nio do Amaral, juiz;<\/p>\n<p>Vereadora Neide de Teot\u00f4nio;<\/p>\n<p>Ex-vereadora Michele Paulino;<\/p>\n<p>Vice-prefeito Raimundo Macedo;<\/p>\n<p>Vereador C\u00e9lio Alves;<\/p>\n<p>Promotora de Justi\u00e7a Edivani Saraiva, entre outros convidados.<\/p>\n<p>Em seu discurso, Roberto fez quest\u00e3o de registrar a import\u00e2ncia de grandes nomes que contribu\u00edram para a hist\u00f3ria da institui\u00e7\u00e3o, como o professor Edgard J\u00falio, que lecionava Matem\u00e1tica, Franc\u00eas e Portugu\u00eas, al\u00e9m de ter participado ativamente da constru\u00e7\u00e3o do pr\u00e9dio da escola ao lado do professor Bar\u00e3o. Ele tamb\u00e9m destacou a mem\u00f3ria do saudoso Dr. Wildes Saraiva, seu colega de sala e de universidade, al\u00e9m de homenagear o professor Martinho Alves de Andrade, refer\u00eancia em dic\u00e7\u00e3o e orat\u00f3ria no Nordeste, e a professora Maria Eul\u00e1lia, que se dedicou intensamente \u00e0 forma\u00e7\u00e3o estudantil e \u00e0 organiza\u00e7\u00e3o do gr\u00eamio da \u00e9poca.<\/p>\n<p>O secret\u00e1rio finalizou agradecendo \u00e0 gest\u00e3o escolar pela realiza\u00e7\u00e3o do evento, ressaltando a alegria de reencontrar tantos amigos e conterr\u00e2neos que fizeram parte da sua trajet\u00f3ria no tradicional Col\u00e9gio Estadual de Guarabira.<\/p>\n<p>Em seguida, o defensor p\u00fablico Paulo S\u00e9rgio agradeceu os registros feitos pelo ex-governador, lembrando com carinho o per\u00edodo em que foi levado por ele ao est\u00e1dio de Guarabira e convencido a se tornar torcedor do Botafogo.<\/p>\n<p>Roberto, tamb\u00e9m enfatizou a import\u00e2ncia do trabalho desenvolvido pela professora Elizabeth Monteiro na condu\u00e7\u00e3o da gest\u00e3o escolar e destacou a emo\u00e7\u00e3o de ver novamente a Banda Marcial Severino dos Ramos desfilando ap\u00f3s alguns anos afastada dos desfiles.<\/p>\n","protected":false},"excerpt":{"rendered":"<p>Na \u00faltima ter\u00e7a-feira, o ex-governador e atual secret\u00e1rio de Governo da Para\u00edba, Dr. Roberto Paulino, participou do lan\u00e7amento da 1\u00aa edi\u00e7\u00e3o da Revista Vozes da ECI, intitulada \u201c63 anos de exist\u00eancia, saber, mem\u00f3ria e transforma\u00e7\u00e3o\u201d. O evento foi promovido pela dire\u00e7\u00e3o da escola, representada pela professora Elizabeth Monteiro, que convidou alunos e ex-alunos ilustres, a<\/p>\n","protected":false},"author":5,"featured_media":55156,"comment_status":"open","ping_status":"open","sticky":false,"template":"","format":"standard","meta":{"_eb_attr":"","footnotes":""},"categories":[7,3],"tags":[],"class_list":["post-55154","post","type-post","status-publish","format-standard","has-post-thumbnail","hentry","category-destaque","category-politica"],"_links":{"self":[{"href":"https:\/\/portalmidia.net\/index.php\/wp-json\/wp\/v2\/posts\/55154","targetHints":{"allow":["GET"]}}],"collection":[{"href":"https:\/\/portalmidia.net\/index.php\/wp-json\/wp\/v2\/posts"}],"about":[{"href":"https:\/\/portalmidia.net\/index.php\/wp-json\/wp\/v2\/types\/post"}],"author":[{"embeddable":true,"href":"https:\/\/portalmidia.net\/index.php\/wp-json\/wp\/v2\/users\/5"}],"replies":[{"embeddable":true,"href":"https:\/\/portalmidia.net\/index.php\/wp-json\/wp\/v2\/comments?post=55154"}],"version-history":[{"count":3,"href":"https:\/\/portalmidia.net\/index.php\/wp-json\/wp\/v2\/posts\/55154\/revisions"}],"predecessor-version":[{"id":55158,"href":"https:\/\/portalmidia.net\/index.php\/wp-json\/wp\/v2\/posts\/55154\/revisions\/55158"}],"wp:featuredmedia":[{"embeddable":true,"href":"https:\/\/portalmidia.net\/index.php\/wp-json\/wp\/v2\/media\/55156"}],"wp:attachment":[{"href":"https:\/\/portalmidia.net\/index.php\/wp-json\/wp\/v2\/media?parent=55154"}],"wp:term":[{"taxonomy":"category","embeddable":true,"href":"https:\/\/portalmidia.net\/index.php\/wp-json\/wp\/v2\/categories?post=55154"},{"taxonomy":"post_tag","embeddable":true,"href":"https:\/\/portalmidia.net\/index.php\/wp-json\/wp\/v2\/tags?post=55154"}],"curies":[{"name":"wp","href":"https:\/\/api.w.org\/{rel}","templated":true}]}}