 {"id":55196,"date":"2025-09-01T20:46:30","date_gmt":"2025-09-01T23:46:30","guid":{"rendered":"https:\/\/portalmidia.net\/?p=55196"},"modified":"2025-09-01T20:46:30","modified_gmt":"2025-09-01T23:46:30","slug":"governador-joao-azevedo-e-roberto-paulino-empossam-novo-procurador-geral-de-justica-do-ministerio-publico-da-paraiba","status":"publish","type":"post","link":"https:\/\/portalmidia.net\/index.php\/2025\/09\/01\/governador-joao-azevedo-e-roberto-paulino-empossam-novo-procurador-geral-de-justica-do-ministerio-publico-da-paraiba\/","title":{"rendered":"Governador Jo\u00e3o Azev\u00eado e Roberto Paulino empossam novo Procurador-Geral de Justi\u00e7a do Minist\u00e9rio P\u00fablico da Para\u00edba"},"content":{"rendered":"<p>O governador Jo\u00e3o Azev\u00eado Lins e o secret\u00e1rio-chefe do Governo, Roberto Paulino, empossaram, na tarde desta segunda-feira, o novo procurador-geral de Justi\u00e7a do MPPB, Leonardo Quintans Coutinho.<\/p>\n<p><img fetchpriority=\"high\" decoding=\"async\" class=\"aligncenter size-large wp-image-55198\" src=\"https:\/\/portalmidia.net\/wp-content\/uploads\/2025\/09\/2affd998-b27b-40b8-8630-5525aeee68db-450x600.jpeg\" alt=\"\" width=\"450\" height=\"600\" srcset=\"https:\/\/portalmidia.net\/wp-content\/uploads\/2025\/09\/2affd998-b27b-40b8-8630-5525aeee68db-450x600.jpeg 450w, https:\/\/portalmidia.net\/wp-content\/uploads\/2025\/09\/2affd998-b27b-40b8-8630-5525aeee68db-225x300.jpeg 225w, https:\/\/portalmidia.net\/wp-content\/uploads\/2025\/09\/2affd998-b27b-40b8-8630-5525aeee68db-768x1023.jpeg 768w, https:\/\/portalmidia.net\/wp-content\/uploads\/2025\/09\/2affd998-b27b-40b8-8630-5525aeee68db.jpeg 908w\" sizes=\"(max-width: 450px) 100vw, 450px\" \/>Quintans foi nomeado procurador-geral por meio do Ato n\u00ba 2.556, publicado no dia 7\/08, ap\u00f3s ter sido o mais votado entre os membros do Minist\u00e9rio P\u00fablico Estadual. Desde que assumiu o governo, Jo\u00e3o Azev\u00eado tem pautado suas indica\u00e7\u00f5es sempre referendando o mais votado das categorias. Foi assim com a escolha da desembargadora Ana Carla e, agora, com Leonardo Quintans.<\/p>\n<p><img decoding=\"async\" class=\"aligncenter size-large wp-image-55199\" src=\"https:\/\/portalmidia.net\/wp-content\/uploads\/2025\/09\/25fcf77a-22db-481a-a074-89362bca583c-450x600.jpeg\" alt=\"\" width=\"450\" height=\"600\" srcset=\"https:\/\/portalmidia.net\/wp-content\/uploads\/2025\/09\/25fcf77a-22db-481a-a074-89362bca583c-450x600.jpeg 450w, https:\/\/portalmidia.net\/wp-content\/uploads\/2025\/09\/25fcf77a-22db-481a-a074-89362bca583c-225x300.jpeg 225w, https:\/\/portalmidia.net\/wp-content\/uploads\/2025\/09\/25fcf77a-22db-481a-a074-89362bca583c-768x1024.jpeg 768w, https:\/\/portalmidia.net\/wp-content\/uploads\/2025\/09\/25fcf77a-22db-481a-a074-89362bca583c.jpeg 949w\" sizes=\"(max-width: 450px) 100vw, 450px\" \/>O secret\u00e1rio-chefe do Governo, Roberto Paulino, fez a leitura do termo de posse do novo procurador-geral e, em seguida, o governador Jo\u00e3o Azev\u00eado entregou o ato ao empossado para o bi\u00eanio 2025-2027.<\/p>\n<p>O secret\u00e1rio Roberto Paulino destacou: \u201c\u00c9 um momento de muita alegria. O Dr. Leonardo Quintans, com toda certeza, far\u00e1 um grande trabalho \u00e0 frente do Minist\u00e9rio P\u00fablico da Para\u00edba. Ressalto o compromisso do nosso governador Jo\u00e3o Azev\u00eadocom a democracia, pois ele sempre respeitou o voto da maioria em suas escolhas. Parabenizo, tamb\u00e9m, o procurador Ant\u00f4nio Hort\u00eancio pelo bi\u00eanio em que comandou o MPPB.\u201d<\/p>\n<p><img decoding=\"async\" class=\"aligncenter size-large wp-image-55200\" src=\"https:\/\/portalmidia.net\/wp-content\/uploads\/2025\/09\/9373223f-1734-42fa-af65-0216d8e9ef9f-450x600.jpeg\" alt=\"\" width=\"450\" height=\"600\" srcset=\"https:\/\/portalmidia.net\/wp-content\/uploads\/2025\/09\/9373223f-1734-42fa-af65-0216d8e9ef9f-450x600.jpeg 450w, https:\/\/portalmidia.net\/wp-content\/uploads\/2025\/09\/9373223f-1734-42fa-af65-0216d8e9ef9f-225x300.jpeg 225w, https:\/\/portalmidia.net\/wp-content\/uploads\/2025\/09\/9373223f-1734-42fa-af65-0216d8e9ef9f-768x1024.jpeg 768w, https:\/\/portalmidia.net\/wp-content\/uploads\/2025\/09\/9373223f-1734-42fa-af65-0216d8e9ef9f.jpeg 960w\" sizes=\"(max-width: 450px) 100vw, 450px\" \/> <img loading=\"lazy\" decoding=\"async\" class=\"aligncenter size-large wp-image-55201\" src=\"https:\/\/portalmidia.net\/wp-content\/uploads\/2025\/09\/615dff82-e495-4c25-bbc2-ef60b6b87dc4-450x600.jpeg\" alt=\"\" width=\"450\" height=\"600\" srcset=\"https:\/\/portalmidia.net\/wp-content\/uploads\/2025\/09\/615dff82-e495-4c25-bbc2-ef60b6b87dc4-450x600.jpeg 450w, https:\/\/portalmidia.net\/wp-content\/uploads\/2025\/09\/615dff82-e495-4c25-bbc2-ef60b6b87dc4-225x300.jpeg 225w, https:\/\/portalmidia.net\/wp-content\/uploads\/2025\/09\/615dff82-e495-4c25-bbc2-ef60b6b87dc4-768x1025.jpeg 768w, https:\/\/portalmidia.net\/wp-content\/uploads\/2025\/09\/615dff82-e495-4c25-bbc2-ef60b6b87dc4.jpeg 892w\" sizes=\"(max-width: 450px) 100vw, 450px\" \/> <img loading=\"lazy\" decoding=\"async\" class=\"aligncenter size-large wp-image-55202\" src=\"https:\/\/portalmidia.net\/wp-content\/uploads\/2025\/09\/d961724d-4509-4c11-b592-a76b34f020d8-450x600.jpeg\" alt=\"\" width=\"450\" height=\"600\" srcset=\"https:\/\/portalmidia.net\/wp-content\/uploads\/2025\/09\/d961724d-4509-4c11-b592-a76b34f020d8-450x600.jpeg 450w, https:\/\/portalmidia.net\/wp-content\/uploads\/2025\/09\/d961724d-4509-4c11-b592-a76b34f020d8-225x300.jpeg 225w, https:\/\/portalmidia.net\/wp-content\/uploads\/2025\/09\/d961724d-4509-4c11-b592-a76b34f020d8-768x1024.jpeg 768w, https:\/\/portalmidia.net\/wp-content\/uploads\/2025\/09\/d961724d-4509-4c11-b592-a76b34f020d8.jpeg 960w\" sizes=\"(max-width: 450px) 100vw, 450px\" \/> <img loading=\"lazy\" decoding=\"async\" class=\"aligncenter size-large wp-image-55203\" src=\"https:\/\/portalmidia.net\/wp-content\/uploads\/2025\/09\/cc0d64a1-b4f2-49dd-afee-59c1591ad16e-450x600.jpeg\" alt=\"\" width=\"450\" height=\"600\" srcset=\"https:\/\/portalmidia.net\/wp-content\/uploads\/2025\/09\/cc0d64a1-b4f2-49dd-afee-59c1591ad16e-450x600.jpeg 450w, https:\/\/portalmidia.net\/wp-content\/uploads\/2025\/09\/cc0d64a1-b4f2-49dd-afee-59c1591ad16e-225x300.jpeg 225w, https:\/\/portalmidia.net\/wp-content\/uploads\/2025\/09\/cc0d64a1-b4f2-49dd-afee-59c1591ad16e-768x1024.jpeg 768w, https:\/\/portalmidia.net\/wp-content\/uploads\/2025\/09\/cc0d64a1-b4f2-49dd-afee-59c1591ad16e.jpeg 960w\" sizes=\"(max-width: 450px) 100vw, 450px\" \/> <img loading=\"lazy\" decoding=\"async\" class=\"aligncenter size-large wp-image-55204\" src=\"https:\/\/portalmidia.net\/wp-content\/uploads\/2025\/09\/f56e68a6-0643-4d20-9390-4b8113cf4814-450x600.jpeg\" alt=\"\" width=\"450\" height=\"600\" srcset=\"https:\/\/portalmidia.net\/wp-content\/uploads\/2025\/09\/f56e68a6-0643-4d20-9390-4b8113cf4814-450x600.jpeg 450w, https:\/\/portalmidia.net\/wp-content\/uploads\/2025\/09\/f56e68a6-0643-4d20-9390-4b8113cf4814-225x300.jpeg 225w, https:\/\/portalmidia.net\/wp-content\/uploads\/2025\/09\/f56e68a6-0643-4d20-9390-4b8113cf4814-768x1024.jpeg 768w, https:\/\/portalmidia.net\/wp-content\/uploads\/2025\/09\/f56e68a6-0643-4d20-9390-4b8113cf4814.jpeg 960w\" sizes=\"(max-width: 450px) 100vw, 450px\" \/> <img loading=\"lazy\" decoding=\"async\" class=\"aligncenter size-large wp-image-55205\" src=\"https:\/\/portalmidia.net\/wp-content\/uploads\/2025\/09\/bb2d02cd-1553-4629-bece-f8281e0151f3-1-450x600.jpeg\" alt=\"\" width=\"450\" height=\"600\" srcset=\"https:\/\/portalmidia.net\/wp-content\/uploads\/2025\/09\/bb2d02cd-1553-4629-bece-f8281e0151f3-1-450x600.jpeg 450w, https:\/\/portalmidia.net\/wp-content\/uploads\/2025\/09\/bb2d02cd-1553-4629-bece-f8281e0151f3-1-225x300.jpeg 225w, https:\/\/portalmidia.net\/wp-content\/uploads\/2025\/09\/bb2d02cd-1553-4629-bece-f8281e0151f3-1-768x1024.jpeg 768w, https:\/\/portalmidia.net\/wp-content\/uploads\/2025\/09\/bb2d02cd-1553-4629-bece-f8281e0151f3-1.jpeg 960w\" sizes=\"(max-width: 450px) 100vw, 450px\" \/> <img loading=\"lazy\" decoding=\"async\" class=\"aligncenter size-large wp-image-55206\" src=\"https:\/\/portalmidia.net\/wp-content\/uploads\/2025\/09\/6350e3ce-1ba3-4eb1-b8c3-41d1bf6db025-450x600.jpeg\" alt=\"\" width=\"450\" height=\"600\" srcset=\"https:\/\/portalmidia.net\/wp-content\/uploads\/2025\/09\/6350e3ce-1ba3-4eb1-b8c3-41d1bf6db025-450x600.jpeg 450w, https:\/\/portalmidia.net\/wp-content\/uploads\/2025\/09\/6350e3ce-1ba3-4eb1-b8c3-41d1bf6db025-225x300.jpeg 225w, https:\/\/portalmidia.net\/wp-content\/uploads\/2025\/09\/6350e3ce-1ba3-4eb1-b8c3-41d1bf6db025-768x1024.jpeg 768w, https:\/\/portalmidia.net\/wp-content\/uploads\/2025\/09\/6350e3ce-1ba3-4eb1-b8c3-41d1bf6db025.jpeg 960w\" sizes=\"(max-width: 450px) 100vw, 450px\" \/><\/p>\n","protected":false},"excerpt":{"rendered":"<p>O governador Jo\u00e3o Azev\u00eado Lins e o secret\u00e1rio-chefe do Governo, Roberto Paulino, empossaram, na tarde desta segunda-feira, o novo procurador-geral de Justi\u00e7a do MPPB, Leonardo Quintans Coutinho. Quintans foi nomeado procurador-geral por meio do Ato n\u00ba 2.556, publicado no dia 7\/08, ap\u00f3s ter sido o mais votado entre os membros do Minist\u00e9rio P\u00fablico Estadual. Desde<\/p>\n","protected":false},"author":5,"featured_media":55197,"comment_status":"open","ping_status":"open","sticky":false,"template":"","format":"standard","meta":{"_eb_attr":"","footnotes":""},"categories":[7,3],"tags":[],"class_list":["post-55196","post","type-post","status-publish","format-standard","has-post-thumbnail","hentry","category-destaque","category-politica"],"_links":{"self":[{"href":"https:\/\/portalmidia.net\/index.php\/wp-json\/wp\/v2\/posts\/55196","targetHints":{"allow":["GET"]}}],"collection":[{"href":"https:\/\/portalmidia.net\/index.php\/wp-json\/wp\/v2\/posts"}],"about":[{"href":"https:\/\/portalmidia.net\/index.php\/wp-json\/wp\/v2\/types\/post"}],"author":[{"embeddable":true,"href":"https:\/\/portalmidia.net\/index.php\/wp-json\/wp\/v2\/users\/5"}],"replies":[{"embeddable":true,"href":"https:\/\/portalmidia.net\/index.php\/wp-json\/wp\/v2\/comments?post=55196"}],"version-history":[{"count":1,"href":"https:\/\/portalmidia.net\/index.php\/wp-json\/wp\/v2\/posts\/55196\/revisions"}],"predecessor-version":[{"id":55207,"href":"https:\/\/portalmidia.net\/index.php\/wp-json\/wp\/v2\/posts\/55196\/revisions\/55207"}],"wp:featuredmedia":[{"embeddable":true,"href":"https:\/\/portalmidia.net\/index.php\/wp-json\/wp\/v2\/media\/55197"}],"wp:attachment":[{"href":"https:\/\/portalmidia.net\/index.php\/wp-json\/wp\/v2\/media?parent=55196"}],"wp:term":[{"taxonomy":"category","embeddable":true,"href":"https:\/\/portalmidia.net\/index.php\/wp-json\/wp\/v2\/categories?post=55196"},{"taxonomy":"post_tag","embeddable":true,"href":"https:\/\/portalmidia.net\/index.php\/wp-json\/wp\/v2\/tags?post=55196"}],"curies":[{"name":"wp","href":"https:\/\/api.w.org\/{rel}","templated":true}]}}