 {"id":55208,"date":"2025-09-02T19:45:37","date_gmt":"2025-09-02T22:45:37","guid":{"rendered":"https:\/\/portalmidia.net\/?p=55208"},"modified":"2025-09-02T19:45:37","modified_gmt":"2025-09-02T22:45:37","slug":"nal-fernandes-homenageia-profissionais-de-educacao-fisica-de-guarabira","status":"publish","type":"post","link":"https:\/\/portalmidia.net\/index.php\/2025\/09\/02\/nal-fernandes-homenageia-profissionais-de-educacao-fisica-de-guarabira\/","title":{"rendered":"Nal Fernandes homenageia profissionais de Educa\u00e7\u00e3o F\u00edsica de Guarabira"},"content":{"rendered":"<p>Durante a sess\u00e3o desta ter\u00e7a-feira (02), o vereador Nal Fernandes homenageou os profissionais de Educa\u00e7\u00e3o F\u00edsica de Guarabira, em alus\u00e3o ao Dia do Profissional de Educa\u00e7\u00e3o F\u00edsica, comemorado em 1\u00ba de setembro.<\/p>\n<p>Nal Fernandes aproveitou a oportunidade para parabenizar toda a categoria dos profissionais de Educa\u00e7\u00e3o F\u00edsica, na pessoa da querida Evilane Morais, profissional dedicada, competente e que representa com excel\u00eancia esse of\u00edcio t\u00e3o essencial.<\/p>\n<p>Destacou que a Educa\u00e7\u00e3o F\u00edsica vai muito al\u00e9m do esporte ou da academia, ela promove sa\u00fade, previne doen\u00e7as, estimula a inclus\u00e3o, garante dignidade e melhora a qualidade de vida. \u00c9 uma profiss\u00e3o que transforma hist\u00f3rias.<\/p>\n<p>Em Guarabira, segundo o vereador, h\u00e1 exemplos vivos desse impacto positivo:<br \/>\n&#8211; O Professor Le\u00e3o, com seu trabalho inspirador com os idosos, em frente \u00e0 Catedral.<br \/>\n&#8211; O grupo de corrida Rapadura At\u00f4mica, liderado por Seu Zezinho, j\u00e1 reconhecido como um verdadeiro patrim\u00f4nio afetivo da cidade.<br \/>\n&#8211; E o Professor Mineiro, da CF Assessoria, que leva movimento, sa\u00fade e alegria \u00e0 Pra\u00e7a do Novo Mil\u00eanio.<\/p>\n<p>Nal Fernandes encerrou sua fala deixando respeito, admira\u00e7\u00e3o e aplausos a todos os educadores f\u00edsicos de Guarabira.<\/p>\n","protected":false},"excerpt":{"rendered":"<p>Durante a sess\u00e3o desta ter\u00e7a-feira (02), o vereador Nal Fernandes homenageou os profissionais de Educa\u00e7\u00e3o F\u00edsica de Guarabira, em alus\u00e3o ao Dia do Profissional de Educa\u00e7\u00e3o F\u00edsica, comemorado em 1\u00ba de setembro. Nal Fernandes aproveitou a oportunidade para parabenizar toda a categoria dos profissionais de Educa\u00e7\u00e3o F\u00edsica, na pessoa da querida Evilane Morais, profissional dedicada,<\/p>\n","protected":false},"author":5,"featured_media":55209,"comment_status":"open","ping_status":"open","sticky":false,"template":"","format":"standard","meta":{"_eb_attr":"","footnotes":""},"categories":[7,3],"tags":[],"class_list":["post-55208","post","type-post","status-publish","format-standard","has-post-thumbnail","hentry","category-destaque","category-politica"],"_links":{"self":[{"href":"https:\/\/portalmidia.net\/index.php\/wp-json\/wp\/v2\/posts\/55208","targetHints":{"allow":["GET"]}}],"collection":[{"href":"https:\/\/portalmidia.net\/index.php\/wp-json\/wp\/v2\/posts"}],"about":[{"href":"https:\/\/portalmidia.net\/index.php\/wp-json\/wp\/v2\/types\/post"}],"author":[{"embeddable":true,"href":"https:\/\/portalmidia.net\/index.php\/wp-json\/wp\/v2\/users\/5"}],"replies":[{"embeddable":true,"href":"https:\/\/portalmidia.net\/index.php\/wp-json\/wp\/v2\/comments?post=55208"}],"version-history":[{"count":1,"href":"https:\/\/portalmidia.net\/index.php\/wp-json\/wp\/v2\/posts\/55208\/revisions"}],"predecessor-version":[{"id":55210,"href":"https:\/\/portalmidia.net\/index.php\/wp-json\/wp\/v2\/posts\/55208\/revisions\/55210"}],"wp:featuredmedia":[{"embeddable":true,"href":"https:\/\/portalmidia.net\/index.php\/wp-json\/wp\/v2\/media\/55209"}],"wp:attachment":[{"href":"https:\/\/portalmidia.net\/index.php\/wp-json\/wp\/v2\/media?parent=55208"}],"wp:term":[{"taxonomy":"category","embeddable":true,"href":"https:\/\/portalmidia.net\/index.php\/wp-json\/wp\/v2\/categories?post=55208"},{"taxonomy":"post_tag","embeddable":true,"href":"https:\/\/portalmidia.net\/index.php\/wp-json\/wp\/v2\/tags?post=55208"}],"curies":[{"name":"wp","href":"https:\/\/api.w.org\/{rel}","templated":true}]}}