 {"id":55211,"date":"2025-09-03T09:07:49","date_gmt":"2025-09-03T12:07:49","guid":{"rendered":"https:\/\/portalmidia.net\/?p=55211"},"modified":"2025-09-03T09:07:49","modified_gmt":"2025-09-03T12:07:49","slug":"mulher-e-presa-suspeita-de-vender-conteudos-sexuais-da-filha-em-gurinhem","status":"publish","type":"post","link":"https:\/\/portalmidia.net\/index.php\/2025\/09\/03\/mulher-e-presa-suspeita-de-vender-conteudos-sexuais-da-filha-em-gurinhem\/","title":{"rendered":"Mulher \u00e9 presa suspeita de vender conte\u00fados sexuais da filha, em Gurinh\u00e9m"},"content":{"rendered":"<p>Uma mulher foi presa na manh\u00e3 desta ter\u00e7a-feira (3), suspeita de vender v\u00eddeos e fotos sexuais da pr\u00f3pria filha, na cidade de Gurinh\u00e9m, no Agreste Paraibano.<\/p>\n<p>De acordo com o delegado Jo\u00e3o Ricardo, a mulher mantinha contato com homens de outros estados que compravam os conte\u00fados da crian\u00e7a. Al\u00e9m do mandado de pris\u00e3o preventiva, a suspeita tamb\u00e9m foi alvo de um mandado de busca e apreens\u00e3o.<\/p>\n<p>No celular da mulher tamb\u00e9m foram encontrados v\u00eddeos sexuais de outras crian\u00e7as que moravam pr\u00f3ximo a ela, o que resultou na pris\u00e3o em flagrante. Ela foi conduzida para a delegacia, onde est\u00e1 \u00e0 disposi\u00e7\u00e3o da Justi\u00e7a.<\/p>\n<p>Ainda de acordo com a Pol\u00edcia Civil, o caso continua sendo investigado para averiguar se h\u00e1 mais v\u00edtimas.<\/p>\n","protected":false},"excerpt":{"rendered":"<p>Uma mulher foi presa na manh\u00e3 desta ter\u00e7a-feira (3), suspeita de vender v\u00eddeos e fotos sexuais da pr\u00f3pria filha, na cidade de Gurinh\u00e9m, no Agreste Paraibano. De acordo com o delegado Jo\u00e3o Ricardo, a mulher mantinha contato com homens de outros estados que compravam os conte\u00fados da crian\u00e7a. Al\u00e9m do mandado de pris\u00e3o preventiva, a<\/p>\n","protected":false},"author":5,"featured_media":55212,"comment_status":"open","ping_status":"open","sticky":false,"template":"","format":"standard","meta":{"_eb_attr":"","footnotes":""},"categories":[7,2],"tags":[],"class_list":["post-55211","post","type-post","status-publish","format-standard","has-post-thumbnail","hentry","category-destaque","category-policial"],"_links":{"self":[{"href":"https:\/\/portalmidia.net\/index.php\/wp-json\/wp\/v2\/posts\/55211","targetHints":{"allow":["GET"]}}],"collection":[{"href":"https:\/\/portalmidia.net\/index.php\/wp-json\/wp\/v2\/posts"}],"about":[{"href":"https:\/\/portalmidia.net\/index.php\/wp-json\/wp\/v2\/types\/post"}],"author":[{"embeddable":true,"href":"https:\/\/portalmidia.net\/index.php\/wp-json\/wp\/v2\/users\/5"}],"replies":[{"embeddable":true,"href":"https:\/\/portalmidia.net\/index.php\/wp-json\/wp\/v2\/comments?post=55211"}],"version-history":[{"count":1,"href":"https:\/\/portalmidia.net\/index.php\/wp-json\/wp\/v2\/posts\/55211\/revisions"}],"predecessor-version":[{"id":55213,"href":"https:\/\/portalmidia.net\/index.php\/wp-json\/wp\/v2\/posts\/55211\/revisions\/55213"}],"wp:featuredmedia":[{"embeddable":true,"href":"https:\/\/portalmidia.net\/index.php\/wp-json\/wp\/v2\/media\/55212"}],"wp:attachment":[{"href":"https:\/\/portalmidia.net\/index.php\/wp-json\/wp\/v2\/media?parent=55211"}],"wp:term":[{"taxonomy":"category","embeddable":true,"href":"https:\/\/portalmidia.net\/index.php\/wp-json\/wp\/v2\/categories?post=55211"},{"taxonomy":"post_tag","embeddable":true,"href":"https:\/\/portalmidia.net\/index.php\/wp-json\/wp\/v2\/tags?post=55211"}],"curies":[{"name":"wp","href":"https:\/\/api.w.org\/{rel}","templated":true}]}}