 {"id":55337,"date":"2025-09-09T10:54:28","date_gmt":"2025-09-09T13:54:28","guid":{"rendered":"https:\/\/portalmidia.net\/?p=55337"},"modified":"2025-09-09T10:54:28","modified_gmt":"2025-09-09T13:54:28","slug":"acusado-de-estuprar-uma-crianca-de-5-anos-e-preso-em-guarabira","status":"publish","type":"post","link":"https:\/\/portalmidia.net\/index.php\/2025\/09\/09\/acusado-de-estuprar-uma-crianca-de-5-anos-e-preso-em-guarabira\/","title":{"rendered":"Acusado de estuprar uma crian\u00e7a de 5 anos \u00e9 preso em Guarabira"},"content":{"rendered":"<p>Na noite desta segunda-feira , 08\/09\/2025, a Pol\u00edcia Civil da Para\u00edba, atrav\u00e9s da 8\u00aaDSPC, representada pelo Grupo T\u00e1tico Especial (GTE) cumpriu mandado de pris\u00e3o em desfavor do nacional P.S.F.A, vulgo Pedrinho, pelo crime de estrupro de vulner\u00e1vel.<\/p>\n<p>Em 2015, o acusado estuprou uma crian\u00e7a de 5 anos e, \u00e0 \u00e9poca, ficou preso apenas 9 dias. Ap\u00f3s quase 10 anos do crime, a justi\u00e7a determinou em definitiva sua condena\u00e7\u00e3o e fixou 8 anos de pris\u00e3o no regime fechado.<\/p>\n<p>A equipe estava h\u00e1 mais de uma semana tentando localiz\u00e1-lo e, na noite de ontem, por voltas das 23h, conseguiu cumprir o mandado de pris\u00e3o. O mandado foi expedido no dia 02\/09 do ano corrente.<\/p>\n<p>Feitas as devidas dilig\u00eancias em Guarabira, o acusado encontra-se na central de pol\u00edcia para aguardar audi\u00eancia de cust\u00f3dia.<\/p>\n<p>Clica no link e veja as imagens da pris\u00e3o:<\/p>\n<p><a href=\"https:\/\/www.instagram.com\/reel\/DOYgh0SDbiJ\/?igsh=MWFxbWlnaG1hMHNlOQ==\">https:\/\/www.instagram.com\/reel\/DOYgh0SDbiJ\/?igsh=MWFxbWlnaG1hMHNlOQ==<\/a><\/p>\n","protected":false},"excerpt":{"rendered":"<p>Na noite desta segunda-feira , 08\/09\/2025, a Pol\u00edcia Civil da Para\u00edba, atrav\u00e9s da 8\u00aaDSPC, representada pelo Grupo T\u00e1tico Especial (GTE) cumpriu mandado de pris\u00e3o em desfavor do nacional P.S.F.A, vulgo Pedrinho, pelo crime de estrupro de vulner\u00e1vel. Em 2015, o acusado estuprou uma crian\u00e7a de 5 anos e, \u00e0 \u00e9poca, ficou preso apenas 9 dias.<\/p>\n","protected":false},"author":5,"featured_media":55338,"comment_status":"open","ping_status":"open","sticky":false,"template":"","format":"standard","meta":{"_eb_attr":"","footnotes":""},"categories":[7,2],"tags":[],"class_list":["post-55337","post","type-post","status-publish","format-standard","has-post-thumbnail","hentry","category-destaque","category-policial"],"_links":{"self":[{"href":"https:\/\/portalmidia.net\/index.php\/wp-json\/wp\/v2\/posts\/55337","targetHints":{"allow":["GET"]}}],"collection":[{"href":"https:\/\/portalmidia.net\/index.php\/wp-json\/wp\/v2\/posts"}],"about":[{"href":"https:\/\/portalmidia.net\/index.php\/wp-json\/wp\/v2\/types\/post"}],"author":[{"embeddable":true,"href":"https:\/\/portalmidia.net\/index.php\/wp-json\/wp\/v2\/users\/5"}],"replies":[{"embeddable":true,"href":"https:\/\/portalmidia.net\/index.php\/wp-json\/wp\/v2\/comments?post=55337"}],"version-history":[{"count":1,"href":"https:\/\/portalmidia.net\/index.php\/wp-json\/wp\/v2\/posts\/55337\/revisions"}],"predecessor-version":[{"id":55339,"href":"https:\/\/portalmidia.net\/index.php\/wp-json\/wp\/v2\/posts\/55337\/revisions\/55339"}],"wp:featuredmedia":[{"embeddable":true,"href":"https:\/\/portalmidia.net\/index.php\/wp-json\/wp\/v2\/media\/55338"}],"wp:attachment":[{"href":"https:\/\/portalmidia.net\/index.php\/wp-json\/wp\/v2\/media?parent=55337"}],"wp:term":[{"taxonomy":"category","embeddable":true,"href":"https:\/\/portalmidia.net\/index.php\/wp-json\/wp\/v2\/categories?post=55337"},{"taxonomy":"post_tag","embeddable":true,"href":"https:\/\/portalmidia.net\/index.php\/wp-json\/wp\/v2\/tags?post=55337"}],"curies":[{"name":"wp","href":"https:\/\/api.w.org\/{rel}","templated":true}]}}