 {"id":55358,"date":"2025-09-09T15:32:24","date_gmt":"2025-09-09T18:32:24","guid":{"rendered":"https:\/\/portalmidia.net\/?p=55358"},"modified":"2025-09-09T15:32:24","modified_gmt":"2025-09-09T18:32:24","slug":"telemedicina-chega-a-alagoinha-gestao-do-prefeito-alirio-filho-garante-mais-saude-e-rapidez-no-atendimento-da-populacao","status":"publish","type":"post","link":"https:\/\/portalmidia.net\/index.php\/2025\/09\/09\/telemedicina-chega-a-alagoinha-gestao-do-prefeito-alirio-filho-garante-mais-saude-e-rapidez-no-atendimento-da-populacao\/","title":{"rendered":"Telemedicina chega a Alagoinha: gest\u00e3o do prefeito Al\u00edrio Filho garante mais sa\u00fade e rapidez no atendimento da popula\u00e7\u00e3o"},"content":{"rendered":"<p>A sa\u00fade em Alagoinha vive um novo momento com a chegada da Telemedicina, implantada pela gest\u00e3o do prefeito Al\u00edrio Filho. A iniciativa j\u00e1 est\u00e1 transformando o atendimento da popula\u00e7\u00e3o, oferecendo mais rapidez, efici\u00eancia e acesso a diversas especialidades m\u00e9dicas sem que os moradores precisem se deslocar para outros centros.<\/p>\n<p>Um dos maiores avan\u00e7os foi a inclus\u00e3o de atendimentos especializados para crian\u00e7as at\u00edpicas, que j\u00e1 contam com acompanhamento em Neuropediatria. Esse passo representa cuidado, inclus\u00e3o e qualidade de vida para fam\u00edlias que antes enfrentavam grandes desafios para garantir o suporte adequado aos seus filhos.<\/p>\n<p><img fetchpriority=\"high\" decoding=\"async\" class=\"alignnone wp-image-55361 size-large\" src=\"https:\/\/portalmidia.net\/wp-content\/uploads\/2025\/09\/ace90b6b-7a9a-4dbf-99b9-d3c4c6b9388b-1-545x600.jpeg\" alt=\"\" width=\"545\" height=\"600\" srcset=\"https:\/\/portalmidia.net\/wp-content\/uploads\/2025\/09\/ace90b6b-7a9a-4dbf-99b9-d3c4c6b9388b-1-545x600.jpeg 545w, https:\/\/portalmidia.net\/wp-content\/uploads\/2025\/09\/ace90b6b-7a9a-4dbf-99b9-d3c4c6b9388b-1-272x300.jpeg 272w, https:\/\/portalmidia.net\/wp-content\/uploads\/2025\/09\/ace90b6b-7a9a-4dbf-99b9-d3c4c6b9388b-1.jpeg 720w\" sizes=\"(max-width: 545px) 100vw, 545px\" \/>Segundo o prefeito Al\u00edrio Filho, a Telemedicina \u00e9 mais uma prova do compromisso da gest\u00e3o em ampliar e modernizar os servi\u00e7os de sa\u00fade:<\/p>\n<p><img decoding=\"async\" class=\"alignnone size-large wp-image-55362\" src=\"https:\/\/portalmidia.net\/wp-content\/uploads\/2025\/09\/b8a48c13-2174-41ab-a54b-d8937afadfa7-458x600.jpeg\" alt=\"\" width=\"458\" height=\"600\" srcset=\"https:\/\/portalmidia.net\/wp-content\/uploads\/2025\/09\/b8a48c13-2174-41ab-a54b-d8937afadfa7-458x600.jpeg 458w, https:\/\/portalmidia.net\/wp-content\/uploads\/2025\/09\/b8a48c13-2174-41ab-a54b-d8937afadfa7-229x300.jpeg 229w, https:\/\/portalmidia.net\/wp-content\/uploads\/2025\/09\/b8a48c13-2174-41ab-a54b-d8937afadfa7.jpeg 720w\" sizes=\"(max-width: 458px) 100vw, 458px\" \/>\u201cNosso objetivo \u00e9 aproximar a sa\u00fade das pessoas, encurtar dist\u00e2ncias e oferecer atendimentos que realmente fa\u00e7am a diferen\u00e7a. A Telemedicina chega para garantir que a popula\u00e7\u00e3o de Alagoinha tenha acesso a m\u00e9dicos de diversas especialidades com agilidade e seguran\u00e7a\u201d, destacou o prefeito.<\/p>\n<p>Com tecnologia aliada ao cuidado humano, Alagoinha segue avan\u00e7ando e mostrando que investir em sa\u00fade \u00e9 investir no futuro da cidade.<\/p>\n","protected":false},"excerpt":{"rendered":"<p>A sa\u00fade em Alagoinha vive um novo momento com a chegada da Telemedicina, implantada pela gest\u00e3o do prefeito Al\u00edrio Filho. A iniciativa j\u00e1 est\u00e1 transformando o atendimento da popula\u00e7\u00e3o, oferecendo mais rapidez, efici\u00eancia e acesso a diversas especialidades m\u00e9dicas sem que os moradores precisem se deslocar para outros centros. Um dos maiores avan\u00e7os foi a<\/p>\n","protected":false},"author":5,"featured_media":55359,"comment_status":"open","ping_status":"open","sticky":false,"template":"","format":"standard","meta":{"_eb_attr":"","footnotes":""},"categories":[7,5],"tags":[],"class_list":["post-55358","post","type-post","status-publish","format-standard","has-post-thumbnail","hentry","category-destaque","category-saude"],"_links":{"self":[{"href":"https:\/\/portalmidia.net\/index.php\/wp-json\/wp\/v2\/posts\/55358","targetHints":{"allow":["GET"]}}],"collection":[{"href":"https:\/\/portalmidia.net\/index.php\/wp-json\/wp\/v2\/posts"}],"about":[{"href":"https:\/\/portalmidia.net\/index.php\/wp-json\/wp\/v2\/types\/post"}],"author":[{"embeddable":true,"href":"https:\/\/portalmidia.net\/index.php\/wp-json\/wp\/v2\/users\/5"}],"replies":[{"embeddable":true,"href":"https:\/\/portalmidia.net\/index.php\/wp-json\/wp\/v2\/comments?post=55358"}],"version-history":[{"count":1,"href":"https:\/\/portalmidia.net\/index.php\/wp-json\/wp\/v2\/posts\/55358\/revisions"}],"predecessor-version":[{"id":55363,"href":"https:\/\/portalmidia.net\/index.php\/wp-json\/wp\/v2\/posts\/55358\/revisions\/55363"}],"wp:featuredmedia":[{"embeddable":true,"href":"https:\/\/portalmidia.net\/index.php\/wp-json\/wp\/v2\/media\/55359"}],"wp:attachment":[{"href":"https:\/\/portalmidia.net\/index.php\/wp-json\/wp\/v2\/media?parent=55358"}],"wp:term":[{"taxonomy":"category","embeddable":true,"href":"https:\/\/portalmidia.net\/index.php\/wp-json\/wp\/v2\/categories?post=55358"},{"taxonomy":"post_tag","embeddable":true,"href":"https:\/\/portalmidia.net\/index.php\/wp-json\/wp\/v2\/tags?post=55358"}],"curies":[{"name":"wp","href":"https:\/\/api.w.org\/{rel}","templated":true}]}}