 {"id":55477,"date":"2025-09-15T07:19:44","date_gmt":"2025-09-15T10:19:44","guid":{"rendered":"https:\/\/portalmidia.net\/?p=55477"},"modified":"2025-09-15T07:19:44","modified_gmt":"2025-09-15T10:19:44","slug":"policia-militar-cumpre-mandado-de-prisao-por-trafico-de-drogas-em-araruna","status":"publish","type":"post","link":"https:\/\/portalmidia.net\/index.php\/2025\/09\/15\/policia-militar-cumpre-mandado-de-prisao-por-trafico-de-drogas-em-araruna\/","title":{"rendered":"POL\u00cdCIA MILITAR CUMPRE MANDADO DE PRIS\u00c3O POR TR\u00c1FICO DE DROGAS EM ARARUNA"},"content":{"rendered":"<p>Na tarde desta quarta-feira (10), policias da 7\u00aa CIPM realizaram a pris\u00e3o de um indiv\u00edduo procurado pela Justi\u00e7a pelo crime de tr\u00e1fico de drogas. O mandado havia sido expedido pela 1\u00aa Vara Mista de Araruna-PB.<\/p>\n<p>A a\u00e7\u00e3o aconteceu ap\u00f3s a guarni\u00e7\u00e3o receber informa\u00e7\u00f5es sobre a localiza\u00e7\u00e3o do acusado. De imediato, os policiais se dirigiram ao ponto indicado e, ao chegarem ao local, localizaram o homem. Foi dada voz de pris\u00e3o e, em seguida, ele foi conduzido para a Delegacia de Pol\u00edcia Civil da cidade de Cacimba de Dentro-PB, onde foram adotadas as medidas cab\u00edveis.<\/p>\n<p>Com mais essa atua\u00e7\u00e3o, a Pol\u00edcia Militar refor\u00e7a seu compromisso com a seguran\u00e7a p\u00fablica e o cumprimento das decis\u00f5es judiciais, garantindo maior tranquilidade para a popula\u00e7\u00e3o.<\/p>\n<p>&nbsp;<\/p>\n<p>*Se\u00e7\u00e3o de Comunica\u00e7\u00e3o Social e Marketing Institucional da 7\u00aa CIPM*<\/p>\n","protected":false},"excerpt":{"rendered":"<p>Na tarde desta quarta-feira (10), policias da 7\u00aa CIPM realizaram a pris\u00e3o de um indiv\u00edduo procurado pela Justi\u00e7a pelo crime de tr\u00e1fico de drogas. O mandado havia sido expedido pela 1\u00aa Vara Mista de Araruna-PB. A a\u00e7\u00e3o aconteceu ap\u00f3s a guarni\u00e7\u00e3o receber informa\u00e7\u00f5es sobre a localiza\u00e7\u00e3o do acusado. De imediato, os policiais se dirigiram ao<\/p>\n","protected":false},"author":5,"featured_media":55478,"comment_status":"open","ping_status":"open","sticky":false,"template":"","format":"standard","meta":{"_eb_attr":"","footnotes":""},"categories":[2],"tags":[],"class_list":["post-55477","post","type-post","status-publish","format-standard","has-post-thumbnail","hentry","category-policial"],"_links":{"self":[{"href":"https:\/\/portalmidia.net\/index.php\/wp-json\/wp\/v2\/posts\/55477","targetHints":{"allow":["GET"]}}],"collection":[{"href":"https:\/\/portalmidia.net\/index.php\/wp-json\/wp\/v2\/posts"}],"about":[{"href":"https:\/\/portalmidia.net\/index.php\/wp-json\/wp\/v2\/types\/post"}],"author":[{"embeddable":true,"href":"https:\/\/portalmidia.net\/index.php\/wp-json\/wp\/v2\/users\/5"}],"replies":[{"embeddable":true,"href":"https:\/\/portalmidia.net\/index.php\/wp-json\/wp\/v2\/comments?post=55477"}],"version-history":[{"count":1,"href":"https:\/\/portalmidia.net\/index.php\/wp-json\/wp\/v2\/posts\/55477\/revisions"}],"predecessor-version":[{"id":55479,"href":"https:\/\/portalmidia.net\/index.php\/wp-json\/wp\/v2\/posts\/55477\/revisions\/55479"}],"wp:featuredmedia":[{"embeddable":true,"href":"https:\/\/portalmidia.net\/index.php\/wp-json\/wp\/v2\/media\/55478"}],"wp:attachment":[{"href":"https:\/\/portalmidia.net\/index.php\/wp-json\/wp\/v2\/media?parent=55477"}],"wp:term":[{"taxonomy":"category","embeddable":true,"href":"https:\/\/portalmidia.net\/index.php\/wp-json\/wp\/v2\/categories?post=55477"},{"taxonomy":"post_tag","embeddable":true,"href":"https:\/\/portalmidia.net\/index.php\/wp-json\/wp\/v2\/tags?post=55477"}],"curies":[{"name":"wp","href":"https:\/\/api.w.org\/{rel}","templated":true}]}}