 {"id":55505,"date":"2025-09-15T15:40:13","date_gmt":"2025-09-15T18:40:13","guid":{"rendered":"https:\/\/portalmidia.net\/?p=55505"},"modified":"2025-09-15T15:40:13","modified_gmt":"2025-09-15T18:40:13","slug":"mantendo-a-tradicao-pirpirituba-realiza-encontro-de-bandas-no-dia-20-de-setembro","status":"publish","type":"post","link":"https:\/\/portalmidia.net\/index.php\/2025\/09\/15\/mantendo-a-tradicao-pirpirituba-realiza-encontro-de-bandas-no-dia-20-de-setembro\/","title":{"rendered":"Mantendo a Tradi\u00e7\u00e3o: Pirpirituba Realiza Encontro de Bandas no Dia 20 de Setembro"},"content":{"rendered":"<p>A Prefeitura Municipal de Pirpirituba, por meio da Secretaria de Desenvolvimento Social, Educa\u00e7\u00e3o e Cultura, realizar\u00e1 no pr\u00f3ximo dia 20 de setembro \u00e0s 15h o tradicional Encontro de Bandas Marciais, um dos eventos mais aguardados do calend\u00e1rio c\u00edvico e cultural da cidade.<br \/>\nO encontro acontecer\u00e1 como parte das celebra\u00e7\u00f5es do m\u00eas da Independ\u00eancia do Brasil, refor\u00e7ando os valores de patriotismo, civismo e o compromisso com a preserva\u00e7\u00e3o das tradi\u00e7\u00f5es culturais da regi\u00e3o. O evento contar\u00e1 com a participa\u00e7\u00e3o de diversas bandas marciais e convidados de cidades vizinhas.<\/p>\n<p>O Encontro de Bandas ser\u00e1 realizado na Pra\u00e7a da Cultura, a partir das 17h, com desfiles coreografados, apresenta\u00e7\u00f5es musicais e execu\u00e7\u00f5es de hinos e can\u00e7\u00f5es que exaltam o amor \u00e0 p\u00e1tria. \u201cO Encontro de Bandas \u00e9 mais do que uma apresenta\u00e7\u00e3o. \u00c9 um s\u00edmbolo da dedica\u00e7\u00e3o dos nossos jovens e do compromisso da gest\u00e3o com a cultura e a educa\u00e7\u00e3o do nosso munic\u00edpio.\u201d Destacou o Prefeito Danilo Rocha<\/p>\n<p>O Encontro de Bandas de Pirpirituba j\u00e1 \u00e9 tradi\u00e7\u00e3o e atrai todos os anos grande p\u00fablico, se consolidando como um momento especial de express\u00e3o art\u00edstica e c\u00edvica. A popula\u00e7\u00e3o est\u00e1 convidada a prestigiar o evento e celebrar, junto \u00e0s bandas, o orgulho de ser brasileiro.<\/p>\n","protected":false},"excerpt":{"rendered":"<p>A Prefeitura Municipal de Pirpirituba, por meio da Secretaria de Desenvolvimento Social, Educa\u00e7\u00e3o e Cultura, realizar\u00e1 no pr\u00f3ximo dia 20 de setembro \u00e0s 15h o tradicional Encontro de Bandas Marciais, um dos eventos mais aguardados do calend\u00e1rio c\u00edvico e cultural da cidade. O encontro acontecer\u00e1 como parte das celebra\u00e7\u00f5es do m\u00eas da Independ\u00eancia do Brasil,<\/p>\n","protected":false},"author":5,"featured_media":55506,"comment_status":"open","ping_status":"open","sticky":false,"template":"","format":"standard","meta":{"_eb_attr":"","footnotes":""},"categories":[6],"tags":[],"class_list":["post-55505","post","type-post","status-publish","format-standard","has-post-thumbnail","hentry","category-sexualidade-e-comportamento"],"_links":{"self":[{"href":"https:\/\/portalmidia.net\/index.php\/wp-json\/wp\/v2\/posts\/55505","targetHints":{"allow":["GET"]}}],"collection":[{"href":"https:\/\/portalmidia.net\/index.php\/wp-json\/wp\/v2\/posts"}],"about":[{"href":"https:\/\/portalmidia.net\/index.php\/wp-json\/wp\/v2\/types\/post"}],"author":[{"embeddable":true,"href":"https:\/\/portalmidia.net\/index.php\/wp-json\/wp\/v2\/users\/5"}],"replies":[{"embeddable":true,"href":"https:\/\/portalmidia.net\/index.php\/wp-json\/wp\/v2\/comments?post=55505"}],"version-history":[{"count":1,"href":"https:\/\/portalmidia.net\/index.php\/wp-json\/wp\/v2\/posts\/55505\/revisions"}],"predecessor-version":[{"id":55507,"href":"https:\/\/portalmidia.net\/index.php\/wp-json\/wp\/v2\/posts\/55505\/revisions\/55507"}],"wp:featuredmedia":[{"embeddable":true,"href":"https:\/\/portalmidia.net\/index.php\/wp-json\/wp\/v2\/media\/55506"}],"wp:attachment":[{"href":"https:\/\/portalmidia.net\/index.php\/wp-json\/wp\/v2\/media?parent=55505"}],"wp:term":[{"taxonomy":"category","embeddable":true,"href":"https:\/\/portalmidia.net\/index.php\/wp-json\/wp\/v2\/categories?post=55505"},{"taxonomy":"post_tag","embeddable":true,"href":"https:\/\/portalmidia.net\/index.php\/wp-json\/wp\/v2\/tags?post=55505"}],"curies":[{"name":"wp","href":"https:\/\/api.w.org\/{rel}","templated":true}]}}