 {"id":56163,"date":"2025-10-10T17:54:28","date_gmt":"2025-10-10T20:54:28","guid":{"rendered":"https:\/\/portalmidia.net\/?p=56163"},"modified":"2025-10-10T17:55:05","modified_gmt":"2025-10-10T20:55:05","slug":"tradicao-e-civismo-museu-de-historia-da-paraiba-apresenta-cerimonia-da-troca-de-guarda-todas-as-sextas","status":"publish","type":"post","link":"https:\/\/portalmidia.net\/index.php\/2025\/10\/10\/tradicao-e-civismo-museu-de-historia-da-paraiba-apresenta-cerimonia-da-troca-de-guarda-todas-as-sextas\/","title":{"rendered":"Tradi\u00e7\u00e3o e civismo: Museu de Hist\u00f3ria da Para\u00edba apresenta cerim\u00f4nia da Troca de Guarda todas as sextas"},"content":{"rendered":"<p>Inaugurado no dia 3 de outubro, o Museu de Hist\u00f3ria da Para\u00edba, instalado no Pal\u00e1cio da Reden\u00e7\u00e3o, em Jo\u00e3o Pessoa, al\u00e9m de apresentar a beleza arquitet\u00f4nica e um enorme acervo cultural sobre a hist\u00f3ria paraibana, conta tamb\u00e9m com um ato tradicional, chamado de Troca de Guarda. Todas as sextas-feiras, pontualmente \u00e0s 9h, a \u00e1rea em frente ao Museu se transforma em palco para esta cerim\u00f4nia que une rigor militar e tradi\u00e7\u00e3o c\u00edvica, atraindo a aten\u00e7\u00e3o dos pessoenses e turistas que visitam o local.<\/p>\n<p><img fetchpriority=\"high\" decoding=\"async\" class=\"aligncenter size-large wp-image-56165\" src=\"https:\/\/portalmidia.net\/wp-content\/uploads\/2025\/10\/IMG_9686-600x338.jpeg\" alt=\"\" width=\"600\" height=\"338\" srcset=\"https:\/\/portalmidia.net\/wp-content\/uploads\/2025\/10\/IMG_9686-600x338.jpeg 600w, https:\/\/portalmidia.net\/wp-content\/uploads\/2025\/10\/IMG_9686-300x169.jpeg 300w, https:\/\/portalmidia.net\/wp-content\/uploads\/2025\/10\/IMG_9686-768x432.jpeg 768w, https:\/\/portalmidia.net\/wp-content\/uploads\/2025\/10\/IMG_9686.jpeg 1280w\" sizes=\"(max-width: 600px) 100vw, 600px\" \/>O Museu ganha ainda mais destaque com a presen\u00e7a dos militares que cumprem este ritual. Nesta sexta-feira (10), a cerim\u00f4nia foi marcada pela precis\u00e3o dos movimentos de Ordem Unida e ofereceu aos visitantes uma experi\u00eancia imersiva na cultura e no apre\u00e7o pelas institui\u00e7\u00f5es do estado.<\/p>\n<p><img decoding=\"async\" class=\"aligncenter size-large wp-image-56166\" src=\"https:\/\/portalmidia.net\/wp-content\/uploads\/2025\/10\/IMG_9685-600x338.jpeg\" alt=\"\" width=\"600\" height=\"338\" srcset=\"https:\/\/portalmidia.net\/wp-content\/uploads\/2025\/10\/IMG_9685-600x338.jpeg 600w, https:\/\/portalmidia.net\/wp-content\/uploads\/2025\/10\/IMG_9685-300x169.jpeg 300w, https:\/\/portalmidia.net\/wp-content\/uploads\/2025\/10\/IMG_9685-768x432.jpeg 768w, https:\/\/portalmidia.net\/wp-content\/uploads\/2025\/10\/IMG_9685.jpeg 1280w\" sizes=\"(max-width: 600px) 100vw, 600px\" \/>Para o chefe da Casa Militar, coronel Marques J\u00fanior, o evento \u00e9 um verdadeiro espet\u00e1culo de disciplina e um elo vivo com o passado e a identidade da Para\u00edba. \u201cA Troca de Guarda representa a substitui\u00e7\u00e3o simb\u00f3lica da guarda que protege um local, como um pal\u00e1cio presidencial ou real. Simboliza continuidade, disciplina, autoridade e tradi\u00e7\u00e3o. No caso do Museu de Hist\u00f3ria da Para\u00edba \u00e9 uma demonstra\u00e7\u00e3o de disciplina militar e profissionalismo, com os guardas executando movimentos precisos e sincronizados\u201d, explicou.<\/p>\n<p><img decoding=\"async\" class=\"aligncenter size-large wp-image-56167\" src=\"https:\/\/portalmidia.net\/wp-content\/uploads\/2025\/10\/IMG_9683-600x338.jpeg\" alt=\"\" width=\"600\" height=\"338\" srcset=\"https:\/\/portalmidia.net\/wp-content\/uploads\/2025\/10\/IMG_9683-600x338.jpeg 600w, https:\/\/portalmidia.net\/wp-content\/uploads\/2025\/10\/IMG_9683-300x169.jpeg 300w, https:\/\/portalmidia.net\/wp-content\/uploads\/2025\/10\/IMG_9683-768x432.jpeg 768w, https:\/\/portalmidia.net\/wp-content\/uploads\/2025\/10\/IMG_9683.jpeg 1280w\" sizes=\"(max-width: 600px) 100vw, 600px\" \/>Troca de Guarda\u00a0&#8211; As cerim\u00f4nias de Troca de Guarda se originaram de exerc\u00edcios militares, introduzidos para melhorar a coes\u00e3o e a efic\u00e1cia das unidades. Podem ocorrer em diversas institui\u00e7\u00f5es, como quart\u00e9is, pal\u00e1cios presidenciais e outras instala\u00e7\u00f5es oficiais. Em muitos locais, a cerim\u00f4nia \u00e9 uma atra\u00e7\u00e3o tur\u00edstica famosa, como no\u00a0Pal\u00e1cio de Buckingham, em Londres, e no\u00a0Pal\u00e1cio de La Moneda, em Santiago, no Chile.<\/p>\n<p><img loading=\"lazy\" decoding=\"async\" class=\"aligncenter size-large wp-image-56168\" src=\"https:\/\/portalmidia.net\/wp-content\/uploads\/2025\/10\/IMG_9676-600x338.jpeg\" alt=\"\" width=\"600\" height=\"338\" srcset=\"https:\/\/portalmidia.net\/wp-content\/uploads\/2025\/10\/IMG_9676-600x338.jpeg 600w, https:\/\/portalmidia.net\/wp-content\/uploads\/2025\/10\/IMG_9676-300x169.jpeg 300w, https:\/\/portalmidia.net\/wp-content\/uploads\/2025\/10\/IMG_9676-768x432.jpeg 768w, https:\/\/portalmidia.net\/wp-content\/uploads\/2025\/10\/IMG_9676.jpeg 1280w\" sizes=\"(max-width: 600px) 100vw, 600px\" \/>Museu de Hist\u00f3ria da Para\u00edba\u00a0\u2013\u00a0A obra feita pelo Governo da Para\u00edba \u00e9 a maior j\u00e1 executada no Pal\u00e1cio da Reden\u00e7\u00e3o desde sua constru\u00e7\u00e3o. Com investimento superior a R$ 11,5 milh\u00f5es, os servi\u00e7os contemplaram uma \u00e1rea total de 3.074,80 m\u00b2, abrangendo tanto o pr\u00e9dio principal quanto o anexo, e marcou um novo cap\u00edtulo na valoriza\u00e7\u00e3o do Centro Hist\u00f3rico de Jo\u00e3o Pessoa. A visita\u00e7\u00e3o \u00e9 gratuita e ocorre de ter\u00e7a-feira a domingo, \u00e0s 9h, 11h, 13h e 15h. J\u00e1 a cerim\u00f4nia da Troca de Guarda acontece toda sexta-feira, \u00e0s 9h.<\/p>\n<p>&nbsp;<\/p>\n","protected":false},"excerpt":{"rendered":"<p>Inaugurado no dia 3 de outubro, o Museu de Hist\u00f3ria da Para\u00edba, instalado no Pal\u00e1cio da Reden\u00e7\u00e3o, em Jo\u00e3o Pessoa, al\u00e9m de apresentar a beleza arquitet\u00f4nica e um enorme acervo cultural sobre a hist\u00f3ria paraibana, conta tamb\u00e9m com um ato tradicional, chamado de Troca de Guarda. Todas as sextas-feiras, pontualmente \u00e0s 9h, a \u00e1rea em<\/p>\n","protected":false},"author":5,"featured_media":56164,"comment_status":"open","ping_status":"open","sticky":false,"template":"","format":"standard","meta":{"_eb_attr":"","footnotes":""},"categories":[7,6],"tags":[1108,1037],"class_list":["post-56163","post","type-post","status-publish","format-standard","has-post-thumbnail","hentry","category-destaque","category-sexualidade-e-comportamento","tag-guarda","tag-museu-da-historia-da-paraiba"],"_links":{"self":[{"href":"https:\/\/portalmidia.net\/index.php\/wp-json\/wp\/v2\/posts\/56163","targetHints":{"allow":["GET"]}}],"collection":[{"href":"https:\/\/portalmidia.net\/index.php\/wp-json\/wp\/v2\/posts"}],"about":[{"href":"https:\/\/portalmidia.net\/index.php\/wp-json\/wp\/v2\/types\/post"}],"author":[{"embeddable":true,"href":"https:\/\/portalmidia.net\/index.php\/wp-json\/wp\/v2\/users\/5"}],"replies":[{"embeddable":true,"href":"https:\/\/portalmidia.net\/index.php\/wp-json\/wp\/v2\/comments?post=56163"}],"version-history":[{"count":1,"href":"https:\/\/portalmidia.net\/index.php\/wp-json\/wp\/v2\/posts\/56163\/revisions"}],"predecessor-version":[{"id":56183,"href":"https:\/\/portalmidia.net\/index.php\/wp-json\/wp\/v2\/posts\/56163\/revisions\/56183"}],"wp:featuredmedia":[{"embeddable":true,"href":"https:\/\/portalmidia.net\/index.php\/wp-json\/wp\/v2\/media\/56164"}],"wp:attachment":[{"href":"https:\/\/portalmidia.net\/index.php\/wp-json\/wp\/v2\/media?parent=56163"}],"wp:term":[{"taxonomy":"category","embeddable":true,"href":"https:\/\/portalmidia.net\/index.php\/wp-json\/wp\/v2\/categories?post=56163"},{"taxonomy":"post_tag","embeddable":true,"href":"https:\/\/portalmidia.net\/index.php\/wp-json\/wp\/v2\/tags?post=56163"}],"curies":[{"name":"wp","href":"https:\/\/api.w.org\/{rel}","templated":true}]}}