 {"id":5647,"date":"2023-08-17T10:14:38","date_gmt":"2023-08-17T13:14:38","guid":{"rendered":"https:\/\/portalmidia.net\/?p=5647"},"modified":"2023-08-17T10:14:38","modified_gmt":"2023-08-17T13:14:38","slug":"tse-nao-vai-tolerar-candidaturas-femininas-ficticias-diz-ministra","status":"publish","type":"post","link":"https:\/\/portalmidia.net\/index.php\/2023\/08\/17\/tse-nao-vai-tolerar-candidaturas-femininas-ficticias-diz-ministra\/","title":{"rendered":"TSE n\u00e3o vai tolerar candidaturas femininas fict\u00edcias, diz ministra"},"content":{"rendered":"<p style=\"text-align: justify;\">O Tribunal Superior Eleitoral (TSE) n\u00e3o vai aceitar que partidos pol\u00edticos registrem candidaturas femininas fict\u00edcias com o objetivo de cumprir as cotas de g\u00eanero. A afirma\u00e7\u00e3o \u00e9 da ministra substituta Edilene Lobo, que participou do\u00a0<em>Rep\u00f3rter Brasil<\/em>, da\u00a0<strong>TV Brasil<\/strong>, nesta quarta-feira (16).\u00a0<img decoding=\"async\" src=\"https:\/\/agenciabrasil.ebc.com.br\/ebc.png?id=1549491&amp;o=node\" \/><img decoding=\"async\" src=\"https:\/\/agenciabrasil.ebc.com.br\/ebc.gif?id=1549491&amp;o=node\" \/><\/p>\n<p style=\"text-align: justify;\">\u201cA justi\u00e7a eleitoral est\u00e1 vigilante. O TSE d\u00e1 mostras muito firmes de que n\u00e3o tolerar\u00e1 candidaturas fict\u00edcias. Se\u00a0insistir com o registro de candidaturas femininas fict\u00edcias, o resultado \u00e9 esse: aqueles que por ventura forem eleitos \u00e0s custas dessa fraude perder\u00e3o seus mandatos\u201d, disse a ministra, que foi empossada na semana passada. Edilene \u00e9 a\u00a0primeira mulher negra\u00a0a assumir uma cadeira no tribunal.<\/p>\n<p style=\"text-align: justify;\">Nos \u00faltimos meses, o\u00a0TSE cassou diversos mandatos\u00a0por fraude \u00e0s cotas de g\u00eanero nas elei\u00e7\u00f5es de 2020.<\/p>\n<p style=\"text-align: justify;\">Segundo a ministra, os ind\u00edcios de fraudes s\u00e3o vota\u00e7\u00e3o baixa ou nenhuma vota\u00e7\u00e3o, aus\u00eancia de atos de propaganda eleitoral, aus\u00eancia de participa\u00e7\u00e3o de mulheres na campanha e falta de recursos destinados a campanhas femininas.\u00a0 \u201cEvidenciada a fraude, com as a\u00e7\u00f5es competentes, com certeza o TSE diz que \u00e9 caso de cassa\u00e7\u00e3o de mandato\u201d, diz Edilene.<\/p>\n<p style=\"text-align: justify;\">A ministra tamb\u00e9m destacou a import\u00e2ncia da inclus\u00e3o\u00a0 de mulheres negras na vida p\u00fablica. \u201cMe ver nesse lugar \u00e9 possibilitar \u00e0s meninas e mulheres negras compreenderem que todos os lugares nos cabem. Claro que para n\u00f3s \u00e9 mais dif\u00edcil: as oportunidades n\u00e3o chegam, os espa\u00e7os s\u00e3o limitados. Mas precisamos compreender que a inclus\u00e3o e a visibilidade de mulheres negras na vida p\u00fablica \u00e9 cumprir a Constitui\u00e7\u00e3o Federal\u201d, pontuou.<\/p>\n<p>&nbsp;<\/p>\n<p>&nbsp;<\/p>\n<p>&nbsp;<\/p>\n<p>&nbsp;<\/p>\n<p>&nbsp;<\/p>\n<p>agenciabrasil<\/p>\n","protected":false},"excerpt":{"rendered":"<p>O Tribunal Superior Eleitoral (TSE) n\u00e3o vai aceitar que partidos pol\u00edticos registrem candidaturas femininas fict\u00edcias com o objetivo de cumprir as cotas de g\u00eanero. A afirma\u00e7\u00e3o \u00e9 da ministra substituta Edilene Lobo, que participou do\u00a0Rep\u00f3rter Brasil, da\u00a0TV Brasil, nesta quarta-feira (16).\u00a0 \u201cA justi\u00e7a eleitoral est\u00e1 vigilante. O TSE d\u00e1 mostras muito firmes de que n\u00e3o<\/p>\n","protected":false},"author":1,"featured_media":5649,"comment_status":"open","ping_status":"open","sticky":false,"template":"","format":"standard","meta":{"_eb_attr":"","footnotes":""},"categories":[7,3],"tags":[],"class_list":["post-5647","post","type-post","status-publish","format-standard","has-post-thumbnail","hentry","category-destaque","category-politica"],"_links":{"self":[{"href":"https:\/\/portalmidia.net\/index.php\/wp-json\/wp\/v2\/posts\/5647","targetHints":{"allow":["GET"]}}],"collection":[{"href":"https:\/\/portalmidia.net\/index.php\/wp-json\/wp\/v2\/posts"}],"about":[{"href":"https:\/\/portalmidia.net\/index.php\/wp-json\/wp\/v2\/types\/post"}],"author":[{"embeddable":true,"href":"https:\/\/portalmidia.net\/index.php\/wp-json\/wp\/v2\/users\/1"}],"replies":[{"embeddable":true,"href":"https:\/\/portalmidia.net\/index.php\/wp-json\/wp\/v2\/comments?post=5647"}],"version-history":[{"count":0,"href":"https:\/\/portalmidia.net\/index.php\/wp-json\/wp\/v2\/posts\/5647\/revisions"}],"wp:featuredmedia":[{"embeddable":true,"href":"https:\/\/portalmidia.net\/index.php\/wp-json\/wp\/v2\/media\/5649"}],"wp:attachment":[{"href":"https:\/\/portalmidia.net\/index.php\/wp-json\/wp\/v2\/media?parent=5647"}],"wp:term":[{"taxonomy":"category","embeddable":true,"href":"https:\/\/portalmidia.net\/index.php\/wp-json\/wp\/v2\/categories?post=5647"},{"taxonomy":"post_tag","embeddable":true,"href":"https:\/\/portalmidia.net\/index.php\/wp-json\/wp\/v2\/tags?post=5647"}],"curies":[{"name":"wp","href":"https:\/\/api.w.org\/{rel}","templated":true}]}}