 {"id":5708,"date":"2023-08-18T08:43:34","date_gmt":"2023-08-18T11:43:34","guid":{"rendered":"https:\/\/portalmidia.net\/?p=5708"},"modified":"2023-08-18T08:43:34","modified_gmt":"2023-08-18T11:43:34","slug":"exclusivo-pgr-denuncia-e-pede-prisao-do-atual-comandante-da-pmdf-e-de-mais-6-oficiais-da-cupula-por-8-1","status":"publish","type":"post","link":"https:\/\/portalmidia.net\/index.php\/2023\/08\/18\/exclusivo-pgr-denuncia-e-pede-prisao-do-atual-comandante-da-pmdf-e-de-mais-6-oficiais-da-cupula-por-8-1\/","title":{"rendered":"Exclusivo: PGR denuncia e pede pris\u00e3o do atual comandante da PMDF e de mais 6 oficiais da c\u00fapula por 8\/1"},"content":{"rendered":"<p style=\"text-align: justify;\">A Procuradoria-Geral da Rep\u00fablica (PGR) denunciou e pediu pris\u00e3o preventiva ao Supremo Tribunal Federal (STF), nessa quinta-feira (16\/8), do comandante-geral da Pol\u00edcia Militar do Distrito Federal\u00a0(PMDF), coronel Klepter Rosa Gon\u00e7alves, do ex-comandante da corpora\u00e7\u00e3o coronel F\u00e1bio Augusto Vieira e de mais cinco oficiais que integravam a c\u00fapula da PMDF durante os\u00a0atos antidemocr\u00e1ticos de 8 de janeiro.<\/p>\n<p style=\"text-align: justify;\" data-gtm-vis-recent-on-screen-104869357_94=\"35287\" data-gtm-vis-first-on-screen-104869357_94=\"35287\" data-gtm-vis-total-visible-time-104869357_94=\"100\" data-gtm-vis-has-fired-104869357_94=\"1\">O subprocurador-geral da Rep\u00fablica Carlos Frederico Santos acusa os oficiais de omiss\u00e3o. No entendimento da\u00a0<a href=\"https:\/\/www.metropoles.com\/tag\/pgr\" target=\"_blank\" rel=\"noopener\">PGR<\/a>, os sete policiais que integravam a c\u00fapula da PMDF poderiam ter agido para evitar a invas\u00e3o \u00e0s sedes dos Tr\u00eas Poderes.<\/p>\n<div class=\"m-carousel-post\" style=\"text-align: justify;\" data-gtm-vis-recent-on-screen-104869357_189=\"37136\" data-gtm-vis-first-on-screen-104869357_189=\"37136\" data-gtm-vis-total-visible-time-104869357_189=\"100\" data-gtm-vis-has-fired-104869357_189=\"1\">\n<div class=\"siema m-siema-single-item rendered\">\n<div>\n<div>\n<div class=\"siema-item\">\n<div class=\"m-image-carousel\">\n<p>O relator do inqu\u00e9rito, ministro Alexandre de Moraes, vai decidir se aceita ou n\u00e3o a den\u00fancia. Caso Moraes receba a den\u00fancia da PGR, os policiais se tornar\u00e3o r\u00e9us por suposta omiss\u00e3o e poder\u00e3o responder pelos crimes de aboli\u00e7\u00e3o violenta do Estado de democr\u00e1tico de direito, golpe de estado, dano qualificado, deteriora\u00e7\u00e3o de patrim\u00f4nio tombado e viola\u00e7\u00e3o dos deveres impostos a eles pela lei.<\/p>\n<div class=\"m-banner-teads\"><\/div>\n<p><strong>Os denunciados s\u00e3o:<\/strong><\/p>\n<ul>\n<li>coronel F\u00e1bio Augusto Vieira: era comandante-geral da PMDF no dia 8 de janeiro;<\/li>\n<li>coronel Klepter Rosa Gon\u00e7alves: era subcomandante da PMDF no dia 8 de janeiro e foi nomeado para o cargo de comandante-geral em 15 de fevereiro;<\/li>\n<li>coronel Jorge Eduardo Naime Barreto: era comandante do Departamento de Opera\u00e7\u00f5es em 8 de janeiro, mas tirou licen\u00e7a do cargo em 3 de janeiro;<\/li>\n<li>coronel Paulo Jos\u00e9 Ferreira de Sousa Bezerra: estava no comando do Departamento de Opera\u00e7\u00f5es no lugar de Naime em 8 de janeiro;<\/li>\n<li>coronel Marcelo Casimiro Vasconcelos Rodrigues: era chefe do 1\u00ba Comando de Policiamento Regional da PMDF em 8 de janeiro;<\/li>\n<li>major Fl\u00e1vio Silvestre de Alencar: atuou no dia 8 de janeiro; e<\/li>\n<li>tenente Rafael Pereira Martins: atuou no dia 8 de janeiro.<\/li>\n<\/ul>\n<p>A coluna acionou a defesa dos citados nesta reportagem. Os advogados do coronel F\u00e1bio Augusto, Jo\u00e3o Paulo Boaventura e Thiago Turbay, disse que \u201crecebe com estranheza o fato noticiado, em especial o pedido de pris\u00e3o preventiva, que n\u00e3o encontra suporte nos fatos e n\u00e3o h\u00e1 justificativa jur\u00eddica id\u00f4nea poss\u00edvel.\u201d<\/p>\n<div class=\"m-banner-wrap m-banner-rectangle m-publicity-content-middle\"><\/div>\n<p>\u201cConsiderando os fatos e as provas dispon\u00edveis, n\u00e3o h\u00e1 outra decis\u00e3o racionalmente motivada diferente da rejei\u00e7\u00e3o da den\u00fancia. O Cel. Fabio Vieira e sua defesa t\u00e9cnica reiteram a confian\u00e7a na Justi\u00e7a e no inarred\u00e1vel compromisso de fortalecimento da Democracia\u201d, afirmaram.<\/p>\n<p>A defesa do coronel Jorge Eduardo Naime tamb\u00e9m se posicionou, por meio de nota. No documento, os advogados Iuri Cavalcante Reis, Pedro Afonso Figueiredo e Izabella Hernandez Borges disseram que \u201ca defesa discorda do posicionamento do \u00f3rg\u00e3o acusador e provar\u00e1, em sua resposta \u00e0 acusa\u00e7\u00e3o, a inexist\u00eancia de qualquer conduta omissiva ou ato de coniv\u00eancia praticado no dia 8 de janeiro de 2023\u201d.<\/p>\n<p>\u201cPelo contr\u00e1rio, apesar de estar no gozo de uma dispensa-recompensa, o coronel foi convocado para se dirigir \u00e0 Pra\u00e7a dos Tr\u00eas Poderes, quando o tumulto j\u00e1 estava em est\u00e1gio bastante avan\u00e7ado, ocasi\u00e3o na qual atuou nos estritos termos legais, objetivando n\u00e3o s\u00f3 proteger e zelar o patrim\u00f4nio p\u00fablico, como tamb\u00e9m efetuou diversas pris\u00f5es de v\u00e2ndalos\u201d, afirmou a defesa de Naime.<\/p>\n<p>A defesa de Paulo Jos\u00e9 Ferreira informou que o coronel \u201ctem colaborado com as investiga\u00e7\u00f5es\u201d e que ele \u201csempre se colocou \u00e0 disposi\u00e7\u00e3o das autoridades para todos os esclarecimentos necess\u00e1rios\u201d. Advogado do militar, Cristiano de Oliveira Souza sustenta que o policial \u201chavia assumido o departamento operacional interinamente e a apenas cinco dias da manifesta\u00e7\u00e3o, tempo insuficiente para se inteirar de tudo o que se passava no Distrito Federal naquele momento\u201d.\u201d[Paulo Jos\u00e9] n\u00e3o participou de qualquer reuni\u00e3o de alinhamento para planejamento tampouco teve acesso aos relat\u00f3rios de intelig\u00eancia e \u00e0s an\u00e1lises de risco sobre as manifesta\u00e7\u00f5es\u201d, completou, em nota.<\/p>\n<div class=\"m-banner-wrap m-banner-rectangle m-publicity-content-middle\"><\/div>\n<p>Os demais militares mencionados nesta reportagem, e alvos da den\u00fancia da PGR, tamb\u00e9m foram acionados, mas ainda n\u00e3o haviam se posicionado at\u00e9 a \u00faltima atualiza\u00e7\u00e3o deste texto. O espa\u00e7o segue aberto para poss\u00edveis manifesta\u00e7\u00f5es.<\/p>\n<\/div>\n<\/div>\n<\/div>\n<\/div>\n<\/div>\n<\/div>\n<p style=\"text-align: justify;\">\n<p style=\"text-align: justify;\">\n<p style=\"text-align: justify;\">\n<p style=\"text-align: justify;\">metropoles<\/p>\n","protected":false},"excerpt":{"rendered":"<p>A Procuradoria-Geral da Rep\u00fablica (PGR) denunciou e pediu pris\u00e3o preventiva ao Supremo Tribunal Federal (STF), nessa quinta-feira (16\/8), do comandante-geral da Pol\u00edcia Militar do Distrito Federal\u00a0(PMDF), coronel Klepter Rosa Gon\u00e7alves, do ex-comandante da corpora\u00e7\u00e3o coronel F\u00e1bio Augusto Vieira e de mais cinco oficiais que integravam a c\u00fapula da PMDF durante os\u00a0atos antidemocr\u00e1ticos de 8 de<\/p>\n","protected":false},"author":1,"featured_media":5710,"comment_status":"open","ping_status":"open","sticky":false,"template":"","format":"standard","meta":{"_eb_attr":"","footnotes":""},"categories":[7,13],"tags":[],"class_list":["post-5708","post","type-post","status-publish","format-standard","has-post-thumbnail","hentry","category-destaque","category-noticias"],"_links":{"self":[{"href":"https:\/\/portalmidia.net\/index.php\/wp-json\/wp\/v2\/posts\/5708","targetHints":{"allow":["GET"]}}],"collection":[{"href":"https:\/\/portalmidia.net\/index.php\/wp-json\/wp\/v2\/posts"}],"about":[{"href":"https:\/\/portalmidia.net\/index.php\/wp-json\/wp\/v2\/types\/post"}],"author":[{"embeddable":true,"href":"https:\/\/portalmidia.net\/index.php\/wp-json\/wp\/v2\/users\/1"}],"replies":[{"embeddable":true,"href":"https:\/\/portalmidia.net\/index.php\/wp-json\/wp\/v2\/comments?post=5708"}],"version-history":[{"count":0,"href":"https:\/\/portalmidia.net\/index.php\/wp-json\/wp\/v2\/posts\/5708\/revisions"}],"wp:featuredmedia":[{"embeddable":true,"href":"https:\/\/portalmidia.net\/index.php\/wp-json\/wp\/v2\/media\/5710"}],"wp:attachment":[{"href":"https:\/\/portalmidia.net\/index.php\/wp-json\/wp\/v2\/media?parent=5708"}],"wp:term":[{"taxonomy":"category","embeddable":true,"href":"https:\/\/portalmidia.net\/index.php\/wp-json\/wp\/v2\/categories?post=5708"},{"taxonomy":"post_tag","embeddable":true,"href":"https:\/\/portalmidia.net\/index.php\/wp-json\/wp\/v2\/tags?post=5708"}],"curies":[{"name":"wp","href":"https:\/\/api.w.org\/{rel}","templated":true}]}}