 {"id":5716,"date":"2023-08-18T08:45:52","date_gmt":"2023-08-18T11:45:52","guid":{"rendered":"https:\/\/portalmidia.net\/?p=5716"},"modified":"2023-08-18T08:45:52","modified_gmt":"2023-08-18T11:45:52","slug":"defesa-de-bolsonaro-vai-adotar-medidas-judiciais-contra-delgatti","status":"publish","type":"post","link":"https:\/\/portalmidia.net\/index.php\/2023\/08\/18\/defesa-de-bolsonaro-vai-adotar-medidas-judiciais-contra-delgatti\/","title":{"rendered":"Defesa de Bolsonaro vai adotar medidas judiciais contra Delgatti"},"content":{"rendered":"<p style=\"text-align: justify;\">A defesa do ex-presidente Jair Bolsonaro informou nesta quinta-feira (17) que adotar\u00e1 medidas judiciais contra o hacker Walter Delgatti por ele ter apresentado \u201cinforma\u00e7\u00f5es e\u00a0alega\u00e7\u00f5es falsas\u201d em depoimento \u00e0 Comiss\u00e3o Parlamentar Mista de Inqu\u00e9rito (CPMI) dos Atos Golpistas.<img decoding=\"async\" src=\"https:\/\/agenciabrasil.ebc.com.br\/ebc.png?id=1549809&amp;o=node\" \/><img decoding=\"async\" src=\"https:\/\/agenciabrasil.ebc.com.br\/ebc.gif?id=1549809&amp;o=node\" \/><\/p>\n<p style=\"text-align: justify;\">\u201cConsiderando as informa\u00e7\u00f5es prestadas publicamente pelo depoente Sr. Walter Delgatti Neto perante a Comiss\u00e3o Parlamentar Mista de Inqu\u00e9rito na presente data, a defesa do ex-Presidente Jair Messias Bolsonaro, informa que adotar\u00e1 as medidas judiciais cab\u00edveis em face do depoente, que apresentou informa\u00e7\u00f5es e alega\u00e7\u00f5es falsas, totalmente desprovidas de qualquer tipo de prova, inclusive cometendo, em tese, o crime de cal\u00fania\u201d, diz a nota.<\/p>\n<p style=\"text-align: justify;\">No depoimento, Delgatti disse\u00a0que o ex-presidente havia prometido, em conversa por telefone, um indulto (perd\u00e3o de pena)\u00a0se assumisse um suposto grampo contra o ministro do Supremo Tribunal Federal (STF) Alexandre de Moraes. Delgatti ainda afirmou que,\u00a0a pedido de Bolsonaro, orientou os militares das For\u00e7as Armadas\u00a0na elabora\u00e7\u00e3o do\u00a0relat\u00f3rio sobre as urnas eletr\u00f4nicas\u00a0apresentado em 2022.<\/p>\n<p style=\"text-align: justify;\">Sobre o\u00a0encontro, no Pal\u00e1cio da Alvorada, a defesa de Jair Bolsonaro argumenta que a conversa foi sobre \u201csuposta vulnerabilidade no sistema eleitoral\u201d.<\/p>\n<p style=\"text-align: justify;\">\u201cO ent\u00e3o Presidente da Rep\u00fablica, na presen\u00e7a de testemunhas, determinou ao Minist\u00e9rio da Defesa a apura\u00e7\u00e3o das alega\u00e7\u00f5es, de acordo com os procedimentos legais e em conformidade com os princ\u00edpios republicanos, seguindo o mesmo padr\u00e3o de conduta observado em todas as suas a\u00e7\u00f5es enquanto chefe de Estado. Ap\u00f3s tal evento, o ex-Presidente nunca mais esteve na presen\u00e7a de tal depoente ou com ele manteve qualquer tipo de contato direto ou indireto\u201d, afirmam os advogados.<\/p>\n<p style=\"text-align: justify;\">\n<p style=\"text-align: justify;\">\n<p style=\"text-align: justify;\">\n<p style=\"text-align: justify;\">\n<p style=\"text-align: justify;\">\n<p style=\"text-align: justify;\">agenciabrasil<\/p>\n","protected":false},"excerpt":{"rendered":"<p>A defesa do ex-presidente Jair Bolsonaro informou nesta quinta-feira (17) que adotar\u00e1 medidas judiciais contra o hacker Walter Delgatti por ele ter apresentado \u201cinforma\u00e7\u00f5es e\u00a0alega\u00e7\u00f5es falsas\u201d em depoimento \u00e0 Comiss\u00e3o Parlamentar Mista de Inqu\u00e9rito (CPMI) dos Atos Golpistas. \u201cConsiderando as informa\u00e7\u00f5es prestadas publicamente pelo depoente Sr. Walter Delgatti Neto perante a Comiss\u00e3o Parlamentar Mista de<\/p>\n","protected":false},"author":1,"featured_media":5718,"comment_status":"open","ping_status":"open","sticky":false,"template":"","format":"standard","meta":{"_eb_attr":"","footnotes":""},"categories":[7,3],"tags":[],"class_list":["post-5716","post","type-post","status-publish","format-standard","has-post-thumbnail","hentry","category-destaque","category-politica"],"_links":{"self":[{"href":"https:\/\/portalmidia.net\/index.php\/wp-json\/wp\/v2\/posts\/5716","targetHints":{"allow":["GET"]}}],"collection":[{"href":"https:\/\/portalmidia.net\/index.php\/wp-json\/wp\/v2\/posts"}],"about":[{"href":"https:\/\/portalmidia.net\/index.php\/wp-json\/wp\/v2\/types\/post"}],"author":[{"embeddable":true,"href":"https:\/\/portalmidia.net\/index.php\/wp-json\/wp\/v2\/users\/1"}],"replies":[{"embeddable":true,"href":"https:\/\/portalmidia.net\/index.php\/wp-json\/wp\/v2\/comments?post=5716"}],"version-history":[{"count":0,"href":"https:\/\/portalmidia.net\/index.php\/wp-json\/wp\/v2\/posts\/5716\/revisions"}],"wp:featuredmedia":[{"embeddable":true,"href":"https:\/\/portalmidia.net\/index.php\/wp-json\/wp\/v2\/media\/5718"}],"wp:attachment":[{"href":"https:\/\/portalmidia.net\/index.php\/wp-json\/wp\/v2\/media?parent=5716"}],"wp:term":[{"taxonomy":"category","embeddable":true,"href":"https:\/\/portalmidia.net\/index.php\/wp-json\/wp\/v2\/categories?post=5716"},{"taxonomy":"post_tag","embeddable":true,"href":"https:\/\/portalmidia.net\/index.php\/wp-json\/wp\/v2\/tags?post=5716"}],"curies":[{"name":"wp","href":"https:\/\/api.w.org\/{rel}","templated":true}]}}