 {"id":5720,"date":"2023-08-18T08:47:41","date_gmt":"2023-08-18T11:47:41","guid":{"rendered":"https:\/\/portalmidia.net\/?p=5720"},"modified":"2023-08-18T08:47:41","modified_gmt":"2023-08-18T11:47:41","slug":"campanha-busca-ampliar-vacinacao-de-criancas-e-adolescentes","status":"publish","type":"post","link":"https:\/\/portalmidia.net\/index.php\/2023\/08\/18\/campanha-busca-ampliar-vacinacao-de-criancas-e-adolescentes\/","title":{"rendered":"Campanha busca ampliar vacina\u00e7\u00e3o de crian\u00e7as e adolescentes"},"content":{"rendered":"<p style=\"text-align: justify;\">O Minist\u00e9rio da Sa\u00fade lan\u00e7ou, nesta quinta-feira (17), a campanha nacional de multivacina\u00e7\u00e3o com o objetivo de aumentar os \u00edndices de imuniza\u00e7\u00e3o de crian\u00e7as e adolescentes menores de 15 anos, com a atualiza\u00e7\u00e3o da caderneta de vacina\u00e7\u00e3o deste p\u00fablico.<img decoding=\"async\" src=\"https:\/\/agenciabrasil.ebc.com.br\/ebc.png?id=1549724&amp;o=node\" \/><img decoding=\"async\" src=\"https:\/\/agenciabrasil.ebc.com.br\/ebc.gif?id=1549724&amp;o=node\" \/><\/p>\n<div class=\"dnd-widget-wrapper context-cheio_8colunas type-image\" style=\"text-align: justify;\">\n<div class=\"dnd-atom-rendered\">\n<div class=\"shadow overflow-hidden rounded-lg d-block w-100\"><img decoding=\"async\" class=\"flex-fill img-cover\" title=\"Minist\u00e9rio da Sa\u00fade\" src=\"https:\/\/imagens.ebc.com.br\/oCy3kw7PGB5i-3O7zYHuqO-mi08=\/754x0\/smart\/https:\/\/agenciabrasil.ebc.com.br\/sites\/default\/files\/thumbnails\/image\/alta_43827f25-66b1-487e-9034-bb0f3f815997_jv.jpg?itok=p5nwJX4_\" alt=\"Bras\u00edlia (DF) - Xuxa e Z\u00e9 Gotinha se unem em campanha de multivacina\u00e7\u00e3o do Governo Federal. Foto: Minist\u00e9rio da Sa\u00fade\" \/><\/div>\n<\/div>\n<div class=\"dnd-caption-wrapper\">\n<h6 class=\"meta\">Xuxa e Z\u00e9 Gotinha se unem em campanha de multivacina\u00e7\u00e3o\u00a0&#8211;\u00a0<strong>Minist\u00e9rio da Sa\u00fade<\/strong><\/h6>\n<\/div>\n<\/div>\n<p style=\"text-align: justify;\">Nesta edi\u00e7\u00e3o, a apresentadora, atriz e cantora Maria da Gra\u00e7a Xuxa Meneghel, a Xuxa, \u00e9 a madrinha da campanha junto com o personagem Z\u00e9 Gotinha, criado pelo artista pl\u00e1stico Darlan Rosa, em 1986. A Rainha dos Baixinhos participou voluntariamente de todo o material da campanha. Desde fevereiro deste ano, Xuxa \u00e9 uma das embaixadoras do\u00a0Movimento Nacional pela Vacina\u00e7\u00e3o, mobiliza\u00e7\u00e3o nacional coordenada pelo Minist\u00e9rio da Sa\u00fade com o objetivo de retomar as coberturas vacinais no pa\u00eds.<\/p>\n<p style=\"text-align: justify;\">Em entrevista \u00e0\u00a0<strong>Ag\u00eancia Brasil<\/strong>,\u00a0o diretor do Departamento de Imuniza\u00e7\u00e3o e Doen\u00e7as Imunopreven\u00edveis do minist\u00e9rio, Eder Gatti, refor\u00e7ou ao p\u00fablico a seguran\u00e7a dos imunizantes. \u201cLembramos que as vacinas s\u00e3o seguras e salvam vidas. O Programa Nacional de Imuniza\u00e7\u00f5es [PNI] conta com o apoio de especialistas pautados pela ci\u00eancia para a tomada de decis\u00f5es.&#8221;<\/p>\n<p style=\"text-align: justify;\">Em nota divulgada nesta quinta-feira, a ministra da Sa\u00fade, N\u00edsia Trindade, comentou sobre o risco de as doen\u00e7as j\u00e1 eliminadas no Brasil voltarem, como a poliomielite. \u201cCom a queda das coberturas vacinais nos \u00faltimos anos, n\u00f3s temos, infelizmente, o risco de reintrodu\u00e7\u00e3o de doen\u00e7as que estavam eliminadas no Brasil. Por isso, precisamos proteger as nossas crian\u00e7as e os nossos adolescentes.\u201d<\/p>\n<blockquote><p>\u201cTemos uma responsabilidade fundamental, algo definido no Estatuto da Crian\u00e7a e do Adolescente [ECA] como um direito. O direito \u00e0 vacina \u00e9 o direito \u00e0 prote\u00e7\u00e3o, \u00e9 o direito \u00e0 vida que n\u00e3o pode ser negado\u201d,\u00a0destacou\u00a0a ministra.<\/p><\/blockquote>\n<p style=\"text-align: justify;\">A campanha do governo federal ser\u00e1 exibida em emissoras de r\u00e1dio e TV aberta; nas redes sociais; em\u00a0<em>outdoors<\/em>; mobili\u00e1rio urbano, como pontos de \u00f4nibus; e em locais de grande circula\u00e7\u00e3o de pessoas, em todo os estados e no Distrito Federal.<\/p>\n<p style=\"text-align: justify;\">O Minist\u00e9rio da Sa\u00fade tamb\u00e9m agendou para 26 de agosto o Dia D de divulga\u00e7\u00e3o e mobiliza\u00e7\u00e3o nacional para multivacina\u00e7\u00e3o. Neste dia, as unidades b\u00e1sicas de sa\u00fade (UBS) de todo o pa\u00eds funcionam para os profissionais do Sistema \u00danico de Sa\u00fade (SUS) vacinarem o p\u00fablico, em massa.<\/p>\n<p style=\"text-align: justify;\">Para incentivar e apoiar as a\u00e7\u00f5es de multivacina\u00e7\u00e3o, o Minist\u00e9rio da Sa\u00fade repassou mais de R$ 151 milh\u00f5es. A pasta indica que outras a\u00e7\u00f5es tamb\u00e9m est\u00e3o sendo realizadas para retomada das altas coberturas vacinais, como a busca ativa de n\u00e3o vacinados, vacina\u00e7\u00e3o nas escolas e quando ocorrer qualquer contato com um servi\u00e7o de sa\u00fade, intensifica\u00e7\u00e3o da vacina\u00e7\u00e3o em \u00e1reas ind\u00edgenas e nos locais onde as taxas de imuniza\u00e7\u00e3o est\u00e3o mais baixas, entre outras iniciativas.<\/p>\n<h2 style=\"text-align: justify;\">Xuxa e\u00a0Z\u00e9 Gotinha<\/h2>\n<p style=\"text-align: justify;\">No v\u00eddeo oficial da campanha, Z\u00e9 Gotinha procura a Xuxa para juntos convocarem baixinhos e baixinhas para o Movimento Nacional pela Vacina\u00e7\u00e3o. Durante a viagem na recriada nave da apresentadora, apelidada por ela de \u201cnave da multivacina\u00e7\u00e3o\u201d, com efeitos especiais e anima\u00e7\u00e3o em 3D, eles comentam que algumas doen\u00e7as voltaram a atingir crian\u00e7as e adolescentes.<\/p>\n<p><iframe title=\"Campanha de Multivacina\u00e7\u00e3o\" width=\"960\" height=\"540\" src=\"https:\/\/www.youtube.com\/embed\/h4F_pKN7nZQ?feature=oembed\" frameborder=\"0\" allow=\"accelerometer; autoplay; clipboard-write; encrypted-media; gyroscope; picture-in-picture; web-share\" referrerpolicy=\"strict-origin-when-cross-origin\" allowfullscreen><\/iframe><\/p>\n<p style=\"text-align: justify;\">Nas suas redes\u00a0sociais, a artista tamb\u00e9m destaca a import\u00e2ncia da vacina\u00e7\u00e3o. \u201cChegou a hora de os baixinhos e baixinhas menores de 15 anos atualizarem a caderneta de vacina\u00e7\u00e3o. Eu e o @zegotinha estamos viajando juntos por todo o Brasil pra apoiar o Movimento Nacional pela Vacina\u00e7\u00e3o. Vamos juntos proteger a inf\u00e2ncia das nossas crian\u00e7as. Confira o calend\u00e1rio de vacina\u00e7\u00e3o da sua cidade&#8221;, escreveu.<\/p>\n<h2 style=\"text-align: justify;\">Mobiliza\u00e7\u00f5es regionais<\/h2>\n<p style=\"text-align: justify;\">A campanha nacional de multivacina\u00e7\u00e3o do Minist\u00e9rio da Sa\u00fade ser\u00e1 veiculada em todo o pa\u00eds, em etapas regionais de imuniza\u00e7\u00e3o. De acordo com o minist\u00e9rio, a decis\u00e3o \u00e9 parte da estrat\u00e9gia in\u00e9dita com o objetivo de retomar as altas coberturas vacinais. Em cada unidade da federa\u00e7\u00e3o, a campanha trar\u00e1 conte\u00fado espec\u00edfico que retrata as realidades locais de cada estado, com cenas de paisagens regionais sobrevoadas pela nave da Xuxa. O intuito \u00e9 se aproximar da popula\u00e7\u00e3o e engaj\u00e1-la para o Brasil se manter livre de doen\u00e7as que podem levar \u00e0 morte ou deixar sequelas.<\/p>\n<p style=\"text-align: justify;\">O p\u00fablico j\u00e1 pode consultar a\u00a0<a href=\"https:\/\/www.gov.br\/saude\/pt-br\/campanhas-da-saude\/2023\/multivacinacao\" target=\"_blank\" rel=\"noopener\">data de vacina\u00e7\u00e3o na cidade onde reside<\/a>. Todos os estados do pa\u00eds receber\u00e3o a multivacina\u00e7\u00e3o em etapas regionais at\u00e9 o fim de 2023.<\/p>\n<p style=\"text-align: justify;\">No \u00faltimo dia 10, as a\u00e7\u00f5es de multivacina\u00e7\u00e3o come\u00e7aram em Bel\u00e9m. Os estados do Maranh\u00e3o e Roraima tamb\u00e9m j\u00e1 iniciaram a multivacina\u00e7\u00e3o.<\/p>\n<p style=\"text-align: justify;\">&#8220;Vamos valorizar a vida e promover a prote\u00e7\u00e3o coletiva. Juntos, podemos fazer a diferen\u00e7a na luta contra as doen\u00e7as. Fa\u00e7a sua parte, vacine-se e compartilhe essa mensagem de solidariedade&#8221;, convidou o diretor do Departamento de Imuniza\u00e7\u00e3o e Doen\u00e7as Imunopreven\u00edveis do Minist\u00e9rio da Sa\u00fade, Eder Gatti.<\/p>\n<h2 style=\"text-align: justify;\">Rol\u00ea\u00a0do Z\u00e9 Gotinha<\/h2>\n<p style=\"text-align: justify;\">Na manh\u00e3 desta quinta-feira, Z\u00e9 Gotinha passeou na rodovi\u00e1ria de Bras\u00edlia e cumprimentou o p\u00fablico. O personagem esteve acompanhado do lutador ol\u00edmpico de\u00a0taekwondo e assessor do Minist\u00e9rio do Esporte, Diogo Silva, que convocou os adultos a levarem suas crian\u00e7as aos postos de sa\u00fade para vacina\u00e7\u00e3o. \u201cOs brasileiros s\u00e3o apaixonados por futebol, por correr, pr\u00e1ticas de lazer, pelo mundo das lutas. Mas, nada disso \u00e9 poss\u00edvel, se a gente n\u00e3o se vacinar. Pode-se ter in\u00fameras sequelas f\u00edsicas, intelectuais, caso n\u00e3o se vacine e isso vai impactar diretamente no bem-estar dos seus filhos. Ent\u00e3o, pais, por favor, levem suas crian\u00e7as para se vacinar. N\u00e3o d\u00f3i. \u00c9 r\u00e1pido e todo mundo vai ficar bem e seguro\u201d, enfatizou o atleta.<\/p>\n<div class=\"dnd-widget-wrapper context-cheio_8colunas type-image\" style=\"text-align: justify;\">\n<div class=\"dnd-atom-rendered\">\n<div class=\"shadow overflow-hidden rounded-lg d-block w-100\"><img decoding=\"async\" class=\"flex-fill img-cover\" title=\"Jos\u00e9 Cruz\/Ag\u00eancia Brasil\" src=\"https:\/\/imagens.ebc.com.br\/YmYwKAW3asRXLq_H1DzTxJ_zOkQ=\/754x0\/smart\/https:\/\/agenciabrasil.ebc.com.br\/sites\/default\/files\/thumbnails\/image\/pzzb7637.jpg?itok=UK7BIdds\" alt=\"Bras\u00edlia (DF), 17\/08\/2023, Pra marcar o lan\u00e7amento da Campanha Nacional de Multivacina\u00e7\u00e3o do Minist\u00e9rio da Sa\u00fade, o Z\u00e9 Gotinha foi na Rodovi\u00e1ria do Plano Piloto, para conscientizar a popula\u00e7\u00e3o sobre a import\u00e2ncia da vacina\u00e7\u00e3o. Na foto: Diogo Silva, atleta ol\u00edmpico do taekwondo e, atualmente, Assessor Especial do\u00a0Min.\u00a0do\u00a0Esporte, participa da campanha. Foto: Jos\u00e9 Cruz\/Ag\u00eancia Brasil\" \/><\/div>\n<\/div>\n<div class=\"dnd-caption-wrapper\">\n<h6 class=\"meta\">Ao lado do Z\u00e9 Gotinha, Diogo Silva, atleta ol\u00edmpico do taekwondo, pede que pais e respons\u00e1veis atualizem a caderneta de vacina\u00e7\u00e3o de crian\u00e7as\u00a0&#8211;\u00a0<strong>Jos\u00e9 Cruz\/Ag\u00eancia Brasil<\/strong><\/h6>\n<\/div>\n<\/div>\n<p style=\"text-align: justify;\">Z\u00e9 Gotinha tamb\u00e9m estava acompanhado de Nayara Falc\u00e3o, atleta de canoagem paral\u00edmpica e, atualmente, diretora de Projetos Paradesportivos de Educa\u00e7\u00e3o, Lazer e Inclus\u00e3o Social, do Minist\u00e9rio do Esporte. Nayara destacou que o papel dos respons\u00e1veis pelas crian\u00e7as e adolescentes \u00e9 fundamental na vacina\u00e7\u00e3o. \u201cPais, m\u00e3es, familiares e aqueles que amam os pequenininhos, que eles n\u00e3o podem ir por si s\u00f3: Vamos l\u00e1, os levem! Vamos incentivar a vida, porque vacina\u00e7\u00e3o \u00e9 isso. \u00c9 com um organismo saud\u00e1vel para que possa se desenvolver perfeitamente e com sa\u00fade.&#8221;<\/p>\n<blockquote><p>\u201cDa mesma forma que voc\u00ea leva seu filho, sua filha para nata\u00e7\u00e3o, para uma corrida, karat\u00ea, jud\u00f4, bal\u00e9, para uma dan\u00e7a, para o esporte que for, leve para o posto de sa\u00fade tamb\u00e9m. E em 26 de agosto, dia D da Multivacina\u00e7\u00e3o, vamos nesse dia juntos\u201d, convocou a atleta.<\/p><\/blockquote>\n<p style=\"text-align: justify;\">O p\u00fablico reagiu positivamente \u00e0 visita do Z\u00e9 Gotinha, que posou para fotos ao lado de crian\u00e7as que passaram pelo local. Foi o caso do Victor Emanuel Fran\u00e7a, de 6 anos, acompanhado pela av\u00f3 Marcia Fran\u00e7a Muniz, que prioriza a vacina\u00e7\u00e3o do neto, criado por ela. \u201cA carteira de vacina\u00e7\u00e3o dele est\u00e1 atualizada. Acho muito importante porque a gente evita v\u00e1rios tipos de doen\u00e7as. J\u00e1 fica prevenido.\u201d<\/p>\n<p style=\"text-align: justify;\">A dona de casa Ivone Bastos, m\u00e3e da cadeirante Vit\u00f3ria Keity Bastos, destacou a import\u00e2ncia do\u00a0cuidado. \u201cComo a Keity \u00e9 uma crian\u00e7a especial, tem imunidade diferente da nossa, mais baixa. Ent\u00e3o, ela precisa estar protegida. Eu acho que quem ama tem que cuidar. Principalmente, na hora das vacinas porque [elas] protegem de todos esses v\u00edrus que est\u00e3o por a\u00ed.\u201d<\/p>\n<p>&nbsp;<\/p>\n<p>&nbsp;<\/p>\n<p>&nbsp;<\/p>\n<p>&nbsp;<\/p>\n<p>agenciabrasil<\/p>\n","protected":false},"excerpt":{"rendered":"<p>O Minist\u00e9rio da Sa\u00fade lan\u00e7ou, nesta quinta-feira (17), a campanha nacional de multivacina\u00e7\u00e3o com o objetivo de aumentar os \u00edndices de imuniza\u00e7\u00e3o de crian\u00e7as e adolescentes menores de 15 anos, com a atualiza\u00e7\u00e3o da caderneta de vacina\u00e7\u00e3o deste p\u00fablico. Xuxa e Z\u00e9 Gotinha se unem em campanha de multivacina\u00e7\u00e3o\u00a0&#8211;\u00a0Minist\u00e9rio da Sa\u00fade Nesta edi\u00e7\u00e3o, a apresentadora,<\/p>\n","protected":false},"author":1,"featured_media":5722,"comment_status":"open","ping_status":"open","sticky":false,"template":"","format":"standard","meta":{"_eb_attr":"","footnotes":""},"categories":[7,5],"tags":[],"class_list":["post-5720","post","type-post","status-publish","format-standard","has-post-thumbnail","hentry","category-destaque","category-saude"],"_links":{"self":[{"href":"https:\/\/portalmidia.net\/index.php\/wp-json\/wp\/v2\/posts\/5720","targetHints":{"allow":["GET"]}}],"collection":[{"href":"https:\/\/portalmidia.net\/index.php\/wp-json\/wp\/v2\/posts"}],"about":[{"href":"https:\/\/portalmidia.net\/index.php\/wp-json\/wp\/v2\/types\/post"}],"author":[{"embeddable":true,"href":"https:\/\/portalmidia.net\/index.php\/wp-json\/wp\/v2\/users\/1"}],"replies":[{"embeddable":true,"href":"https:\/\/portalmidia.net\/index.php\/wp-json\/wp\/v2\/comments?post=5720"}],"version-history":[{"count":0,"href":"https:\/\/portalmidia.net\/index.php\/wp-json\/wp\/v2\/posts\/5720\/revisions"}],"wp:featuredmedia":[{"embeddable":true,"href":"https:\/\/portalmidia.net\/index.php\/wp-json\/wp\/v2\/media\/5722"}],"wp:attachment":[{"href":"https:\/\/portalmidia.net\/index.php\/wp-json\/wp\/v2\/media?parent=5720"}],"wp:term":[{"taxonomy":"category","embeddable":true,"href":"https:\/\/portalmidia.net\/index.php\/wp-json\/wp\/v2\/categories?post=5720"},{"taxonomy":"post_tag","embeddable":true,"href":"https:\/\/portalmidia.net\/index.php\/wp-json\/wp\/v2\/tags?post=5720"}],"curies":[{"name":"wp","href":"https:\/\/api.w.org\/{rel}","templated":true}]}}