 {"id":5724,"date":"2023-08-18T08:50:09","date_gmt":"2023-08-18T11:50:09","guid":{"rendered":"https:\/\/portalmidia.net\/?p=5724"},"modified":"2023-08-18T08:50:09","modified_gmt":"2023-08-18T11:50:09","slug":"justica-aceita-recurso-e-vasco-jogara-no-maracana-pelo-brasileiro","status":"publish","type":"post","link":"https:\/\/portalmidia.net\/index.php\/2023\/08\/18\/justica-aceita-recurso-e-vasco-jogara-no-maracana-pelo-brasileiro\/","title":{"rendered":"Justi\u00e7a aceita recurso e Vasco jogar\u00e1 no Maracan\u00e3 pelo Brasileiro"},"content":{"rendered":"<p style=\"text-align: justify;\">O est\u00e1dio do Maracan\u00e3 ser\u00e1 o palco do jogo entre Vasco e Atl\u00e9tico-MG, que ser\u00e1 disputado a partir das 11h (hor\u00e1rio de Bras\u00edlia) do pr\u00f3ximo domingo (20) e que vale pela 20\u00aa rodada do Campeonato Brasileiro. A decis\u00e3o foi tomada pelo desembargador Nagib Slaibi Filho, do \u00d3rg\u00e3o Especial do Tribunal de Justi\u00e7a do Rio de Janeiro (TJRJ), que cassou liminar que impedia o Cruzmaltino de atuar no est\u00e1dio.<img decoding=\"async\" src=\"https:\/\/agenciabrasil.ebc.com.br\/ebc.png?id=1549807&amp;o=node\" \/><img decoding=\"async\" src=\"https:\/\/agenciabrasil.ebc.com.br\/ebc.gif?id=1549807&amp;o=node\" \/><\/p>\n<p style=\"text-align: justify;\">\u201cO Maracan\u00e3 \u00e9 muito mais que propriedade p\u00fablica, no caso cedida, temporariamente, a dois grandes clubes de futebol [Flamengo e Fluminense]. \u00c9 im\u00f3vel de propriedade social, n\u00e3o s\u00f3 do povo carioca, mas de todos os brasileiros, aficionados ou n\u00e3o do futebol\u201d, afirmou o magistrado.<\/p>\n<div class=\"twitter-tweet twitter-tweet-rendered\" style=\"text-align: justify;\"><iframe id=\"twitter-widget-0\" class=\"\" title=\"Twitter Tweet\" src=\"https:\/\/platform.twitter.com\/embed\/Tweet.html?creatorScreenName=agenciabrasil&amp;dnt=false&amp;embedId=twitter-widget-0&amp;features=eyJ0ZndfdGltZWxpbmVfbGlzdCI6eyJidWNrZXQiOltdLCJ2ZXJzaW9uIjpudWxsfSwidGZ3X2ZvbGxvd2VyX2NvdW50X3N1bnNldCI6eyJidWNrZXQiOnRydWUsInZlcnNpb24iOm51bGx9LCJ0ZndfdHdlZXRfZWRpdF9iYWNrZW5kIjp7ImJ1Y2tldCI6Im9uIiwidmVyc2lvbiI6bnVsbH0sInRmd19yZWZzcmNfc2Vzc2lvbiI6eyJidWNrZXQiOiJvbiIsInZlcnNpb24iOm51bGx9LCJ0ZndfZm9zbnJfc29mdF9pbnRlcnZlbnRpb25zX2VuYWJsZWQiOnsiYnVja2V0Ijoib24iLCJ2ZXJzaW9uIjpudWxsfSwidGZ3X21peGVkX21lZGlhXzE1ODk3Ijp7ImJ1Y2tldCI6InRyZWF0bWVudCIsInZlcnNpb24iOm51bGx9LCJ0ZndfZXhwZXJpbWVudHNfY29va2llX2V4cGlyYXRpb24iOnsiYnVja2V0IjoxMjA5NjAwLCJ2ZXJzaW9uIjpudWxsfSwidGZ3X3Nob3dfYmlyZHdhdGNoX3Bpdm90c19lbmFibGVkIjp7ImJ1Y2tldCI6Im9uIiwidmVyc2lvbiI6bnVsbH0sInRmd19kdXBsaWNhdGVfc2NyaWJlc190b19zZXR0aW5ncyI6eyJidWNrZXQiOiJvbiIsInZlcnNpb24iOm51bGx9LCJ0ZndfdXNlX3Byb2ZpbGVfaW1hZ2Vfc2hhcGVfZW5hYmxlZCI6eyJidWNrZXQiOiJvbiIsInZlcnNpb24iOm51bGx9LCJ0ZndfdmlkZW9faGxzX2R5bmFtaWNfbWFuaWZlc3RzXzE1MDgyIjp7ImJ1Y2tldCI6InRydWVfYml0cmF0ZSIsInZlcnNpb24iOm51bGx9LCJ0ZndfbGVnYWN5X3RpbWVsaW5lX3N1bnNldCI6eyJidWNrZXQiOnRydWUsInZlcnNpb24iOm51bGx9LCJ0ZndfdHdlZXRfZWRpdF9mcm9udGVuZCI6eyJidWNrZXQiOiJvbiIsInZlcnNpb24iOm51bGx9fQ%3D%3D&amp;frame=false&amp;hideCard=false&amp;hideThread=false&amp;id=1692290185797464461&amp;lang=pt&amp;origin=https%3A%2F%2Fagenciabrasil.ebc.com.br%2Fesportes%2Fnoticia%2F2023-08%2Fjustica-aceita-recurso-e-vasco-jogara-no-maracana-pelo-brasileiro&amp;sessionId=241dd193d6e4f35aa8a204919f38b026dca37eab&amp;siteScreenName=agenciabrasil&amp;theme=light&amp;widgetsVersion=aaf4084522e3a%3A1674595607486&amp;width=550px\" frameborder=\"0\" scrolling=\"no\" allowfullscreen=\"allowfullscreen\" data-tweet-id=\"1692290185797464461\" data-mce-fragment=\"1\"><\/iframe><\/div>\n<p style=\"text-align: justify;\">A decis\u00e3o de Nagib Slaibi Filho veio ap\u00f3s a publica\u00e7\u00e3o de efeito suspensivo do desembargador Andr\u00e9 Luiz Cidra, da 20\u00aa C\u00e2mara de Direito Privado do Tribunal de Justi\u00e7a do Estado do Rio de Janeiro e que na \u00faltima quarta-feira (16) cassou uma decis\u00e3o que havia determinado a disponibiliza\u00e7\u00e3o do Maracan\u00e3 para o jogo do Vasco.<\/p>\n<p style=\"text-align: justify;\">Segundo Andr\u00e9 Luiz Cidra, sua decis\u00e3o se baseava no fato de que o jogo entre Vasco e Atl\u00e9tico-MG ser\u00e1 realizado poucas horas depois de outra partida agendada h\u00e1 muito mais tempo e cujo mandante \u00e9 o Fluminense. \u201cN\u00e3o h\u00e1 necessidade de uma an\u00e1lise mais aprofundada para se constatar a exiguidade de tempo para operacionaliza\u00e7\u00e3o entre uma partida e outra, considerando-se a necessidade de higieniza\u00e7\u00e3o, limpeza, reposi\u00e7\u00e3o de estoque de alimenta\u00e7\u00e3o e outras provid\u00eancias que teriam que ser feitas durante a madrugada, al\u00e9m da real possibilidade desgaste do gramado pela realiza\u00e7\u00e3o de dois jogos em per\u00edodo de tempo t\u00e3o curto, notadamente quando as condi\u00e7\u00f5es clim\u00e1ticas n\u00e3o se mostram favor\u00e1veis, pelas previs\u00f5es dos especialistas\u201d, declarou o desembargador na ocasi\u00e3o.<\/p>\n<p style=\"text-align: justify;\">\n<p style=\"text-align: justify;\">\n<p style=\"text-align: justify;\">\n<p style=\"text-align: justify;\">\n<p style=\"text-align: justify;\">agenciabrasil<\/p>\n","protected":false},"excerpt":{"rendered":"<p>O est\u00e1dio do Maracan\u00e3 ser\u00e1 o palco do jogo entre Vasco e Atl\u00e9tico-MG, que ser\u00e1 disputado a partir das 11h (hor\u00e1rio de Bras\u00edlia) do pr\u00f3ximo domingo (20) e que vale pela 20\u00aa rodada do Campeonato Brasileiro. A decis\u00e3o foi tomada pelo desembargador Nagib Slaibi Filho, do \u00d3rg\u00e3o Especial do Tribunal de Justi\u00e7a do Rio de<\/p>\n","protected":false},"author":1,"featured_media":5726,"comment_status":"open","ping_status":"open","sticky":false,"template":"","format":"standard","meta":{"_eb_attr":"","footnotes":""},"categories":[7,10],"tags":[],"class_list":["post-5724","post","type-post","status-publish","format-standard","has-post-thumbnail","hentry","category-destaque","category-esportes"],"_links":{"self":[{"href":"https:\/\/portalmidia.net\/index.php\/wp-json\/wp\/v2\/posts\/5724","targetHints":{"allow":["GET"]}}],"collection":[{"href":"https:\/\/portalmidia.net\/index.php\/wp-json\/wp\/v2\/posts"}],"about":[{"href":"https:\/\/portalmidia.net\/index.php\/wp-json\/wp\/v2\/types\/post"}],"author":[{"embeddable":true,"href":"https:\/\/portalmidia.net\/index.php\/wp-json\/wp\/v2\/users\/1"}],"replies":[{"embeddable":true,"href":"https:\/\/portalmidia.net\/index.php\/wp-json\/wp\/v2\/comments?post=5724"}],"version-history":[{"count":0,"href":"https:\/\/portalmidia.net\/index.php\/wp-json\/wp\/v2\/posts\/5724\/revisions"}],"wp:featuredmedia":[{"embeddable":true,"href":"https:\/\/portalmidia.net\/index.php\/wp-json\/wp\/v2\/media\/5726"}],"wp:attachment":[{"href":"https:\/\/portalmidia.net\/index.php\/wp-json\/wp\/v2\/media?parent=5724"}],"wp:term":[{"taxonomy":"category","embeddable":true,"href":"https:\/\/portalmidia.net\/index.php\/wp-json\/wp\/v2\/categories?post=5724"},{"taxonomy":"post_tag","embeddable":true,"href":"https:\/\/portalmidia.net\/index.php\/wp-json\/wp\/v2\/tags?post=5724"}],"curies":[{"name":"wp","href":"https:\/\/api.w.org\/{rel}","templated":true}]}}