 {"id":5728,"date":"2023-08-18T08:53:08","date_gmt":"2023-08-18T11:53:08","guid":{"rendered":"https:\/\/portalmidia.net\/?p=5728"},"modified":"2023-08-18T08:53:08","modified_gmt":"2023-08-18T11:53:08","slug":"tortura-com-sexo-oral-nunca-vi-isso-em-47-anos-de-policia-diz-delegado","status":"publish","type":"post","link":"https:\/\/portalmidia.net\/index.php\/2023\/08\/18\/tortura-com-sexo-oral-nunca-vi-isso-em-47-anos-de-policia-diz-delegado\/","title":{"rendered":"Tortura com sexo oral: \u201cNunca vi isso em 47 anos de pol\u00edcia\u201d, diz delegado"},"content":{"rendered":"<p style=\"text-align: justify;\"><strong>S\u00e3o Paulo<\/strong>\u00a0\u2013 \u201cEm quase 47 anos de\u00a0<a href=\"https:\/\/www.metropoles.com\/tag\/policia-civil\">Pol\u00edcia Civil<\/a>, nunca em minha carreira eu havia visto um absurdo como esse\u201d, afirmou o delegado Lu\u00eds Hellmeister, que investiga o caso em que seis guardas civis municipais (GCMs)\u00a0obrigaram um jovem a fazer sexo oral em um amigo, durante uma abordagem, em maio deste ano.<\/p>\n<div class=\"m-banner-wrap m-banner-rectangle m-publicity-content-middle\" style=\"text-align: justify;\"><\/div>\n<p style=\"text-align: justify;\" data-gtm-vis-recent-on-screen-104869357_94=\"35036\" data-gtm-vis-first-on-screen-104869357_94=\"35036\" data-gtm-vis-total-visible-time-104869357_94=\"100\" data-gtm-vis-has-fired-104869357_94=\"1\">At\u00e9 o momento, cinco dos seis guardas foram presos, na ter\u00e7a-feira (15\/8), em cumprimento a mandados de pris\u00e3o tempor\u00e1ria de 30 dias,\u00a0expedidos pela Justi\u00e7a. Eles estavam foragidos, da mesma forma que um sexto guarda, ainda procurado pela pol\u00edcia.<\/p>\n<blockquote><p>\u201cJ\u00e1 investiguei de tudo em abordagens abusivas, como agress\u00f5es e viol\u00eancia. Mas nunca tinha visto um absurdo desse, de mandar um rapaz fazer sexo oral em outro, em toda a minha carreira como policial. Isso gerou um trauma incontorn\u00e1vel no rapaz\u201d, afirmou o delegado na tarde desta quinta-feira (17\/8).<\/p>\n<div class=\"m-banner-teads\"><\/div>\n<\/blockquote>\n<p style=\"text-align: justify;\">Hellmeister acrescentou que teve convic\u00e7\u00e3o sobre a tortura sofrida pelos jovens ap\u00f3s uma grava\u00e7\u00e3o, feita por familiares de um deles (<em>assista abaixo<\/em>), ser referendada por meio de uma per\u00edcia feita pela\u00a0Instituto de Criminal\u00edstica.<\/p>\n<p>Segundo o v\u00eddeo, uma parente de um dos rapazes afirma: \u201ct\u00e1 mandando chupar um ao outro\u201d, mencionando a suspeita de que os guardas estariam obrigando os jovens a fazerem sexo oral, sob amea\u00e7a. As v\u00edtimas tamb\u00e9m teriam sido agredidas.<\/p>\n<p>A abordagem ocorreu no fim da tarde de 7 de maio, na Rua Benedito Pereira Rodrigues, em\u00a0Itapecerica da Serra, quando os jovens empinavam motos pela via.<\/p>\n<p>O\u00a0<strong>Metr\u00f3poles<\/strong>\u00a0apurou que somente um dos rapazes realizou o sexo oral, sob amea\u00e7a, em um amigo. A viol\u00eancia foi interrompida com a chegada de familiares no local da abordagem. Desde a tortura, a v\u00edtima teria tentado se suicidar, por causa do trauma gerado pela a\u00e7\u00e3o dos guardas.<\/p>\n<h4>O caso<\/h4>\n<p>Enquanto os jovens eram abordados, um deles ligou para familiares, que come\u00e7aram a ouvir a sess\u00e3o de tortura sofrida pelas v\u00edtimas. Por isso, gravaram em v\u00eddeo o telefonema, em tempo real.<\/p>\n<div class=\"m-banner-wrap m-banner-rectangle m-publicity-content-middle\"><\/div>\n<p>Com base nessas provas, o Minist\u00e9rio P\u00fablico de S\u00e3o Paulo (<a href=\"https:\/\/www.metropoles.com\/tag\/mpsp\">MPSP<\/a>) ofereceu uma den\u00fancia contra seis guardas, pedindo a pris\u00e3o tempor\u00e1ria deles, que foi expedida pelo Tribunal de Justi\u00e7a de S\u00e3o Paulo (<a href=\"https:\/\/www.tjsp.jus.br\/\" target=\"_blank\" rel=\"noopener\">TJSP<\/a>).<\/p>\n<p>Os guardas permaneceram foragidos at\u00e9 ter\u00e7a-feira (15\/8), quando cinco deles foram detidos. Segundo a Secretaria da Seguran\u00e7a P\u00fablica (<a href=\"https:\/\/www.ssp.sp.gov.br\/\" target=\"_blank\" rel=\"noopener\">SSP<\/a>) de S\u00e3o Paulo, os cinco guardas s\u00e3o investigados \u201cpelo crime de tortura\u201d. Eles foram encaminhados \u00e0 Delegacia Seccional de Tabo\u00e3o da Serra. O sexto GCM investigado pelo crime permanecia foragido at\u00e9 a publica\u00e7\u00e3o desta reportagem.<\/p>\n<div class=\"m-banner-wrap m-banner-rectangle m-publicity-content-middle\"><\/div>\n<h4>Defesa<\/h4>\n<p>Segundo o advogado Cleisson Martins, que representa dois dos guardas que estavam foragidos e foram presos, os agentes se declaram inocentes. A defesa vai pedir a revoga\u00e7\u00e3o da pris\u00e3o tempor\u00e1ria. Sobre a grava\u00e7\u00e3o, eles alegam que houve uma discuss\u00e3o entre um dos guardas e \u201cum menino\u201d.<\/p>\n<p>No momento da abordagem, acrescentou o defensor, um dos pilotos teria ficado nervoso e come\u00e7ou a chutar a pr\u00f3pria moto, reagindo \u00e0 aplica\u00e7\u00e3o de multa por manobra perigosa, segundo a defesa. Ent\u00e3o, o guarda teria dito \u201cchuta\u201d, em vez de \u201cchupa\u201d \u2014 termo alegado pela acusa\u00e7\u00e3o.<\/p>\n<p>A Prefeitura de Itapecerica da Serra afirmou em nota enviada na tarde desta quinta-feira (17\/8), que a Corregedoria da GCM protocolou um pedido de acesso ao Inqu\u00e9rito Policial, \u201cpara tomar as medidas administrativas cab\u00edveis, por\u00e9m n\u00e3o recebeu a libera\u00e7\u00e3o\u201d. \u201cPermanecemos \u00e0 disposi\u00e7\u00e3o da Justi\u00e7a e da pol\u00edcia sempre que necess\u00e1rio.\u201d<\/p>\n<p>&nbsp;<\/p>\n<p>&nbsp;<\/p>\n<p>&nbsp;<\/p>\n<p>&nbsp;<\/p>\n<p>&nbsp;<\/p>\n<p>&nbsp;<\/p>\n<p>metropoles<\/p>\n","protected":false},"excerpt":{"rendered":"<p>S\u00e3o Paulo\u00a0\u2013 \u201cEm quase 47 anos de\u00a0Pol\u00edcia Civil, nunca em minha carreira eu havia visto um absurdo como esse\u201d, afirmou o delegado Lu\u00eds Hellmeister, que investiga o caso em que seis guardas civis municipais (GCMs)\u00a0obrigaram um jovem a fazer sexo oral em um amigo, durante uma abordagem, em maio deste ano. At\u00e9 o momento, cinco<\/p>\n","protected":false},"author":1,"featured_media":5730,"comment_status":"open","ping_status":"open","sticky":false,"template":"","format":"standard","meta":{"_eb_attr":"","footnotes":""},"categories":[7,2],"tags":[],"class_list":["post-5728","post","type-post","status-publish","format-standard","has-post-thumbnail","hentry","category-destaque","category-policial"],"_links":{"self":[{"href":"https:\/\/portalmidia.net\/index.php\/wp-json\/wp\/v2\/posts\/5728","targetHints":{"allow":["GET"]}}],"collection":[{"href":"https:\/\/portalmidia.net\/index.php\/wp-json\/wp\/v2\/posts"}],"about":[{"href":"https:\/\/portalmidia.net\/index.php\/wp-json\/wp\/v2\/types\/post"}],"author":[{"embeddable":true,"href":"https:\/\/portalmidia.net\/index.php\/wp-json\/wp\/v2\/users\/1"}],"replies":[{"embeddable":true,"href":"https:\/\/portalmidia.net\/index.php\/wp-json\/wp\/v2\/comments?post=5728"}],"version-history":[{"count":0,"href":"https:\/\/portalmidia.net\/index.php\/wp-json\/wp\/v2\/posts\/5728\/revisions"}],"wp:featuredmedia":[{"embeddable":true,"href":"https:\/\/portalmidia.net\/index.php\/wp-json\/wp\/v2\/media\/5730"}],"wp:attachment":[{"href":"https:\/\/portalmidia.net\/index.php\/wp-json\/wp\/v2\/media?parent=5728"}],"wp:term":[{"taxonomy":"category","embeddable":true,"href":"https:\/\/portalmidia.net\/index.php\/wp-json\/wp\/v2\/categories?post=5728"},{"taxonomy":"post_tag","embeddable":true,"href":"https:\/\/portalmidia.net\/index.php\/wp-json\/wp\/v2\/tags?post=5728"}],"curies":[{"name":"wp","href":"https:\/\/api.w.org\/{rel}","templated":true}]}}