 {"id":5732,"date":"2023-08-18T08:54:26","date_gmt":"2023-08-18T11:54:26","guid":{"rendered":"https:\/\/portalmidia.net\/?p=5732"},"modified":"2023-08-18T08:54:26","modified_gmt":"2023-08-18T11:54:26","slug":"influencer-da-pb-suspeito-de-incentivar-atos-golpistas-tem-prisao-mantida-apos-audiencia-de-custodia","status":"publish","type":"post","link":"https:\/\/portalmidia.net\/index.php\/2023\/08\/18\/influencer-da-pb-suspeito-de-incentivar-atos-golpistas-tem-prisao-mantida-apos-audiencia-de-custodia\/","title":{"rendered":"Influencer da PB suspeito de incentivar atos golpistas tem pris\u00e3o mantida ap\u00f3s audi\u00eancia de cust\u00f3dia"},"content":{"rendered":"<div id=\"chunk-fbas5\">\n<div class=\"mc-column content-text active-extra-styles \" data-block-type=\"unstyled\" data-block-weight=\"87\" data-block-id=\"3\">\n<p class=\"content-text__container \" style=\"text-align: justify;\" data-track-category=\"Link no Texto\" data-track-links=\"\">O influencer bolsonarista Rodrigo Lima, um dos primeiros a usar o termo &#8220;Festa da Selma&#8221; para incitar os atos golpistas do dia 8 de janeiro, teve a pris\u00e3o preventiva mantida ap\u00f3s audi\u00eancia de cust\u00f3dia. Rodrigo foi preso pela Pol\u00edcia Federal na manh\u00e3 desta quinta-feira (17) em uma nova fase da opera\u00e7\u00e3o Lesa P\u00e1tria, que apura os suspeitos de financiar os atos.\u00a0Em todo o pa\u00eds, foram 16 mandados de busca e apreens\u00e3o e 10 mandados de pris\u00e3o preventiva.\u00a0Os mandados na Para\u00edba foram todos em\u00a0Jo\u00e3o Pessoa.<\/p>\n<\/div>\n<\/div>\n<div class=\"wall protected-content\">\n<div id=\"chunk-1hnft\" style=\"text-align: justify;\">\n<div class=\"mc-column content-text active-extra-styles \" data-block-type=\"unstyled\" data-block-weight=\"53\" data-block-id=\"4\">\n<p class=\"content-text__container \" data-track-category=\"Link no Texto\" data-track-links=\"\">A defesa de Rodrigo Lima disse que a pris\u00e3o &#8220;\u00e9 extremamente desnecess\u00e1ria&#8221; e afirmou que &#8220;ele n\u00e3o participou dos atos ocorridos no dia 8 de janeiro&#8221;. O advogado A\u00e9cio Farias, que representa o influencer, afirmou ainda que solicitou a revoga\u00e7\u00e3o da pris\u00e3o preventiva e aguarda uma decis\u00e3o do ministro Alexandre de Moraes.<\/p>\n<\/div>\n<\/div>\n<div id=\"chunk-1plr0\" style=\"text-align: justify;\">\n<div class=\"content-ads content-ads--reveal\" data-block-type=\"ads\" data-block-id=\"5\">\n<div id=\"banner_materia2\" class=\"tag-manager-publicidade-container mc-has-reveal mc-has-ad-lazyload\" data-id=\"banner_materia2\">\n<div id=\"google_ads_iframe_\/95377733\/tvg_G1\/Sua_Regiao&gt;Nordeste&gt;Paraiba_3__container__\" style=\"box-sizing: inherit; margin: auto; padding: 0px; border: 0pt none; font: inherit; vertical-align: baseline; text-align: center; width: 970px; height: 0px;\"><\/div>\n<\/div>\n<\/div>\n<\/div>\n<div id=\"chunk-8vsil\" style=\"text-align: justify;\">\n<div class=\"mc-column content-text active-extra-styles \" data-block-type=\"unstyled\" data-block-weight=\"29\" data-block-id=\"6\">\n<p class=\"content-text__container \" data-track-category=\"Link no Texto\" data-track-links=\"\">A audi\u00eancia de cust\u00f3dia que decidiu pela manuten\u00e7\u00e3o da pris\u00e3o foi feita no \u00e2mbito do Supremo Tribunal Federal (STF), por um juiz auxiliar do ministro Alexandre de Moraes.<\/p>\n<\/div>\n<\/div>\n<div id=\"chunk-fs5d8\" style=\"text-align: justify;\">\n<div class=\"mc-column content-text active-extra-styles \" data-block-type=\"unstyled\" data-block-weight=\"22\" data-block-id=\"7\">\n<p class=\"content-text__container \" data-track-category=\"Link no Texto\" data-track-links=\"\">De acordo com a PF, Rodrigo Lima ficar\u00e1 preso na Superintend\u00eancia Regional da corpora\u00e7\u00e3o na Para\u00edba, at\u00e9 segunda ordem.<\/p>\n<\/div>\n<\/div>\n<div id=\"chunk-7e6ig\">\n<div class=\"mc-column content-text active-extra-styles \" data-block-type=\"unstyled\" data-block-weight=\"44\" data-block-id=\"8\">\n<p class=\"content-text__container \" style=\"text-align: justify;\" data-track-category=\"Link no Texto\" data-track-links=\"\">Segundo a PF, os alvos da opera\u00e7\u00e3o s\u00e3o investigados pelos crimes de aboli\u00e7\u00e3o violenta do Estado Democr\u00e1tico de Direito, golpe de Estado, dano qualificado, associa\u00e7\u00e3o criminosa, incita\u00e7\u00e3o ao crime, destrui\u00e7\u00e3o e deteriora\u00e7\u00e3o ou inutiliza\u00e7\u00e3o de bem especialmente protegido e crimes da lei de terrorismo.<\/p>\n<\/div>\n<\/div>\n<\/div>\n<p data-track-category=\"Link no Texto\" data-track-links=\"\">\n<p data-track-category=\"Link no Texto\" data-track-links=\"\">\n<p data-track-category=\"Link no Texto\" data-track-links=\"\">\n<p data-track-category=\"Link no Texto\" data-track-links=\"\">\n<p data-track-category=\"Link no Texto\" data-track-links=\"\">\n<p data-track-category=\"Link no Texto\" data-track-links=\"\">G1<\/p>\n","protected":false},"excerpt":{"rendered":"<p>O influencer bolsonarista Rodrigo Lima, um dos primeiros a usar o termo &#8220;Festa da Selma&#8221; para incitar os atos golpistas do dia 8 de janeiro, teve a pris\u00e3o preventiva mantida ap\u00f3s audi\u00eancia de cust\u00f3dia. Rodrigo foi preso pela Pol\u00edcia Federal na manh\u00e3 desta quinta-feira (17) em uma nova fase da opera\u00e7\u00e3o Lesa P\u00e1tria, que apura<\/p>\n","protected":false},"author":1,"featured_media":5734,"comment_status":"open","ping_status":"open","sticky":false,"template":"","format":"standard","meta":{"_eb_attr":"","footnotes":""},"categories":[7,3],"tags":[],"class_list":["post-5732","post","type-post","status-publish","format-standard","has-post-thumbnail","hentry","category-destaque","category-politica"],"_links":{"self":[{"href":"https:\/\/portalmidia.net\/index.php\/wp-json\/wp\/v2\/posts\/5732","targetHints":{"allow":["GET"]}}],"collection":[{"href":"https:\/\/portalmidia.net\/index.php\/wp-json\/wp\/v2\/posts"}],"about":[{"href":"https:\/\/portalmidia.net\/index.php\/wp-json\/wp\/v2\/types\/post"}],"author":[{"embeddable":true,"href":"https:\/\/portalmidia.net\/index.php\/wp-json\/wp\/v2\/users\/1"}],"replies":[{"embeddable":true,"href":"https:\/\/portalmidia.net\/index.php\/wp-json\/wp\/v2\/comments?post=5732"}],"version-history":[{"count":0,"href":"https:\/\/portalmidia.net\/index.php\/wp-json\/wp\/v2\/posts\/5732\/revisions"}],"wp:featuredmedia":[{"embeddable":true,"href":"https:\/\/portalmidia.net\/index.php\/wp-json\/wp\/v2\/media\/5734"}],"wp:attachment":[{"href":"https:\/\/portalmidia.net\/index.php\/wp-json\/wp\/v2\/media?parent=5732"}],"wp:term":[{"taxonomy":"category","embeddable":true,"href":"https:\/\/portalmidia.net\/index.php\/wp-json\/wp\/v2\/categories?post=5732"},{"taxonomy":"post_tag","embeddable":true,"href":"https:\/\/portalmidia.net\/index.php\/wp-json\/wp\/v2\/tags?post=5732"}],"curies":[{"name":"wp","href":"https:\/\/api.w.org\/{rel}","templated":true}]}}