 {"id":5736,"date":"2023-08-18T08:55:44","date_gmt":"2023-08-18T11:55:44","guid":{"rendered":"https:\/\/portalmidia.net\/?p=5736"},"modified":"2023-08-18T08:55:44","modified_gmt":"2023-08-18T11:55:44","slug":"operacao-em-baia-da-traicao-marcacao-e-rio-rinto-embarga-80-hectares-alvos-de-danos-ambientais-e-aplica-r-245-mil-em-multas","status":"publish","type":"post","link":"https:\/\/portalmidia.net\/index.php\/2023\/08\/18\/operacao-em-baia-da-traicao-marcacao-e-rio-rinto-embarga-80-hectares-alvos-de-danos-ambientais-e-aplica-r-245-mil-em-multas\/","title":{"rendered":"Opera\u00e7\u00e3o em Ba\u00eda da Trai\u00e7\u00e3o, Marca\u00e7\u00e3o e Rio Rinto  embarga 80 hectares alvos de danos ambientais e aplica R$ 245 mil em multas"},"content":{"rendered":"<p style=\"text-align: justify;\">Uma opera\u00e7\u00e3o realizada pelo Ibama, Pol\u00edcia Federal e Funda\u00e7\u00e3o Nacional dos Povos Ind\u00edgenas (Funai), embargou cerca de 79,5 hectares de terras ind\u00edgenas que foram alvo de danos ambientais na Para\u00edba. A a\u00e7\u00e3o aconteceu na regi\u00e3o onde se localiza o povo potiguara, entre as cidades de Ba\u00eda da Trai\u00e7\u00e3o, Marca\u00e7\u00e3o e Rio Tinto. Multas que somam R$ 245 mil foram aplicadas durante a opera\u00e7\u00e3o.<\/p>\n<p style=\"text-align: justify;\">\nO balan\u00e7o foi divulgado nesta quinta-feira (17). Mas, segundo o Ibama, a opera\u00e7\u00e3o denominada de \u2018Rieli\u2019 aconteceu nos primeiros 15 dias de agosto e teve como objetivo principal combater o desmatamento ilegal na regi\u00e3o da Mata Atl\u00e2ntica, que na Para\u00edba, tamb\u00e9m abrange as terras do povo potiguara.<\/p>\n<p style=\"text-align: justify;\">\nNa opera\u00e7\u00e3o, foram levantadas informa\u00e7\u00f5es sobre o desmatamento naquela terra ind\u00edgena pelos \u00faltimos quatro anos, desde 2019. O Ibama informou que um total de 428,53 hectares foram desmatados at\u00e9 2023 na regi\u00e3o de Mata Atl\u00e2ntica das terras ind\u00edgenas potiguara.<\/p>\n<p style=\"text-align: justify;\">\nForam embargadas essas \u00e1reas na opera\u00e7\u00e3o com o intuito de cessar os danos ambientais e assegurar a regenera\u00e7\u00e3o natural da vegeta\u00e7\u00e3o nativa. O instituto fala que recentemente foram detectadas 21 novas \u00e1reas desmatadas de forma irregular por ind\u00edgenas supostamente aliciados pela promessa de lucro f\u00e1cil em usinas canavieiras.<\/p>\n<p style=\"text-align: justify;\">\nA opera\u00e7\u00e3o aplicou, no total, 16 autos de infra\u00e7\u00e3o na regi\u00e3o.<\/p>\n","protected":false},"excerpt":{"rendered":"<p>Uma opera\u00e7\u00e3o realizada pelo Ibama, Pol\u00edcia Federal e Funda\u00e7\u00e3o Nacional dos Povos Ind\u00edgenas (Funai), embargou cerca de 79,5 hectares de terras ind\u00edgenas que foram alvo de danos ambientais na Para\u00edba. A a\u00e7\u00e3o aconteceu na regi\u00e3o onde se localiza o povo potiguara, entre as cidades de Ba\u00eda da Trai\u00e7\u00e3o, Marca\u00e7\u00e3o e Rio Tinto. Multas que somam<\/p>\n","protected":false},"author":1,"featured_media":5738,"comment_status":"open","ping_status":"open","sticky":false,"template":"","format":"standard","meta":{"_eb_attr":"","footnotes":""},"categories":[7,13],"tags":[],"class_list":["post-5736","post","type-post","status-publish","format-standard","has-post-thumbnail","hentry","category-destaque","category-noticias"],"_links":{"self":[{"href":"https:\/\/portalmidia.net\/index.php\/wp-json\/wp\/v2\/posts\/5736","targetHints":{"allow":["GET"]}}],"collection":[{"href":"https:\/\/portalmidia.net\/index.php\/wp-json\/wp\/v2\/posts"}],"about":[{"href":"https:\/\/portalmidia.net\/index.php\/wp-json\/wp\/v2\/types\/post"}],"author":[{"embeddable":true,"href":"https:\/\/portalmidia.net\/index.php\/wp-json\/wp\/v2\/users\/1"}],"replies":[{"embeddable":true,"href":"https:\/\/portalmidia.net\/index.php\/wp-json\/wp\/v2\/comments?post=5736"}],"version-history":[{"count":0,"href":"https:\/\/portalmidia.net\/index.php\/wp-json\/wp\/v2\/posts\/5736\/revisions"}],"wp:featuredmedia":[{"embeddable":true,"href":"https:\/\/portalmidia.net\/index.php\/wp-json\/wp\/v2\/media\/5738"}],"wp:attachment":[{"href":"https:\/\/portalmidia.net\/index.php\/wp-json\/wp\/v2\/media?parent=5736"}],"wp:term":[{"taxonomy":"category","embeddable":true,"href":"https:\/\/portalmidia.net\/index.php\/wp-json\/wp\/v2\/categories?post=5736"},{"taxonomy":"post_tag","embeddable":true,"href":"https:\/\/portalmidia.net\/index.php\/wp-json\/wp\/v2\/tags?post=5736"}],"curies":[{"name":"wp","href":"https:\/\/api.w.org\/{rel}","templated":true}]}}