 {"id":5740,"date":"2023-08-18T08:57:04","date_gmt":"2023-08-18T11:57:04","guid":{"rendered":"https:\/\/portalmidia.net\/?p=5740"},"modified":"2023-08-18T08:57:04","modified_gmt":"2023-08-18T11:57:04","slug":"covid-19-cientistas-orientam-volta-do-uso-de-mascaras-devido-a-nova-variante-altamente-mutante-do-coronavirus","status":"publish","type":"post","link":"https:\/\/portalmidia.net\/index.php\/2023\/08\/18\/covid-19-cientistas-orientam-volta-do-uso-de-mascaras-devido-a-nova-variante-altamente-mutante-do-coronavirus\/","title":{"rendered":"Covid-19: cientistas orientam volta do uso de m\u00e1scaras devido a nova variante altamente mutante do coronav\u00edrus"},"content":{"rendered":"<p style=\"text-align: justify;\">Cientistas na Inglaterra est\u00e3o orientando que as pessoas voltem a usar m\u00e1scaras, em meio a uma preocupante &#8220;muta\u00e7\u00e3o&#8221; da variante da Covid-19. Al\u00e9m da subvariante da Omicron, a Eris, j\u00e1 ser alvo de preocupa\u00e7\u00e3o por seu alto grau de muta\u00e7\u00e3o e dissemina\u00e7\u00e3o, uma nova subcepa, que ainda n\u00e3o foi formalmente nomeada, mas \u00e9 chamada de &#8216;BA.6&#8217;, est\u00e1 levando alguns a temer que um quadro sombrio do novo coronav\u00edrus possa surgir nas pr\u00f3ximas semanas.<\/p>\n<p style=\"text-align: justify;\"><strong>Onde a subcepa &#8216;BA.6&#8217; foi encontrada?<\/strong><\/p>\n<p style=\"text-align: justify;\">Segundo reportagem do site Mirror, a nova subcepa s\u00f3 foi encontrada, at\u00e9 agora, na Dinamarca e em Israel, mas tamb\u00e9m possui um n\u00edvel espantoso e alarmante de muta\u00e7\u00e3o, segundo cientistas.<\/p>\n<p style=\"text-align: justify;\">Trisha Greenhalgh, especialista em sa\u00fade prim\u00e1ria da Universidade de Oxford, escreveu no Twitter: &#8220;Meus v\u00e1rios grupos de WhatsApp de ci\u00eancia est\u00e3o fervilhando. Clipes e diagramas de linhagem gen\u00e9tica voando para frente e para tr\u00e1s. Eu entendo pouco do detalhe, mas parece que \u00e9 mais uma vez hora de usar m\u00e1scaras&#8221;.<\/p>\n<p style=\"text-align: justify;\"><strong>Como a subcepa &#8216;BA.6&#8217; \u00e9 diferente das cepas anteriores?<\/strong><\/p>\n<p style=\"text-align: justify;\">A professora Christina Pagel, matem\u00e1tica da University College London, que \u00e9 membro efetivo do grupo Independent SAGE, disse na plataforma de m\u00eddia social que era &#8220;muito cedo&#8221; para avaliar, mas admitiu que a variante tem &#8220;muitas novas muta\u00e7\u00f5es que a tornam diferente das cepas anteriores do Omicron&#8221;. Ela acrescentou que isso significa que \u00e9 &#8220;potencialmente mais capaz de causar uma grande onda&#8221; de cont\u00e1gio.<\/p>\n<p style=\"text-align: justify;\">\n<p style=\"text-align: justify;\">\n<p style=\"text-align: justify;\">\n<p style=\"text-align: justify;\">\n<p style=\"text-align: justify;\">\n<p style=\"text-align: justify;\">\n<p style=\"text-align: justify;\">\n<p style=\"text-align: justify;\">clickpb<\/p>\n","protected":false},"excerpt":{"rendered":"<p>Cientistas na Inglaterra est\u00e3o orientando que as pessoas voltem a usar m\u00e1scaras, em meio a uma preocupante &#8220;muta\u00e7\u00e3o&#8221; da variante da Covid-19. Al\u00e9m da subvariante da Omicron, a Eris, j\u00e1 ser alvo de preocupa\u00e7\u00e3o por seu alto grau de muta\u00e7\u00e3o e dissemina\u00e7\u00e3o, uma nova subcepa, que ainda n\u00e3o foi formalmente nomeada, mas \u00e9 chamada de<\/p>\n","protected":false},"author":1,"featured_media":5742,"comment_status":"open","ping_status":"open","sticky":false,"template":"","format":"standard","meta":{"_eb_attr":"","footnotes":""},"categories":[7,5],"tags":[],"class_list":["post-5740","post","type-post","status-publish","format-standard","has-post-thumbnail","hentry","category-destaque","category-saude"],"_links":{"self":[{"href":"https:\/\/portalmidia.net\/index.php\/wp-json\/wp\/v2\/posts\/5740","targetHints":{"allow":["GET"]}}],"collection":[{"href":"https:\/\/portalmidia.net\/index.php\/wp-json\/wp\/v2\/posts"}],"about":[{"href":"https:\/\/portalmidia.net\/index.php\/wp-json\/wp\/v2\/types\/post"}],"author":[{"embeddable":true,"href":"https:\/\/portalmidia.net\/index.php\/wp-json\/wp\/v2\/users\/1"}],"replies":[{"embeddable":true,"href":"https:\/\/portalmidia.net\/index.php\/wp-json\/wp\/v2\/comments?post=5740"}],"version-history":[{"count":0,"href":"https:\/\/portalmidia.net\/index.php\/wp-json\/wp\/v2\/posts\/5740\/revisions"}],"wp:featuredmedia":[{"embeddable":true,"href":"https:\/\/portalmidia.net\/index.php\/wp-json\/wp\/v2\/media\/5742"}],"wp:attachment":[{"href":"https:\/\/portalmidia.net\/index.php\/wp-json\/wp\/v2\/media?parent=5740"}],"wp:term":[{"taxonomy":"category","embeddable":true,"href":"https:\/\/portalmidia.net\/index.php\/wp-json\/wp\/v2\/categories?post=5740"},{"taxonomy":"post_tag","embeddable":true,"href":"https:\/\/portalmidia.net\/index.php\/wp-json\/wp\/v2\/tags?post=5740"}],"curies":[{"name":"wp","href":"https:\/\/api.w.org\/{rel}","templated":true}]}}