 {"id":5745,"date":"2023-08-18T13:58:38","date_gmt":"2023-08-18T16:58:38","guid":{"rendered":"https:\/\/portalmidia.net\/?p=5745"},"modified":"2023-08-18T13:58:38","modified_gmt":"2023-08-18T16:58:38","slug":"cupula-da-pm-do-df-conversou-sobre-intervencao-militar-e-formas-de-manter-bolsonaro-no-poder-do-pais-diz-pgr","status":"publish","type":"post","link":"https:\/\/portalmidia.net\/index.php\/2023\/08\/18\/cupula-da-pm-do-df-conversou-sobre-intervencao-militar-e-formas-de-manter-bolsonaro-no-poder-do-pais-diz-pgr\/","title":{"rendered":"C\u00fapula da PM do DF conversou sobre interven\u00e7\u00e3o militar e formas de manter Bolsonaro no poder do pa\u00eds, diz PGR"},"content":{"rendered":"<div class=\"site__content\">\n<div class=\"container\">\n<div class=\"row\"><main class=\"posts col__list\"><\/p>\n<article>\n<div class=\"post__content\">\n<p style=\"text-align: justify;\">A\u00a0<strong>c\u00fapula da Pol\u00edcia Militar do Distrito Federal (PM-DF) discutiu em mensagens sobre formas de manter o ent\u00e3o presidente Jair Bolsonaro (PL) no poder do pa\u00eds<\/strong>, mesmo depois da derrota nas urnas para Luiz In\u00e1cio Lula da Silva (PT).<\/p>\n<p style=\"text-align: justify;\">A conclus\u00e3o \u00e9 da Procuradoria-Geral da Rep\u00fablica (PGR), que sustenta que policiais militares de alta patente da corpora\u00e7\u00e3o conversaram tamb\u00e9m sobre fake news envolvendo fraudes eleitorais, e encaminharam entre si conte\u00fados sobre golpe militar e interven\u00e7\u00e3o militar.<\/p>\n<p style=\"text-align: justify;\">A informa\u00e7\u00e3o est\u00e1 na den\u00fancia apresentada pelo \u00f3rg\u00e3o ao Supremo contra a c\u00fapula da PM, por suposta omiss\u00e3o nos atos de 8 de janeiro, que\u00a0levaram \u00e0 invas\u00e3o e depreda\u00e7\u00e3o das sedes dos Tr\u00eas Poderes, em Bras\u00edlia.<\/p>\n<p style=\"text-align: justify;\">Conforme as investiga\u00e7\u00f5es, os coron\u00e9is F\u00e1bio Augusto Vieira e Marcelo Casimiro Vasconcelos trocaram mensagens \u201ccontendo teorias conspirat\u00f3rias e golpistas\u201d, principalmente ap\u00f3s as elei\u00e7\u00f5es.<\/p>\n<p style=\"text-align: justify;\">Vieira era comandante-geral da PM-DF e Vasconcelos liderava o 1\u00ba Comando de Policiamento Regional da corpora\u00e7\u00e3o, respons\u00e1vel pelo policiamento da Esplanada dos Minist\u00e9rios e da Pra\u00e7a dos Tr\u00eas Poderes \u2013 palcos dos atos criminosos de 8 de janeiro.<\/p>\n<p style=\"text-align: justify;\">Dois dias antes do segundo turno, em 28 de outubro,\u00a0<strong>o ent\u00e3o n\u00famero 2 da PM, atual comandante Kleter Rosa, encaminhou uma mensagem a F\u00e1bio Vieira com conte\u00fados falsos sobre supostas fraudes eleitorais<\/strong>.<\/p>\n<div id=\"mid2\" style=\"text-align: justify;\"><\/div>\n<p style=\"text-align: justify;\">As mensagens encaminhadas cont\u00eam \u00e1udios atribu\u00eddos a um pol\u00edtico, que disputou a presid\u00eancia da Rep\u00fablica no pleito de 2022, \u201ce veiculam grava\u00e7\u00f5es de voz editadas, n\u00e3o cont\u00ednuas, nas quais o alegado autor teria chamado o Ministro Alexandre de Moraes de \u2018advogado de fac\u00e7\u00e3o\u2019\u201d, conforme a PGR.<\/p>\n<p style=\"text-align: justify;\">\u201cNas mensagens, expressa-se que o pleito eleitoral j\u00e1 estaria \u2018armado\u2019 e que \u2018as For\u00e7as Armadas saberiam disso\u2019, fomentando teorias conspirat\u00f3rias e antidemocr\u00e1ticas\u201d sobre uma interven\u00e7\u00e3o militar no pa\u00eds, depois do fim das elei\u00e7\u00f5es.<\/p>\n<p style=\"text-align: justify;\">Em 1\u00ba de novembro, Casimiro envia a F\u00e1bio Vieira um quadro \u201cexplicativo\u201d com \u201ctr\u00eas alternativas \u00e0 regular sucess\u00e3o presidencial\u201d. Os t\u00f3picos trazem propostas de um suposto uso das For\u00e7as Armadas para garantias dos poderes constitucionais e da lei e da ordem (tese golpista que interpreta equivocadamente o artigo 142 da Constitui\u00e7\u00e3o), de interven\u00e7\u00e3o militar e de \u201cinterven\u00e7\u00e3o federal\u201d por iniciativa militar.<\/p>\n<p style=\"text-align: justify;\">\u201cOs tr\u00eas conceitos foram acompanhados por explica\u00e7\u00f5es equivocadas e incompat\u00edveis com a ordem constitucional\u201d, prossegue a PGR. \u201cAinda em perspectiva golpista, a mensagem asseverava: \u2018precisamos de uma interven\u00e7\u00e3o federal, com a manuten\u00e7\u00e3o de Bolsonaro no poder!\u2019\u201d.<\/p>\n<p style=\"text-align: justify;\">Na sequ\u00eancia das mensagens encaminhadas, Casimiro escreve: \u201cN\u00e3o se procede esse entendimento, mas \u00e9 interessante a explica\u00e7\u00e3o\u201d.<\/p>\n<p style=\"text-align: justify;\">No mesmo dia, o coronel manda para Vieira uma montagem de v\u00eddeo atribu\u00edda a Luciano Hang sobre fraude nas urnas eletr\u00f4nicas<\/p>\n<p style=\"text-align: justify;\">\u201cAcerca do conte\u00fado, o ent\u00e3o Comandante-geral da PMDF, F\u00c1BIO AUGUSTO VIEIRA, articulou que \u201ca cobra\u201d iria \u201cfumar\u201d, mesmo que o conte\u00fado do v\u00eddeo n\u00e3o fosse ver\u00eddico. A despeito de compreender a natureza falsa da informa\u00e7\u00e3o, F\u00c1BIO demonstrou expectativa quanto ao potencial de subvers\u00e3o dos resultados do pleito eleitoral\u201d, afirmou a PGR.<\/p>\n<p style=\"text-align: justify;\">Em 4 de novembro, os dois oficiais trocaram mensagens sobre \u201cfraude nas urnas\u201d e conte\u00fados que questionavam o \u201cc\u00f3digo-fonte\u201d dos equipamentos.<\/p>\n<p style=\"text-align: justify;\">\u201cEmbora ciente de que a informa\u00e7\u00e3o poderia ser falsa e sem aptid\u00e3o para embasar alega\u00e7\u00f5es de fraude eleitoral, Casimiro [Vasconcelos] tinha a expectativa de que a difus\u00e3o de mensagens fraudulentas poderia insuflar os \u00e2nimos de parte da popula\u00e7\u00e3o, em momento de instabilidade institucional\u201d, afirmou a PGR.<\/p>\n<p style=\"text-align: justify;\">O \u00f3rg\u00e3o conclui, analisando o contexto, que as mensagens e desinforma\u00e7\u00f5es que \u201ccirculavam entre o alto oficialato\u201d da PM-DF demonstravam \u201cexpectativa de mobiliza\u00e7\u00e3o popular para garantir Bolsonaro no poder, em desrespeito ao resultado das elei\u00e7\u00f5es presidenciais\u201d.<\/p>\n<p style=\"text-align: justify;\">\u201cContaminada ideologicamente, a c\u00fapula da PMDF, especialmente pelos ora denunciados, esperava uma insurg\u00eancia popular que poderia assegurar a perman\u00eancia de JAIR MESSIAS BOLSONARO na Presid\u00eancia da Rep\u00fablica\u201d.<\/p>\n<\/div>\n<\/article>\n<p><\/main><\/div>\n<\/div>\n<\/div>\n<p>&nbsp;<\/p>\n<p>&nbsp;<\/p>\n<p>&nbsp;<\/p>\n<p>&nbsp;<\/p>\n<p>&nbsp;<\/p>\n<p>&nbsp;<\/p>\n<p>cnnbrasil<\/p>\n","protected":false},"excerpt":{"rendered":"<p>A\u00a0c\u00fapula da Pol\u00edcia Militar do Distrito Federal (PM-DF) discutiu em mensagens sobre formas de manter o ent\u00e3o presidente Jair Bolsonaro (PL) no poder do pa\u00eds, mesmo depois da derrota nas urnas para Luiz In\u00e1cio Lula da Silva (PT). A conclus\u00e3o \u00e9 da Procuradoria-Geral da Rep\u00fablica (PGR), que sustenta que policiais militares de alta patente da<\/p>\n","protected":false},"author":1,"featured_media":5747,"comment_status":"open","ping_status":"open","sticky":false,"template":"","format":"standard","meta":{"_eb_attr":"","footnotes":""},"categories":[7,3],"tags":[],"class_list":["post-5745","post","type-post","status-publish","format-standard","has-post-thumbnail","hentry","category-destaque","category-politica"],"_links":{"self":[{"href":"https:\/\/portalmidia.net\/index.php\/wp-json\/wp\/v2\/posts\/5745","targetHints":{"allow":["GET"]}}],"collection":[{"href":"https:\/\/portalmidia.net\/index.php\/wp-json\/wp\/v2\/posts"}],"about":[{"href":"https:\/\/portalmidia.net\/index.php\/wp-json\/wp\/v2\/types\/post"}],"author":[{"embeddable":true,"href":"https:\/\/portalmidia.net\/index.php\/wp-json\/wp\/v2\/users\/1"}],"replies":[{"embeddable":true,"href":"https:\/\/portalmidia.net\/index.php\/wp-json\/wp\/v2\/comments?post=5745"}],"version-history":[{"count":0,"href":"https:\/\/portalmidia.net\/index.php\/wp-json\/wp\/v2\/posts\/5745\/revisions"}],"wp:featuredmedia":[{"embeddable":true,"href":"https:\/\/portalmidia.net\/index.php\/wp-json\/wp\/v2\/media\/5747"}],"wp:attachment":[{"href":"https:\/\/portalmidia.net\/index.php\/wp-json\/wp\/v2\/media?parent=5745"}],"wp:term":[{"taxonomy":"category","embeddable":true,"href":"https:\/\/portalmidia.net\/index.php\/wp-json\/wp\/v2\/categories?post=5745"},{"taxonomy":"post_tag","embeddable":true,"href":"https:\/\/portalmidia.net\/index.php\/wp-json\/wp\/v2\/tags?post=5745"}],"curies":[{"name":"wp","href":"https:\/\/api.w.org\/{rel}","templated":true}]}}