 {"id":5753,"date":"2023-08-18T14:07:26","date_gmt":"2023-08-18T17:07:26","guid":{"rendered":"https:\/\/portalmidia.net\/?p=5753"},"modified":"2023-08-18T14:19:12","modified_gmt":"2023-08-18T17:19:12","slug":"comandante-da-pm-do-df-encaminhou-audio-que-chamava-moraes-de-vagabundo-e-pregava-golpe-igual-em-64","status":"publish","type":"post","link":"https:\/\/portalmidia.net\/index.php\/2023\/08\/18\/comandante-da-pm-do-df-encaminhou-audio-que-chamava-moraes-de-vagabundo-e-pregava-golpe-igual-em-64\/","title":{"rendered":"Comandante da PM do DF encaminhou \u00e1udio que chamava Moraes de \u201cvagabundo\u201d e pregava golpe igual em 64"},"content":{"rendered":"<p style=\"text-align: justify;\">Preso nesta sexta-feira (18) pela Pol\u00edcia Federal (PF), o atual comandante da Pol\u00edcia Militar (PM) do Distrito Federal (DF), Klepter Rosa Gon\u00e7alves,\u00a0encaminhou \u00e1udios no WhatsApp que chamavam o ministro\u00a0do Supremo Tribunal Federal (STF) Alexandre de Moraes de \u201cvagabundo\u201d e apoiavam um golpe militar no Brasil aos moldes de 1964.<\/p>\n<p style=\"text-align: justify;\">As mensagens constam na den\u00fancia do Grupo Estrat\u00e9gico de Combate aos Atos Antidemocr\u00e1ticos (GCAA) da Procuradoria-Geral da Rep\u00fablica (PGR),\u00a0que foi repassada ao Supremo Tribunal Federal (STF).<\/p>\n<p style=\"text-align: justify;\">Ap\u00f3s a representa\u00e7\u00e3o da PGR, a Pol\u00edcia Federal (PF), na manh\u00e3 desta sexta, cumpriu mandados expedidos por Moraes e\u00a0prendeu, al\u00e9m de Klepter Rosa, outros coron\u00e9is do Comando da PM do DF, incluindo o ex-comandante da PMDF, F\u00e1bio Augusto Vieira.<\/p>\n<p style=\"text-align: justify;\">Na den\u00fancia do GCAA, consta que no dia 28 de outubro do ano passado, dois dias antes do segundo turno das elei\u00e7\u00f5es, Klepter Rosa, que na \u00e9poca ocupava o cargo de subcomandante da PMDF, encaminhou mensagens em \u00e1udio para o ent\u00e3o comandante da PMDF, F\u00e1bio Augusto Vieira.<\/p>\n<div id=\"mid2\" style=\"text-align: justify;\" data-google-query-id=\"CKni6b_Y5oADFd5PuAQdKY0A2A\">\n<div id=\"google_ads_iframe_\/21920083859\/artigos_politica_2023_2__container__\"><\/div>\n<\/div>\n<p style=\"text-align: justify;\">Os investigadores apontam que as mensagens s\u00e3o falsamente atribu\u00eddas a um pol\u00edtico e cont\u00e9m grava\u00e7\u00f5es de voz editadas. Nos \u00e1udios, o ministro Alexandre de Moraes \u00e9 chamado de \u201cadvogado de fac\u00e7\u00e3o\u201d, \u201cvagabundo\u201d, \u201cladr\u00e3o\u201d e \u201csafado\u201d.<\/p>\n<p style=\"text-align: justify;\">\u201cNas mensagens, expressa-se que o pleito eleitoral j\u00e1 estaria \u201carmado\u201d e que \u201cas For\u00e7as Armadas saberiam disso\u201d \u2013 fomentando teorias conspirat\u00f3rias e antidemocr\u00e1ticas\u201d, afirma a den\u00fancia.<\/p>\n<h2 style=\"text-align: justify;\">Leia abaixo trecho do \u00e1udio encaminhado pelo atual comandante da PM do DF<\/h2>\n<blockquote class=\"cnnbrasil-quote-box with-author \"><p>\u201cNa hora que der o resultado das elei\u00e7\u00f5es que o Lula ganhou, vai ser colocado em pr\u00e1tica o art. 142, viu? Vai ser restabelecida a ordem. Se afasta Xand\u00e3o, se afasta esses vagabundo tudinho e ladr\u00e3o, safado, dessa quadrilha\u2026 A\u00ed voc\u00eas v\u00e3o ver o que \u00e9 por ordem no pa\u00eds. N\u00e3o admito que o Brasil vai deixar um vagabundo, marginal, criminoso e bandido, como o Lula, voltar ao poder.\u201d<\/p>\n<p><strong class=\"author\">\u00c1udio ap\u00f3crifo encaminhado pelo atual comandante da PMDF, Klepter Rosa<\/strong><\/p><\/blockquote>\n<p style=\"text-align: justify;\">As mensagens em \u00e1udio continuam, afirmando que o ent\u00e3o presidente Jair Bolsonaro (PL) e o Ex\u00e9rcito Brasileiro teriam preparado um golpe de Estado, aos moldes de 1964, que demandaria um levante popular.<\/p>\n<p style=\"text-align: justify;\">\u201cRapaz, voc\u00eas tem que entender o seguinte: o Bolsonaro, ele est\u00e1 preparado com o Ex\u00e9rcito, com as For\u00e7as Especi\u2026 as For\u00e7as Armadas a\u00ed, para fazer a mesma coisa que aconteceu em 64. O povo vai pras rua, que ningu\u00e9m vai aceitar o Lula ser.. ganhar a Presid\u00eancia, porque n\u00e3o tem sentido. O povo vai pedir interven\u00e7\u00e3o e a\u00ed, meu amigo, eles v\u00e3o nos livrar do comunismo novamente\u201d, conclui o \u00e1udio enviado por Klepter Rosa.<\/p>\n<p style=\"text-align: justify;\">Segundo os investigadores, F\u00e1bio Augusto Vieira, \u00e0 \u00e9poca o comandante-geral da PM do DF, repassou os mesmos \u00e1udios em diante, para o coronel Marcelo Casimiro Vasconcelos Rodrigues, que tamb\u00e9m est\u00e1 entre os alvos da a\u00e7\u00e3o da PF desta sexta, e \u00e9 comandante do 1\u00ba Comando de Policiamento Regional.<\/p>\n<p style=\"text-align: justify;\">A PMDF se pronunciou em nota informando que \u201ctrata-se de Opera\u00e7\u00e3o da Pol\u00edcia Federal e que a Corregedoria da Corpora\u00e7\u00e3o acompanha o andamento\u201d.<\/p>\n<p style=\"text-align: justify;\">O advogado do ex-comandante da PMDF, F\u00e1bio Augusto Vieira, se pronunciou em nota manifestando \u201cabsoluta preocupa\u00e7\u00e3o quanto \u00e0 incorre\u00e7\u00e3o conceitual e a aplica\u00e7\u00e3o metodol\u00f3gica equivocada da teoria da omiss\u00e3o impr\u00f3pria, bem como pelo manejo destoante das cautelares penais, apartado da racionalidade judicial e da constru\u00e7\u00e3o interpretativa historicamente adotada pelo Supremo Tribunal Federal\u201d.<\/p>\n<p style=\"text-align: justify;\">A defesa ainda afirmou que \u201canseia a an\u00e1lise criteriosa da pris\u00e3o pelo Supremo Tribunal Federal, por sua composi\u00e7\u00e3o colegiada, refor\u00e7ando a cren\u00e7a de que haver\u00e1 observ\u00e2ncia ao desenvolvimento dogm\u00e1tico j\u00e1 estruturado e a aplica\u00e7\u00e3o da interpreta\u00e7\u00e3o judicial<br \/>\namparada por crit\u00e9rios racionais\u201d.<\/p>\n<p style=\"text-align: justify;\">O governo do Distrito Federal se manifestou dizendo que \u201crecebe a decis\u00e3o do ministro Alexandre de Moraes, do Supremo Tribunal Federal, com acato e respeito, aguardando o desfecho do inqu\u00e9rito. Como ocorreu desde o primeiro momento, o GDF participa com informa\u00e7\u00f5es e dilig\u00eancias para que o processo em curso ocorra da forma mais justa e c\u00e9lere poss\u00edvel. O trabalho da Secretaria de Seguran\u00e7a P\u00fablica do DF se mant\u00e9m com o mesmo empenho para que a popula\u00e7\u00e3o n\u00e3o seja prejudicada\u201d.<\/p>\n<p style=\"text-align: justify;\">A\u00a0Pol\u00edcia Federal (PF)\u00a0prendeu, na manh\u00e3 desta sexta-feira (18), o atual Comandante da Pol\u00edcia Militar do Distrito Federal (PMDF),\u00a0<strong>Klepter Rosa<\/strong>, em opera\u00e7\u00e3o que investiga os atos criminosos de 8 de janeiro. O ex-comandante da PMDF, coronel\u00a0<a href=\"https:\/\/www.cnnbrasil.com.br\/tudo-sobre\/fabio-augusto-vieira\/\">F\u00e1bio Augusto V<\/a>i<a href=\"https:\/\/www.cnnbrasil.com.br\/tudo-sobre\/fabio-augusto-vieira\/\">eira<\/a>, tamb\u00e9m est\u00e1 entre os presos.<\/p>\n<p style=\"text-align: justify;\">Segundo a\u00a0Procuradoria-Geral da Rep\u00fablica (PGR),\u00a0<strong>Klepter Rosa<\/strong>\u00a0tentou prejudicar a investiga\u00e7\u00e3o sobre os atos criminosos de 8 de janeiro.<\/p>\n<p style=\"text-align: justify;\">Em nova opera\u00e7\u00e3o, a PF mira a c\u00fapula da PMDF. Outros coron\u00e9is s\u00e3o alvos da PF nesta sexta. Os agentes cumprem sete mandados de pris\u00e3o e sete de busca e apreens\u00e3o em regi\u00f5es do DF.<\/p>\n<p style=\"text-align: justify;\">O coronel F\u00e1bio Augusto j\u00e1 havia sido preso em janeiro ap\u00f3s as invas\u00f5es das sedes dos Tr\u00eas Poderes em Bras\u00edlia. Essa \u00e9 a segunda pris\u00e3o do militar, que \u00e9 suspeito de omiss\u00e3o.<\/p>\n<p style=\"text-align: justify;\">Em nota, a PMDF informou que a Corregedoria da Corpora\u00e7\u00e3o acompanha o andamento da opera\u00e7\u00e3o.<\/p>\n<p style=\"text-align: justify;\">Os pedidos foram feitos pelo coordenador do Grupo Estrat\u00e9gico de Combate aos Atos Antidemocr\u00e1ticos (GCAA),\u00a0<strong>Carlos Frederico Santos<\/strong>, a partir do resultado de apura\u00e7\u00f5es realizadas nos \u00faltimos oito meses pelas equipes da PGR que atuam nas investiga\u00e7\u00f5es do ataque \u00e0s sedes dos Tr\u00eas Poderes.<\/p>\n<p style=\"text-align: justify;\">Em nota, a PGR afirmou que \u201cos denunciados conheciam previamente os riscos e aderiram de forma dolosa ao resultado criminoso previs\u00edvel, omitindo-se no cumprimento do dever funcional de agir\u201d.<\/p>\n<p style=\"text-align: justify;\">Na quinta-feira (17), a PGR denunciou sete militares do Comando da PM do DF suspeitos de coniv\u00eancia no 8 de janeiro.<\/p>\n<p style=\"text-align: justify;\">\n<p style=\"text-align: justify;\">\n<p style=\"text-align: justify;\">\n<p style=\"text-align: justify;\">\n<p style=\"text-align: justify;\">\n<p style=\"text-align: justify;\">\n<p style=\"text-align: justify;\">\n<p style=\"text-align: justify;\">cnnbrasil<\/p>\n","protected":false},"excerpt":{"rendered":"<p>Preso nesta sexta-feira (18) pela Pol\u00edcia Federal (PF), o atual comandante da Pol\u00edcia Militar (PM) do Distrito Federal (DF), Klepter Rosa Gon\u00e7alves,\u00a0encaminhou \u00e1udios no WhatsApp que chamavam o ministro\u00a0do Supremo Tribunal Federal (STF) Alexandre de Moraes de \u201cvagabundo\u201d e apoiavam um golpe militar no Brasil aos moldes de 1964. As mensagens constam na den\u00fancia do<\/p>\n","protected":false},"author":1,"featured_media":5755,"comment_status":"open","ping_status":"open","sticky":false,"template":"","format":"standard","meta":{"_eb_attr":"","footnotes":""},"categories":[7,13],"tags":[],"class_list":["post-5753","post","type-post","status-publish","format-standard","has-post-thumbnail","hentry","category-destaque","category-noticias"],"_links":{"self":[{"href":"https:\/\/portalmidia.net\/index.php\/wp-json\/wp\/v2\/posts\/5753","targetHints":{"allow":["GET"]}}],"collection":[{"href":"https:\/\/portalmidia.net\/index.php\/wp-json\/wp\/v2\/posts"}],"about":[{"href":"https:\/\/portalmidia.net\/index.php\/wp-json\/wp\/v2\/types\/post"}],"author":[{"embeddable":true,"href":"https:\/\/portalmidia.net\/index.php\/wp-json\/wp\/v2\/users\/1"}],"replies":[{"embeddable":true,"href":"https:\/\/portalmidia.net\/index.php\/wp-json\/wp\/v2\/comments?post=5753"}],"version-history":[{"count":0,"href":"https:\/\/portalmidia.net\/index.php\/wp-json\/wp\/v2\/posts\/5753\/revisions"}],"wp:featuredmedia":[{"embeddable":true,"href":"https:\/\/portalmidia.net\/index.php\/wp-json\/wp\/v2\/media\/5755"}],"wp:attachment":[{"href":"https:\/\/portalmidia.net\/index.php\/wp-json\/wp\/v2\/media?parent=5753"}],"wp:term":[{"taxonomy":"category","embeddable":true,"href":"https:\/\/portalmidia.net\/index.php\/wp-json\/wp\/v2\/categories?post=5753"},{"taxonomy":"post_tag","embeddable":true,"href":"https:\/\/portalmidia.net\/index.php\/wp-json\/wp\/v2\/tags?post=5753"}],"curies":[{"name":"wp","href":"https:\/\/api.w.org\/{rel}","templated":true}]}}