 {"id":5757,"date":"2023-08-18T14:09:27","date_gmt":"2023-08-18T17:09:27","guid":{"rendered":"https:\/\/portalmidia.net\/?p=5757"},"modified":"2023-08-18T14:18:44","modified_gmt":"2023-08-18T17:18:44","slug":"hacker-walter-delgatti-deixa-pf-apos-depor-advogado-diz-que-ha-provas-de-encontro-com-bolsonaro","status":"publish","type":"post","link":"https:\/\/portalmidia.net\/index.php\/2023\/08\/18\/hacker-walter-delgatti-deixa-pf-apos-depor-advogado-diz-que-ha-provas-de-encontro-com-bolsonaro\/","title":{"rendered":"Hacker Walter Delgatti deixa PF ap\u00f3s depor; advogado diz que h\u00e1 provas de encontro com Bolsonaro"},"content":{"rendered":"<p style=\"text-align: justify;\">O\u00a0hacker Walter Delgatti Neto\u00a0deixou a\u00a0Pol\u00edcia Federal (PF)\u00a0ap\u00f3s prestar um novo depoimento na manh\u00e3 desta sexta-feira (18), em Bras\u00edlia. Ele foi convocado pela segunda vez ap\u00f3s sua participa\u00e7\u00e3o na\u00a0CPMI do 8 de janeiro\u00a0na quinta-feira (17).<\/p>\n<p style=\"text-align: justify;\">A avalia\u00e7\u00e3o \u00e9 de que ele trouxe dados novos durante a oitiva, que precisam ser novamente relatados aos investigadores.<\/p>\n<p style=\"text-align: justify;\">Antes do in\u00edcio do depoimento, o advogado de Delgatti,\u00a0<strong>Ariovaldo Moreira<\/strong>, falou a rep\u00f3rteres na sede da PF que Delgatti vai prestar esclarecimento sobre o encontro que o hacker teve em 2022 com o ent\u00e3o presidente\u00a0<a href=\"https:\/\/www.cnnbrasil.com.br\/tudo-sobre\/jair-bolsonaro\/\">Jair Bols<\/a>onaro.<\/p>\n<p style=\"text-align: justify;\">Moreira afirmou que h\u00e1 provas da reuni\u00e3o, mas que \u00e9 imposs\u00edvel comprovar o conte\u00fado da conversa.<\/p>\n<p style=\"text-align: justify;\">O advogado do hacker ainda disse que vai solicitar liberdade provis\u00f3ria de Delgatti, pois teme algum tipo de atentado contra seu cliente na pris\u00e3o.<\/p>\n<p style=\"text-align: justify;\">Delgatti deve passar este final de semana preso na superintend\u00eancia da PF em Bras\u00edlia. Delegados ainda v\u00e3o decidir se ele ser\u00e1 transferido de volta para Araraquara, onde ele estava preso preventivamente desde o dia 2 de agosto antes de ir para o DF depor.<\/p>\n<div id=\"mid2\" style=\"text-align: justify;\" data-google-query-id=\"CNut4Y3Z5oADFc5O3QIdLPEAAg\">\n<div id=\"google_ads_iframe_\/21920083859\/artigos_politica_2023_2__container__\"><\/div>\n<\/div>\n<p style=\"text-align: justify;\">Em seu depoimento \u00e0 CPMI do 8 de janeiro, Delgatti relatou os\u00a0encontros que teve com a deputada Carla Zambelli (PL-SP), disse que o ex-presidente\u00a0Jair Bolsonaro (PL) pediu para que ele assumisse a autoria de um grampo que teria sido realizado contra o ministro do Supremo Tribunal Federal (STF) Alexandre de Moraes\u00a0e revelou que lhe foi assegurado um indulto.<\/p>\n<h2 style=\"text-align: justify;\">Depoimento anterior<\/h2>\n<p style=\"text-align: justify;\">Delgatti prestou depoimento \u00e0 PF na \u00faltima quarta-feira (16),\u00a0sobre a invas\u00e3o e inser\u00e7\u00e3o de dados falsos nos sistemas de tecnologia do\u00a0Conselho Nacional de Justi\u00e7a (CNJ)\u00a0em janeiro deste ano, dias antes dos atos antidemocr\u00e1ticos.<\/p>\n<p style=\"text-align: justify;\">O hacker afirmou que a invas\u00e3o foi feita a pedido de\u00a0Carla Zambelli e tamb\u00e9m que recebeu R$ 40 mil da deputada. A parlamentar nega.<\/p>\n<p style=\"text-align: justify;\">cnnbrasil<\/p>\n","protected":false},"excerpt":{"rendered":"<p>O\u00a0hacker Walter Delgatti Neto\u00a0deixou a\u00a0Pol\u00edcia Federal (PF)\u00a0ap\u00f3s prestar um novo depoimento na manh\u00e3 desta sexta-feira (18), em Bras\u00edlia. Ele foi convocado pela segunda vez ap\u00f3s sua participa\u00e7\u00e3o na\u00a0CPMI do 8 de janeiro\u00a0na quinta-feira (17). A avalia\u00e7\u00e3o \u00e9 de que ele trouxe dados novos durante a oitiva, que precisam ser novamente relatados aos investigadores. Antes do<\/p>\n","protected":false},"author":1,"featured_media":5760,"comment_status":"open","ping_status":"open","sticky":false,"template":"","format":"standard","meta":{"_eb_attr":"","footnotes":""},"categories":[7,13],"tags":[],"class_list":["post-5757","post","type-post","status-publish","format-standard","has-post-thumbnail","hentry","category-destaque","category-noticias"],"_links":{"self":[{"href":"https:\/\/portalmidia.net\/index.php\/wp-json\/wp\/v2\/posts\/5757","targetHints":{"allow":["GET"]}}],"collection":[{"href":"https:\/\/portalmidia.net\/index.php\/wp-json\/wp\/v2\/posts"}],"about":[{"href":"https:\/\/portalmidia.net\/index.php\/wp-json\/wp\/v2\/types\/post"}],"author":[{"embeddable":true,"href":"https:\/\/portalmidia.net\/index.php\/wp-json\/wp\/v2\/users\/1"}],"replies":[{"embeddable":true,"href":"https:\/\/portalmidia.net\/index.php\/wp-json\/wp\/v2\/comments?post=5757"}],"version-history":[{"count":0,"href":"https:\/\/portalmidia.net\/index.php\/wp-json\/wp\/v2\/posts\/5757\/revisions"}],"wp:featuredmedia":[{"embeddable":true,"href":"https:\/\/portalmidia.net\/index.php\/wp-json\/wp\/v2\/media\/5760"}],"wp:attachment":[{"href":"https:\/\/portalmidia.net\/index.php\/wp-json\/wp\/v2\/media?parent=5757"}],"wp:term":[{"taxonomy":"category","embeddable":true,"href":"https:\/\/portalmidia.net\/index.php\/wp-json\/wp\/v2\/categories?post=5757"},{"taxonomy":"post_tag","embeddable":true,"href":"https:\/\/portalmidia.net\/index.php\/wp-json\/wp\/v2\/tags?post=5757"}],"curies":[{"name":"wp","href":"https:\/\/api.w.org\/{rel}","templated":true}]}}