 {"id":5763,"date":"2023-08-18T14:12:36","date_gmt":"2023-08-18T17:12:36","guid":{"rendered":"https:\/\/portalmidia.net\/?p=5763"},"modified":"2023-08-18T14:12:36","modified_gmt":"2023-08-18T17:12:36","slug":"afasta-xandao-e-a-cobra-vai-fumar-veja-mensagens-compartilhadas-entre-a-cupula-da-pmdf","status":"publish","type":"post","link":"https:\/\/portalmidia.net\/index.php\/2023\/08\/18\/afasta-xandao-e-a-cobra-vai-fumar-veja-mensagens-compartilhadas-entre-a-cupula-da-pmdf\/","title":{"rendered":"\u201cAfasta Xand\u00e3o\u201d e a \u201ccobra vai fumar\u201d: veja mensagens compartilhadas entre a c\u00fapula da PMDF"},"content":{"rendered":"<p style=\"text-align: justify;\">A\u00a0den\u00fancia da Procuradoria-Geral da Rep\u00fablica (PGR) contra os integrantes da c\u00fapula da Pol\u00edcia Militar do Distrito Federal (PMDF)\u00a0revela troca de fake news e mensagens conspirat\u00f3rias sobre as elei\u00e7\u00f5es de 2022. Tamb\u00e9m mostra que os oficiais envolvidos sabiam dos riscos dos atos marcados para o dia 8 de janeiro e n\u00e3o agiram como deveriam.<\/p>\n<div class=\"m-banner-wrap m-banner-rectangle m-publicity-content-middle\" style=\"text-align: justify;\"><\/div>\n<p style=\"text-align: justify;\" data-gtm-vis-recent-on-screen-104869357_94=\"12712\" data-gtm-vis-first-on-screen-104869357_94=\"12712\" data-gtm-vis-total-visible-time-104869357_94=\"100\" data-gtm-vis-has-fired-104869357_94=\"1\">Em um dos di\u00e1logos, a dois dias do segundo turno das elei\u00e7\u00f5es de 2022, o atual comandante-geral da PMDF, coronel Klepter Rosa Gon\u00e7alves \u2013 que era subcomandante da corpora\u00e7\u00e3o na data das a\u00e7\u00f5es golpistas \u2013 compartilhou com o ent\u00e3o chefe da PMDF, coronel F\u00e1bio Augusto Vieira, \u00e1udios atribu\u00eddos falsamente a Ciro Gomes, nos quais fala em afastamento de \u201cXand\u00e3o\u201d, em refer\u00eancia ao ministro do STF Alexandre de Moraes, que agora decretou a pris\u00e3o de ambos.<\/p>\n<p style=\"text-align: justify;\">Os \u00e1udios dizem que, na hora da confirma\u00e7\u00e3o da elei\u00e7\u00e3o de Luiz In\u00e1cio Lula da Silva para a Presid\u00eancia da Rep\u00fablica, seria \u201crestabelecida a ordem, se afasta Xand\u00e3o [sic], se afasta esses vagabundo tudinho [sic] e ladr\u00e3o, safado, dessa quadrilha\u201d. \u201cN\u00e3o admito que o Brasil vai deixar um vagabundo, marginal, criminoso e bandido, como o Lula, voltar ao poder.\u201d<\/p>\n<p style=\"text-align: justify;\"><img decoding=\"async\" src=\"https:\/\/uploads.metropoles.com\/wp-content\/uploads\/2023\/08\/18110845\/Prints-grupo-cupula-PMDF-1-656x640.jpeg\" alt=\"Imagem colorida mostra prints que demonstram conversas de integrantes da c\u00fapula da PMDF alvo de opera\u00e7\u00e3o da PF\" \/><\/p>\n<p style=\"text-align: justify;\"><img decoding=\"async\" src=\"https:\/\/uploads.metropoles.com\/wp-content\/uploads\/2023\/08\/18110848\/Prints-grupo-cupula-PMDF-2-807x640.jpeg\" alt=\"Imagem colorida mostra prints que demonstram conversas de integrantes da c\u00fapula da PMDF alvo de opera\u00e7\u00e3o da PF\" \/><\/p>\n<p style=\"text-align: justify;\"><img decoding=\"async\" src=\"https:\/\/uploads.metropoles.com\/wp-content\/uploads\/2023\/08\/18110852\/Prints-grupo-cupula-PMDF-3-714x640.jpeg\" alt=\"Imagem colorida mostra prints que demonstram conversas de integrantes da c\u00fapula da PMDF alvo de opera\u00e7\u00e3o da PF\" \/><\/p>\n<p style=\"text-align: justify;\">A mensagem compartilhada pelo comandante-geral diz ainda que o Ex\u00e9rcito teria preparado um golpe de Estado, que demandaria, como primeiro passo, levante popular com \u201co povo nas ruas\u201d.<\/p>\n<div class=\"m-banner-wrap m-banner-rectangle m-publicity-content-middle\" style=\"text-align: justify;\"><\/div>\n<p style=\"text-align: justify;\">No mesmo dia, o coronel F\u00e1bio enviou a fake news ao coronel Marcelo Casimiro Vasconcelos Rodrigues, ent\u00e3o comandante do 1\u00ba Comando de Policiamento Regional, respons\u00e1vel pela seguran\u00e7a da Esplanada dos Minist\u00e9rios.<\/p>\n<p style=\"text-align: justify;\">Ap\u00f3s a vit\u00f3ria de Lula nas urnas, em 1\u00ba de novembro, Casimiro enviou a F\u00e1bio um quadro com tr\u00eas alternativas contra a posse do petista: suposta aplica\u00e7\u00e3o do artigo 142 da Constitui\u00e7\u00e3o Federal; interven\u00e7\u00e3o militar; e interven\u00e7\u00e3o federal por iniciativa militar.<\/p>\n<h4 style=\"text-align: justify;\">\u201cPerspectiva golpista\u201d por parte de integrantes da PMDF<\/h4>\n<p style=\"text-align: justify;\">A PGR enfatiza, na den\u00fancia contra os militares, que os conceitos apresentados por Casimiro ao ent\u00e3o comandante-geral da PMDF tinham explica\u00e7\u00f5es \u201cequivocadas e incompat\u00edveis com a ordem constitucional\u201d. Segundo a acusa\u00e7\u00e3o, ainda em \u201cperspectiva golpista\u201d, Casimiro compartilhou: \u201cPrecisamos de uma interven\u00e7\u00e3o federal, com a manuten\u00e7\u00e3o de Bolsonaro no poder!\u201d.<\/p>\n<p style=\"text-align: justify;\">No mesmo dia, Casimiro enviou ao chefe da corpora\u00e7\u00e3o um v\u00eddeo com informa\u00e7\u00f5es falsas sobre suposta fraude nas urnas eletr\u00f4nicas. Em resposta, o ent\u00e3o comandante-geral da PMDF disse que \u201ca cobra iria fumar\u201d.<\/p>\n<div class=\"m-banner-wrap m-banner-rectangle m-publicity-content-middle\" style=\"text-align: justify;\"><\/div>\n<p style=\"text-align: justify;\">Em 4 de novembro, Casimiro volta a compartilhar com F\u00e1bio fake news sobre fraude nas urnas. Casimiro admite que o conte\u00fado \u201cpode n\u00e3o provar nada\u201d, mas seria eficaz para \u201cacirrar os \u00e2nimos\u201d e provocar \u201cexplica\u00e7\u00f5es\u201d.<\/p>\n<p style=\"text-align: justify;\">Para a PGR, as desinforma\u00e7\u00f5es que circulavam entre o alto comando da PMDF \u201cdemonstravam expectativa de mobiliza\u00e7\u00e3o popular para garantir Jair Bolsonaro no poder, em desrespeito ao resultado das elei\u00e7\u00f5es presidenciais\u201d. \u201cPor meio das urnas, os brasileiros j\u00e1 haviam escolhido o mandat\u00e1rio a chefiar o Poder Executivo Federal entre 2023 e 2026\u201d, frisou.<\/p>\n<div class=\"m-banner-wrap m-banner-rectangle m-publicity-content-middle\" style=\"text-align: justify;\"><\/div>\n<p style=\"text-align: justify;\">\u201cEmbora ciente de que a informa\u00e7\u00e3o poderia ser falsa e sem aptid\u00e3o para embasar alega\u00e7\u00f5es de fraude eleitoral, Casimiro tinha a expectativa de que a difus\u00e3o de mensagens fraudulentas poderia insuflar os \u00e2nimos de parte da popula\u00e7\u00e3o, em momento de instabilidade institucional\u201d, destacou a PGR.<\/p>\n<p style=\"text-align: justify;\">A PGR enfatiza que a c\u00fapula da PMDF estava \u201ccontaminada ideologicamente\u201d e esperava \u201cinsurg\u00eancia popular que poderia assegurar a perman\u00eancia de Jair Messias Bolsonaro na Presid\u00eancia da Rep\u00fablica\u201d.<\/p>\n<h4 style=\"text-align: justify;\">\u201cN\u00e3o houve \u2018apag\u00e3o de intelig\u00eancia\u201d<\/h4>\n<p style=\"text-align: justify;\">A den\u00fancia destaca que os oficiais da PMDF foram municiados com informa\u00e7\u00f5es suficientes para que a PMDF pudesse cumprir, com sucesso, o dever de interromper a movimenta\u00e7\u00e3o que culminou na invas\u00e3o e depreda\u00e7\u00e3o das sedes dos Tr\u00eas Poderes.<\/p>\n<p style=\"text-align: justify;\">\u201cN\u00e3o houve \u2018apag\u00e3o de intelig\u00eancia\u2019 ou falta de informa\u00e7\u00f5es \u00e0 Pol\u00edcia Militar do Distrito Federal. Ao contr\u00e1rio, os denunciados receberam informes que tornavam evidente o perigo concreto e o risco de dano iminente aos bens jur\u00eddicos pelos quais deveriam zelar, com anteced\u00eancia necess\u00e1ria para que mobilizassem suas tropas e obstassem os resultados danosos\u201d, afirmou a PGR.<\/p>\n<p style=\"text-align: justify;\">A acusa\u00e7\u00e3o refor\u00e7a que havia possibilidade de interven\u00e7\u00e3o precoce e cumprimento do dever jur\u00eddico por parte dos policiais militares.<\/p>\n<h4 style=\"text-align: justify;\">Opera\u00e7\u00e3o Inc\u00faria<\/h4>\n<p style=\"text-align: justify;\">A Pol\u00edcia Federal prendeu o atual comandante-geral da PMDF, coronel Klepter Rosa Gon\u00e7alves, o ex-comandante F\u00e1bio Augusto Vieira e mais tr\u00eas oficiais, nesta sexta-feira (18\/8).<\/p>\n<p style=\"text-align: justify;\">Os mandados cumpridos pela PF e pela PGR nesta manh\u00e3 foram determinados pelo relator do Inqu\u00e9rito n\u00ba 4.923 no STF, o ministro Alexandre de Moraes.<\/p>\n<div class=\"m-banner-teads\">\n<div class=\"teads-inread sm-screen\">\n<div>\n<p style=\"text-align: justify;\">A\u00a0<a href=\"https:\/\/www.metropoles.com\/tag\/pgr\" target=\"_blank\" rel=\"noopener\">PGR<\/a>\u00a0denunciou, no total, sete policiais militares ao\u00a0<a href=\"https:\/\/www.stf.jus.br\/\" target=\"_blank\" rel=\"noopener\">STF<\/a>\u00a0por crimes omissivos impr\u00f3prios, em virtude de n\u00e3o terem agido como deveriam enquanto representantes do Estado. O coronel Jorge Eduardo Naime Barreto e o major Fl\u00e1vio Silvestre de Alencar j\u00e1 estavam presos. Portanto, todos os acusados est\u00e3o detidos.<\/p>\n<p style=\"text-align: justify;\"><strong>Confira a lista dos denunciados:<\/strong><\/p>\n<ul style=\"text-align: justify;\">\n<li>coronel F\u00e1bio Augusto Vieira: comandante-geral da PMDF em 8 de janeiro de 2023;<\/li>\n<li>coronel Klepter Rosa Gon\u00e7alves: subcomandante da PMDF na mesma data e nomeado para o cargo de comandante-geral em 15 de fevereiro seguinte;<\/li>\n<li>coronel Jorge Eduardo Naime Barreto: comandante do Departamento de Opera\u00e7\u00f5es da PMDF em 8\/1, mas havia entrado de licen\u00e7a em 3 de janeiro;<\/li>\n<li>coronel Paulo Jos\u00e9 Ferreira de Sousa Bezerra: comandante do Departamento de Opera\u00e7\u00f5es da corpora\u00e7\u00e3o, no lugar de Naime, em 8\/1;<\/li>\n<li>coronel Marcelo Casimiro Vasconcelos Rodrigues: chefe do 1\u00ba Comando de Policiamento Regional da PMDF em 8 de janeiro de 2023;<\/li>\n<li>major Fl\u00e1vio Silvestre de Alencar: atuou em 8 de janeiro de 2023; e<\/li>\n<li>tenente Rafael Pereira Martins: atuou em 8\/1.<\/li>\n<\/ul>\n<h4 style=\"text-align: justify;\">Defesas<\/h4>\n<p style=\"text-align: justify;\">Ap\u00f3s receberem a not\u00edcia das den\u00fancias, as defesas dos investigados se posicionaram quanto \u00e0s acusa\u00e7\u00f5es da PGR no pedido de pris\u00e3o contra os militares.<\/p>\n<p style=\"text-align: justify;\">Os advogados do coronel F\u00e1bio Augusto, Jo\u00e3o Paulo Boaventura e Thiago Turbay, disseram ter recebido \u201ccom estranheza o fato noticiado, em especial o pedido de pris\u00e3o preventiva, que n\u00e3o encontra suporte nos fatos e [para o qual] n\u00e3o h\u00e1 justificativa jur\u00eddica id\u00f4nea poss\u00edvel\u201d.<\/p>\n<p style=\"text-align: justify;\">\u201cConsiderando os fatos e as provas dispon\u00edveis, n\u00e3o h\u00e1 outra decis\u00e3o racionalmente motivada diferente da rejei\u00e7\u00e3o da den\u00fancia. O coronel Fabio Vieira e sua defesa t\u00e9cnica reiteram a confian\u00e7a na Justi\u00e7a e no inarred\u00e1vel compromisso de fortalecimento da democracia\u201d, afirmaram.<\/p>\n<p style=\"text-align: justify;\">A defesa do coronel Jorge Eduardo Naime tamb\u00e9m se posicionou por meio de nota. No documento, os advogados Iuri Cavalcante Reis, Pedro Afonso Figueiredo e Izabella Hernandez Borges disseram que \u201ca defesa discorda do posicionamento do \u00f3rg\u00e3o acusador e provar\u00e1, em resposta \u00e0 acusa\u00e7\u00e3o, a inexist\u00eancia de qualquer conduta omissiva ou ato de coniv\u00eancia praticado no dia 8 de janeiro de 2023\u201d.<\/p>\n<p style=\"text-align: justify;\">\u201cPelo contr\u00e1rio, apesar de estar no gozo de uma dispensa-recompensa, o coronel foi convocado para se dirigir \u00e0 Pra\u00e7a dos Tr\u00eas Poderes, quando o tumulto j\u00e1 estava em est\u00e1gio bastante avan\u00e7ado, ocasi\u00e3o na qual atuou nos estritos termos legais, objetivando n\u00e3o s\u00f3 proteger e zelar o patrim\u00f4nio p\u00fablico, como tamb\u00e9m efetuou diversas pris\u00f5es de v\u00e2ndalos\u201d, afirmou a defesa de Naime.<\/p>\n<p style=\"text-align: justify;\">A defesa de Paulo Jos\u00e9 Ferreira informou que o coronel \u201ctem colaborado com as investiga\u00e7\u00f5es\u201d e que ele \u201csempre se colocou \u00e0 disposi\u00e7\u00e3o das autoridades para todos os esclarecimentos necess\u00e1rios\u201d. Advogado do militar, Cristiano de Oliveira Souza sustenta que o policial \u201chavia assumido o departamento operacional interinamente e a apenas cinco dias da manifesta\u00e7\u00e3o, tempo insuficiente para se inteirar de tudo o que se passava no Distrito Federal naquele momento\u201d.<\/p>\n<p style=\"text-align: justify;\">\u201c[Paulo Jos\u00e9] n\u00e3o participou de qualquer reuni\u00e3o de alinhamento para planejamento tampouco teve acesso aos relat\u00f3rios de intelig\u00eancia e \u00e0s an\u00e1lises de risco sobre as manifesta\u00e7\u00f5es\u201d, completou, em nota, o advogado Cristiano de Oliveira Souza.<\/p>\n<p style=\"text-align: justify;\">Os demais militares mencionados e alvos da den\u00fancia da PGR tamb\u00e9m foram acionados, mas n\u00e3o haviam se posicionado at\u00e9 a mais recente atualiza\u00e7\u00e3o desta reportagem. O espa\u00e7o segue aberto para eventuais manifesta\u00e7\u00f5es.<\/p>\n<\/div>\n<\/div>\n<\/div>\n<p>&nbsp;<\/p>\n<p>&nbsp;<\/p>\n<p>&nbsp;<\/p>\n<p>&nbsp;<\/p>\n<p>&nbsp;<\/p>\n<p>&nbsp;<\/p>\n<p>&nbsp;<\/p>\n<p>&nbsp;<\/p>\n<p>metropoles<\/p>\n","protected":false},"excerpt":{"rendered":"<p>A\u00a0den\u00fancia da Procuradoria-Geral da Rep\u00fablica (PGR) contra os integrantes da c\u00fapula da Pol\u00edcia Militar do Distrito Federal (PMDF)\u00a0revela troca de fake news e mensagens conspirat\u00f3rias sobre as elei\u00e7\u00f5es de 2022. Tamb\u00e9m mostra que os oficiais envolvidos sabiam dos riscos dos atos marcados para o dia 8 de janeiro e n\u00e3o agiram como deveriam. Em um<\/p>\n","protected":false},"author":1,"featured_media":5765,"comment_status":"open","ping_status":"open","sticky":false,"template":"","format":"standard","meta":{"_eb_attr":"","footnotes":""},"categories":[7,3],"tags":[],"class_list":["post-5763","post","type-post","status-publish","format-standard","has-post-thumbnail","hentry","category-destaque","category-politica"],"_links":{"self":[{"href":"https:\/\/portalmidia.net\/index.php\/wp-json\/wp\/v2\/posts\/5763","targetHints":{"allow":["GET"]}}],"collection":[{"href":"https:\/\/portalmidia.net\/index.php\/wp-json\/wp\/v2\/posts"}],"about":[{"href":"https:\/\/portalmidia.net\/index.php\/wp-json\/wp\/v2\/types\/post"}],"author":[{"embeddable":true,"href":"https:\/\/portalmidia.net\/index.php\/wp-json\/wp\/v2\/users\/1"}],"replies":[{"embeddable":true,"href":"https:\/\/portalmidia.net\/index.php\/wp-json\/wp\/v2\/comments?post=5763"}],"version-history":[{"count":0,"href":"https:\/\/portalmidia.net\/index.php\/wp-json\/wp\/v2\/posts\/5763\/revisions"}],"wp:featuredmedia":[{"embeddable":true,"href":"https:\/\/portalmidia.net\/index.php\/wp-json\/wp\/v2\/media\/5765"}],"wp:attachment":[{"href":"https:\/\/portalmidia.net\/index.php\/wp-json\/wp\/v2\/media?parent=5763"}],"wp:term":[{"taxonomy":"category","embeddable":true,"href":"https:\/\/portalmidia.net\/index.php\/wp-json\/wp\/v2\/categories?post=5763"},{"taxonomy":"post_tag","embeddable":true,"href":"https:\/\/portalmidia.net\/index.php\/wp-json\/wp\/v2\/tags?post=5763"}],"curies":[{"name":"wp","href":"https:\/\/api.w.org\/{rel}","templated":true}]}}