 {"id":5767,"date":"2023-08-18T14:14:53","date_gmt":"2023-08-18T17:14:53","guid":{"rendered":"https:\/\/portalmidia.net\/?p=5767"},"modified":"2023-08-18T14:14:53","modified_gmt":"2023-08-18T17:14:53","slug":"video-bolsonaro-diz-que-mauro-cid-tinha-autonomia-no-caso-das-joias","status":"publish","type":"post","link":"https:\/\/portalmidia.net\/index.php\/2023\/08\/18\/video-bolsonaro-diz-que-mauro-cid-tinha-autonomia-no-caso-das-joias\/","title":{"rendered":"V\u00eddeo: Bolsonaro diz que Mauro Cid \u201ctinha autonomia\u201d no caso das joias"},"content":{"rendered":"<p style=\"text-align: justify;\">Depois da defesa de\u00a0<a href=\"https:\/\/www.metropoles.com\/brasil\/mauro-cid-vai-dizer-que-vendeu-joias-a-mando-de-bolsonaro-diz-defesa\" target=\"_blank\" rel=\"noopener\">Mauro Cid afirmar que o tenente-coronel confessar\u00e1 que vendeu as joias e presentes sauditas a pedido de<\/a>\u00a0<a href=\"https:\/\/www.metropoles.com\/brasil\/jair-bolsonaro\" target=\"_blank\" rel=\"noopener\">Jair Bolsonaro (PL)<\/a>, o ex-presidente disse, nesta sexta-feira (18\/8), que o ex-ajudante de ordens tinha \u201cautonomia\u201d no caso.<\/p>\n<div class=\"m-banner-wrap m-banner-rectangle m-publicity-content-middle\" style=\"text-align: justify;\"><\/div>\n<p style=\"text-align: justify;\" data-gtm-vis-recent-on-screen-104869357_94=\"27860\" data-gtm-vis-first-on-screen-104869357_94=\"27861\" data-gtm-vis-total-visible-time-104869357_94=\"100\" data-gtm-vis-has-fired-104869357_94=\"1\">\u201cEle [Mauro Cid] tinha autonomia\u201d, declarou Bolsonaro ao jornal Estado de S.Paulo nesta sexta, em Abadi\u00e2nia,\u00a0<a href=\"https:\/\/www.metropoles.com\/tag\/goias\" target=\"_blank\" rel=\"noopener\">Goi\u00e1s<\/a>. Bolsonaro tamb\u00e9m disse que deseja \u201cclarear o mais r\u00e1pido poss\u00edvel\u201d o caso das\u00a0<a href=\"https:\/\/www.metropoles.com\/tag\/joias\" target=\"_blank\" rel=\"noopener\">joias<\/a>.<\/p>\n<p style=\"text-align: justify;\">Confrontado com as afirma\u00e7\u00f5es da defesa de Cid, de que o ex-ajudante de ordens teria vendido o Rolex e repassado US$ 25 mil a Bolsonaro em esp\u00e9cie, o ex-presidente foi enf\u00e1tico: \u201cEu n\u00e3o recebi nada\u201d.<\/p>\n<div class=\"m-banner-teads\" style=\"text-align: justify;\"><\/div>\n<p style=\"text-align: justify;\">Na noite dessa quinta-feira (17\/8), o ministro do Supremo Tribunal Federal (STF) Alexandre de Moraes autorizou a quebra de sigilo fiscal e banc\u00e1rio do ex-presidente e da ex-primeira-dama Michelle Bolsonaro.<\/p>\n<p style=\"text-align: justify;\">Em Goi\u00e2nia, Jair Bolsonaro ser\u00e1 homenageado com o\u00a0t\u00edtulo de cidad\u00e3o goiano, na Assembleia Legislativa de Goi\u00e1s (Alego).<\/p>\n<p style=\"text-align: justify;\">O\u00a0ex-presidente foi flagrado em uma lanchonete, onde conversou e tirou fotos com apoiadores. Os v\u00eddeos foram registrados pela pr\u00f3pria assessoria de Bolsonaro.<\/p>\n<h4 style=\"text-align: justify;\">Caso das joias<\/h4>\n<p style=\"text-align: justify;\">A\u00a0<a href=\"https:\/\/www.metropoles.com\/brasil\/operacao-contra-mauro-cid-e-pai-investiga-venda-de-presentes-oficiais\" target=\"_blank\" rel=\"noopener\">Opera\u00e7\u00e3o Lucas 12:2<\/a>\u00a0investiga o destino de presentes dados ao ent\u00e3o presidente Bolsonaro durante visitas oficiais. Segundo o Tribunal de Contas da Uni\u00e3o (TCU), os itens devem ficar no acervo da Uni\u00e3o, e n\u00e3o no acervo pessoal do ex-mandat\u00e1rio.<\/p>\n<p style=\"text-align: justify;\">Est\u00e3o envolvidos no caso: o tenente-coronel\u00a0<a href=\"https:\/\/www.metropoles.com\/tag\/mauro-cid\" target=\"_blank\" rel=\"noopener\">Mauro Cid<\/a>, o pai dele, o general da reserva Mauro Cesar Lourena Cid, outros ex-ajudantes de ordens de Bolsonaro, al\u00e9m do advogado\u00a0<a href=\"https:\/\/www.metropoles.com\/sao-paulo\/wassef-diz-que-comprou-rolex-nos-eua-para-devolver-a-uniao-e-isenta-bolsonaro\" target=\"_blank\" rel=\"noopener\">Frederick Wassef<\/a>. Eles teriam negociado a venda das joias com lojas especializadas nos Estados Unidos (EUA).<\/p>\n<p>&nbsp;<\/p>\n<p>&nbsp;<\/p>\n<p>&nbsp;<\/p>\n<p>&nbsp;<\/p>\n<p>metropoles<\/p>\n","protected":false},"excerpt":{"rendered":"<p>Depois da defesa de\u00a0Mauro Cid afirmar que o tenente-coronel confessar\u00e1 que vendeu as joias e presentes sauditas a pedido de\u00a0Jair Bolsonaro (PL), o ex-presidente disse, nesta sexta-feira (18\/8), que o ex-ajudante de ordens tinha \u201cautonomia\u201d no caso. \u201cEle [Mauro Cid] tinha autonomia\u201d, declarou Bolsonaro ao jornal Estado de S.Paulo nesta sexta, em Abadi\u00e2nia,\u00a0Goi\u00e1s. Bolsonaro tamb\u00e9m<\/p>\n","protected":false},"author":1,"featured_media":5770,"comment_status":"open","ping_status":"open","sticky":false,"template":"","format":"standard","meta":{"_eb_attr":"","footnotes":""},"categories":[7,3],"tags":[],"class_list":["post-5767","post","type-post","status-publish","format-standard","has-post-thumbnail","hentry","category-destaque","category-politica"],"_links":{"self":[{"href":"https:\/\/portalmidia.net\/index.php\/wp-json\/wp\/v2\/posts\/5767","targetHints":{"allow":["GET"]}}],"collection":[{"href":"https:\/\/portalmidia.net\/index.php\/wp-json\/wp\/v2\/posts"}],"about":[{"href":"https:\/\/portalmidia.net\/index.php\/wp-json\/wp\/v2\/types\/post"}],"author":[{"embeddable":true,"href":"https:\/\/portalmidia.net\/index.php\/wp-json\/wp\/v2\/users\/1"}],"replies":[{"embeddable":true,"href":"https:\/\/portalmidia.net\/index.php\/wp-json\/wp\/v2\/comments?post=5767"}],"version-history":[{"count":0,"href":"https:\/\/portalmidia.net\/index.php\/wp-json\/wp\/v2\/posts\/5767\/revisions"}],"wp:featuredmedia":[{"embeddable":true,"href":"https:\/\/portalmidia.net\/index.php\/wp-json\/wp\/v2\/media\/5770"}],"wp:attachment":[{"href":"https:\/\/portalmidia.net\/index.php\/wp-json\/wp\/v2\/media?parent=5767"}],"wp:term":[{"taxonomy":"category","embeddable":true,"href":"https:\/\/portalmidia.net\/index.php\/wp-json\/wp\/v2\/categories?post=5767"},{"taxonomy":"post_tag","embeddable":true,"href":"https:\/\/portalmidia.net\/index.php\/wp-json\/wp\/v2\/tags?post=5767"}],"curies":[{"name":"wp","href":"https:\/\/api.w.org\/{rel}","templated":true}]}}