 {"id":5772,"date":"2023-08-18T14:17:29","date_gmt":"2023-08-18T17:17:29","guid":{"rendered":"https:\/\/portalmidia.net\/?p=5772"},"modified":"2023-08-18T14:17:29","modified_gmt":"2023-08-18T17:17:29","slug":"veja-quem-sao-integrantes-da-cupula-da-pmdf-alvo-de-operacao-da-pf","status":"publish","type":"post","link":"https:\/\/portalmidia.net\/index.php\/2023\/08\/18\/veja-quem-sao-integrantes-da-cupula-da-pmdf-alvo-de-operacao-da-pf\/","title":{"rendered":"Veja quem s\u00e3o integrantes da c\u00fapula da PMDF alvo de opera\u00e7\u00e3o da PF"},"content":{"rendered":"<p style=\"text-align: justify;\">Os sete nomes denunciados pela\u00a0<a href=\"https:\/\/www.mpf.mp.br\/\" target=\"_blank\" rel=\"noopener\">Procuradoria-Geral da Rep\u00fablica (PGR)<\/a>\u00a0e alvo de opera\u00e7\u00e3o da\u00a0<a href=\"https:\/\/www.gov.br\/pf\/pt-br\" rel=\"noopener\">Pol\u00edcia Federal (PF)<\/a>\u00a0nesta sexta-feira (18\/8) s\u00e3o investigados por omiss\u00e3o nos atos de 8 de janeiro. Eles atuavam na c\u00fapula da Pol\u00edcia Militar do DF (PMDF) na data da depreda\u00e7\u00e3o dos pr\u00e9dios dos Tr\u00eas Poderes e, de acordo com os relatos da PGR, n\u00e3o atuaram para impedir manifestantes.<\/p>\n<div class=\"m-banner-wrap m-banner-rectangle m-publicity-content-middle\" style=\"text-align: justify;\"><\/div>\n<p style=\"text-align: justify;\" data-gtm-vis-recent-on-screen-104869357_94=\"66717\" data-gtm-vis-first-on-screen-104869357_94=\"66717\" data-gtm-vis-total-visible-time-104869357_94=\"100\" data-gtm-vis-has-fired-104869357_94=\"1\">Alguns presos nesta sexta (18\/8) ainda ocupam cargos oficiais, outros se aposentaram. O coronel Jorge Eduardo Naime e o major Fl\u00e1vio Silvestre de Alencar j\u00e1 est\u00e3o presos; a Procuradoria-Geral da Rep\u00fablica pediu a manuten\u00e7\u00e3o da pris\u00e3o.<\/p>\n<p style=\"text-align: justify;\"><a href=\"https:\/\/www.metropoles.com\/colunas\/grande-angular\/exclusivo-pgr-denuncia-e-pede-prisao-do-atual-comandante-da-pmdf-e-de-mais-6-oficiais-da-cupula-por-8-1\" target=\"_blank\" rel=\"noopener\">Segundo a PGR<\/a>, \u201chavia profunda contamina\u00e7\u00e3o ideol\u00f3gica de parte dos oficiais da Pol\u00edcia Militar do DF, que se mostrou adepta de teorias conspirat\u00f3rias sobre fraudes eleitorais e de teorias golpistas\u201d. H\u00e1 ainda men\u00e7\u00e3o a provas de que os oficiais receberam, antes de 8 de janeiro de 2023, diversas informa\u00e7\u00f5es de intelig\u00eancia que indicavam as inten\u00e7\u00f5es golpistas do movimento e o risco iminente da efetiva invas\u00e3o \u00e0s sedes dos Tr\u00eas Poderes.<\/p>\n<p style=\"text-align: justify;\">Ap\u00f3s o pedido da PGR, os mandados foram determinados pelo relator do Inqu\u00e9rito n\u00ba 4.923 no Supremo Tribunal Federal (STF), ministro Alexandre de Moraes, e cumpridos de forma conjunta pela Procuradoria-Geral da Rep\u00fablica e pela Pol\u00edcia Federal.<\/p>\n<p style=\"text-align: justify;\">Os militares foram denunciados por omiss\u00e3o; por aboli\u00e7\u00e3o violenta do Estado Democr\u00e1tico de Direito; golpe de Estado; dano qualificado pela viol\u00eancia e grave amea\u00e7a, com emprego de subst\u00e2ncia inflam\u00e1vel, contra o patrim\u00f4nio da Uni\u00e3o e com consider\u00e1vel preju\u00edzo para a v\u00edtima e deteriora\u00e7\u00e3o de patrim\u00f4nio tombado.<\/p>\n<p style=\"text-align: justify;\">A Pol\u00edcia Federal est\u00e1 nas ruas da capital do pa\u00eds para cumprir os mandados. O atual comandante-geral, coronel Klepter Rosa Gon\u00e7alves, foi preso preventivamente.<\/p>\n<p style=\"text-align: justify;\">Saiba quem s\u00e3o os alvos:<\/p>\n<ul style=\"text-align: justify;\">\n<li><strong>coronel F\u00e1bio Augusto Vieira<\/strong>: comandante-geral da PMDF em 8 de janeiro de 2023;<\/li>\n<li><strong>coronel Klepter Rosa Gon\u00e7alves<\/strong>: subcomandante da PMDF na mesma data e nomeado para o cargo de comandante-geral em 15 de fevereiro seguinte;<\/li>\n<li><strong>coronel Jorge Eduardo Naime Barreto<\/strong>: comandante do Departamento de Opera\u00e7\u00f5es da PMDF em 8\/1, mas havia entrado de licen\u00e7a em 3 de janeiro;<\/li>\n<li><strong>coronel Paulo Jos\u00e9 Ferreira de Sousa Bezerra<\/strong>: comandante do Departamento de Opera\u00e7\u00f5es da corpora\u00e7\u00e3o, no lugar de Naime, em 8\/1;<\/li>\n<li><strong>coronel Marcelo Casimiro Vasconcelos Rodrigues<\/strong>: chefe do 1\u00ba Comando de Policiamento Regional da PMDF em 8 de janeiro de 2023;<\/li>\n<li><strong>major Fl\u00e1vio Silvestre de Alencar<\/strong>: atuou em 8 de janeiro de 2023; e<\/li>\n<li><strong>tenente Rafael Pereira Martins<\/strong>: atuou em 8\/1.<\/li>\n<\/ul>\n<h6 style=\"text-align: justify;\">Defesas<\/h6>\n<p style=\"text-align: justify;\">Antes das pris\u00f5es, ap\u00f3s receberem a not\u00edcia das den\u00fancias, as defesas dos investigados se posicionaram sobre as acusa\u00e7\u00f5es da PGR no pedido de pris\u00e3o contra os militares.<\/p>\n<p style=\"text-align: justify;\">A coluna acionou a defesa dos citados nesta reportagem. Os advogados do coronel F\u00e1bio Augusto, Jo\u00e3o Paulo Boaventura e Thiago Turbay, disse que \u201crecebe com estranheza o fato noticiado, em especial o pedido de pris\u00e3o preventiva, que n\u00e3o encontra suporte nos fatos e n\u00e3o h\u00e1 justificativa jur\u00eddica id\u00f4nea poss\u00edvel.\u201d<\/p>\n<div class=\"m-banner-wrap m-banner-rectangle m-publicity-content-middle\" style=\"text-align: justify;\"><\/div>\n<p style=\"text-align: justify;\">\u201cConsiderando os fatos e as provas dispon\u00edveis, n\u00e3o h\u00e1 outra decis\u00e3o racionalmente motivada diferente da rejei\u00e7\u00e3o da den\u00fancia. O Cel. Fabio Vieira e sua defesa t\u00e9cnica reiteram a confian\u00e7a na Justi\u00e7a e no inarred\u00e1vel compromisso de fortalecimento da Democracia\u201d, afirmaram.<\/p>\n<p style=\"text-align: justify;\">A defesa do coronel Jorge Eduardo Naime tamb\u00e9m se posicionou, por meio de nota. No documento, os advogados Iuri Cavalcante Reis, Pedro Afonso Figueiredo e Izabella Hernandez Borges disseram que \u201ca defesa discorda do posicionamento do \u00f3rg\u00e3o acusador e provar\u00e1, em sua resposta \u00e0 acusa\u00e7\u00e3o, a inexist\u00eancia de qualquer conduta omissiva ou ato de coniv\u00eancia praticado no dia 8 de janeiro de 2023\u201d.<\/p>\n<div class=\"m-banner-wrap m-banner-rectangle m-publicity-content-middle\" style=\"text-align: justify;\"><\/div>\n<p style=\"text-align: justify;\">\u201cPelo contr\u00e1rio, apesar de estar no gozo de uma dispensa-recompensa, o coronel foi convocado para se dirigir \u00e0 Pra\u00e7a dos Tr\u00eas Poderes, quando o tumulto j\u00e1 estava em est\u00e1gio bastante avan\u00e7ado, ocasi\u00e3o na qual atuou nos estritos termos legais, objetivando n\u00e3o s\u00f3 proteger e zelar o patrim\u00f4nio p\u00fablico, como tamb\u00e9m efetuou diversas pris\u00f5es de v\u00e2ndalos\u201d, afirmou a defesa de Naime.<\/p>\n<p style=\"text-align: justify;\">A defesa de Paulo Jos\u00e9 Ferreira informou que o coronel \u201ctem colaborado com as investiga\u00e7\u00f5es\u201d e que ele \u201csempre se colocou \u00e0 disposi\u00e7\u00e3o das autoridades para todos os esclarecimentos necess\u00e1rios\u201d. Advogado do militar, Cristiano de Oliveira Souza sustenta que o policial \u201chavia assumido o departamento operacional interinamente e a apenas cinco dias da manifesta\u00e7\u00e3o, tempo insuficiente para se inteirar de tudo o que se passava no Distrito Federal naquele momento\u201d.\u201d[Paulo Jos\u00e9] n\u00e3o participou de qualquer reuni\u00e3o de alinhamento para planejamento tampouco teve acesso aos relat\u00f3rios de intelig\u00eancia e \u00e0s an\u00e1lises de risco sobre as manifesta\u00e7\u00f5es\u201d, completou, em nota.<\/p>\n<p style=\"text-align: justify;\">Os demais militares mencionados nesta reportagem, e alvos da den\u00fancia da PGR, tamb\u00e9m foram acionados, mas ainda n\u00e3o haviam se posicionado at\u00e9 a \u00faltima atualiza\u00e7\u00e3o deste texto. O espa\u00e7o segue aberto para poss\u00edveis manifesta\u00e7\u00f5es.<\/p>\n<p>&nbsp;<\/p>\n<p>&nbsp;<\/p>\n<p>&nbsp;<\/p>\n<p>&nbsp;<\/p>\n<p>&nbsp;<\/p>\n<p>&nbsp;<\/p>\n<p>&nbsp;<\/p>\n<p>metropoles<\/p>\n","protected":false},"excerpt":{"rendered":"<p>Os sete nomes denunciados pela\u00a0Procuradoria-Geral da Rep\u00fablica (PGR)\u00a0e alvo de opera\u00e7\u00e3o da\u00a0Pol\u00edcia Federal (PF)\u00a0nesta sexta-feira (18\/8) s\u00e3o investigados por omiss\u00e3o nos atos de 8 de janeiro. Eles atuavam na c\u00fapula da Pol\u00edcia Militar do DF (PMDF) na data da depreda\u00e7\u00e3o dos pr\u00e9dios dos Tr\u00eas Poderes e, de acordo com os relatos da PGR, n\u00e3o atuaram<\/p>\n","protected":false},"author":1,"featured_media":5774,"comment_status":"open","ping_status":"open","sticky":false,"template":"","format":"standard","meta":{"_eb_attr":"","footnotes":""},"categories":[7,13],"tags":[],"class_list":["post-5772","post","type-post","status-publish","format-standard","has-post-thumbnail","hentry","category-destaque","category-noticias"],"_links":{"self":[{"href":"https:\/\/portalmidia.net\/index.php\/wp-json\/wp\/v2\/posts\/5772","targetHints":{"allow":["GET"]}}],"collection":[{"href":"https:\/\/portalmidia.net\/index.php\/wp-json\/wp\/v2\/posts"}],"about":[{"href":"https:\/\/portalmidia.net\/index.php\/wp-json\/wp\/v2\/types\/post"}],"author":[{"embeddable":true,"href":"https:\/\/portalmidia.net\/index.php\/wp-json\/wp\/v2\/users\/1"}],"replies":[{"embeddable":true,"href":"https:\/\/portalmidia.net\/index.php\/wp-json\/wp\/v2\/comments?post=5772"}],"version-history":[{"count":0,"href":"https:\/\/portalmidia.net\/index.php\/wp-json\/wp\/v2\/posts\/5772\/revisions"}],"wp:featuredmedia":[{"embeddable":true,"href":"https:\/\/portalmidia.net\/index.php\/wp-json\/wp\/v2\/media\/5774"}],"wp:attachment":[{"href":"https:\/\/portalmidia.net\/index.php\/wp-json\/wp\/v2\/media?parent=5772"}],"wp:term":[{"taxonomy":"category","embeddable":true,"href":"https:\/\/portalmidia.net\/index.php\/wp-json\/wp\/v2\/categories?post=5772"},{"taxonomy":"post_tag","embeddable":true,"href":"https:\/\/portalmidia.net\/index.php\/wp-json\/wp\/v2\/tags?post=5772"}],"curies":[{"name":"wp","href":"https:\/\/api.w.org\/{rel}","templated":true}]}}