 {"id":5778,"date":"2023-08-19T09:08:20","date_gmt":"2023-08-19T12:08:20","guid":{"rendered":"https:\/\/portalmidia.net\/?p=5778"},"modified":"2023-08-19T09:08:20","modified_gmt":"2023-08-19T12:08:20","slug":"cantor-ednaldo-pereira-briga-na-justica-ha-10-anos-para-receber-por-downloads-de-musicas-para-toque-de-celular","status":"publish","type":"post","link":"https:\/\/portalmidia.net\/index.php\/2023\/08\/19\/cantor-ednaldo-pereira-briga-na-justica-ha-10-anos-para-receber-por-downloads-de-musicas-para-toque-de-celular\/","title":{"rendered":"Cantor Ednaldo Pereira briga na justi\u00e7a h\u00e1 10 anos para receber por downloads de m\u00fasicas para toque de celular"},"content":{"rendered":"<div id=\"chunk-6f838\">\n<div class=\"mc-column content-text active-extra-styles \" data-block-type=\"unstyled\" data-block-weight=\"68\" data-block-id=\"3\">\n<p class=\"content-text__container \" style=\"text-align: justify;\" data-track-category=\"Link no Texto\" data-track-links=\"\">O cantor paraibano Ednaldo Pereira briga na justi\u00e7a desde 2013 para receber por m\u00fasicas baixadas para toque de celular. De acordo com o processo, o artista assinou um contrato com a gravadora EMI Music, que deveria comercializar as m\u00fasicas na internet e pagar cerca de R$ 0,60 por\u00a0<em>download<\/em>\u00a0ao artista. Por\u00e9m, a empresa conseguiu comprovar a realiza\u00e7\u00e3o de apenas um pagamento, segundo os autos do processo.<\/p>\n<\/div>\n<\/div>\n<div class=\"wall protected-content\">\n<div id=\"chunk-2opj7\" style=\"text-align: justify;\">\n<div class=\"mc-column content-text active-extra-styles \" data-block-type=\"unstyled\" data-block-weight=\"67\" data-block-id=\"4\">\n<p class=\"content-text__container \" data-track-category=\"Link no Texto\" data-track-links=\"\">O contrato assinado em junho de 2008 autorizava a EMI Music a compactar, armazenar e distribuir digitalmente em com\u00e9rcio eletr\u00f4nico os trechos de m\u00fasicas do cantor. As can\u00e7\u00f5es eram disponibilizadas para assinantes de servi\u00e7o de telefonia celular que utilizavam os toques como chamadas. O acordo permitia a venda no Brasil e exterior, o que possibilitou a\u00a0<strong>compra das m\u00fasicas em Portugal, China, M\u00e9xico, R\u00fassia e outros pa\u00edses<\/strong>.<\/p>\n<\/div>\n<\/div>\n<div id=\"chunk-24s74\" style=\"text-align: justify;\">\n<div class=\"content-ads content-ads--reveal\" data-block-type=\"ads\" data-block-id=\"5\">\n<div id=\"banner_materia2\" class=\"tag-manager-publicidade-container mc-has-reveal mc-has-ad-lazyload\" data-id=\"banner_materia2\">\n<div id=\"google_ads_iframe_\/95377733\/tvg_G1\/Sua_Regiao&gt;Nordeste&gt;Paraiba_3__container__\" style=\"box-sizing: inherit; margin: auto; padding: 0px; border: 0pt none; font: inherit; vertical-align: baseline; text-align: center; width: 970px; height: 0px;\"><\/div>\n<\/div>\n<\/div>\n<\/div>\n<div id=\"chunk-19aar\" style=\"text-align: justify;\">\n<div class=\"row medium-uncollapsed content-media content-photo\" data-block-type=\"backstage-photo\" data-block-id=\"6\">\n<div class=\" mc-column  content-media__container\">\n<div class=\"content-media-container glb-skeleton-box\">\n<figure class=\"content-media-figure\"><img decoding=\"async\" class=\"i-amphtml-fill-content i-amphtml-replaced-content\" src=\"https:\/\/s2-g1.glbimg.com\/Wa_CqdXCmy2uiwozwhOrKRvLu5o=\/0x0:639x552\/984x0\/smart\/filters:strip_icc()\/i.s3.glbimg.com\/v1\/AUTH_59edd422c0c84a879bd37670ae4f538a\/internal_photos\/bs\/2023\/B\/A\/Qg4kmySWOLLg3UtvPf0w\/ednaldo-pereira-por-luan-cardoso-49-.jpg\" sizes=\"(max-width: 1300px) 648px, 100vw\" srcset=\"https:\/\/s2-g1.glbimg.com\/M23pWMnyjPl4oFqZG6G7yD_tg3U=\/0x0:639x552\/1000x0\/smart\/filters:strip_icc()\/i.s3.glbimg.com\/v1\/AUTH_59edd422c0c84a879bd37670ae4f538a\/internal_photos\/bs\/2023\/B\/A\/Qg4kmySWOLLg3UtvPf0w\/ednaldo-pereira-por-luan-cardoso-49-.jpg 1000w, https:\/\/s2-g1.glbimg.com\/Wa_CqdXCmy2uiwozwhOrKRvLu5o=\/0x0:639x552\/984x0\/smart\/filters:strip_icc()\/i.s3.glbimg.com\/v1\/AUTH_59edd422c0c84a879bd37670ae4f538a\/internal_photos\/bs\/2023\/B\/A\/Qg4kmySWOLLg3UtvPf0w\/ednaldo-pereira-por-luan-cardoso-49-.jpg 984w, https:\/\/s2-g1.glbimg.com\/-1puLf9GLGT0oT6o0KLzH7uR94M=\/0x0:639x552\/640x0\/smart\/filters:strip_icc()\/i.s3.glbimg.com\/v1\/AUTH_59edd422c0c84a879bd37670ae4f538a\/internal_photos\/bs\/2023\/B\/A\/Qg4kmySWOLLg3UtvPf0w\/ednaldo-pereira-por-luan-cardoso-49-.jpg 640w, https:\/\/s2-g1.glbimg.com\/krETYx7OAz7wHO3DNKvWrE5jG7Q=\/0x0:639x552\/600x0\/smart\/filters:strip_icc()\/i.s3.glbimg.com\/v1\/AUTH_59edd422c0c84a879bd37670ae4f538a\/internal_photos\/bs\/2023\/B\/A\/Qg4kmySWOLLg3UtvPf0w\/ednaldo-pereira-por-luan-cardoso-49-.jpg 600w\" alt=\"Ednaldo Pereira briga na justi\u00e7a h\u00e1 10 anos para receber por m\u00fasicas que viraram toque de celular \u2014 Foto: Reprodu\u00e7\u00e3o: Luan Cardoso\" \/><\/figure>\n<\/div>\n<p class=\"content-media__description  \">Ednaldo Pereira briga na justi\u00e7a h\u00e1 10 anos para receber por m\u00fasicas que viraram toque de celular \u2014 Foto: Reprodu\u00e7\u00e3o: Luan Cardoso<\/p>\n<\/div>\n<\/div>\n<\/div>\n<div id=\"chunk-8f8a5\" style=\"text-align: justify;\">\n<div class=\"mc-column content-text active-extra-styles \" data-block-type=\"unstyled\" data-block-weight=\"48\" data-block-id=\"7\">\n<p class=\"content-text__container \" data-track-category=\"Link no Texto\" data-track-links=\"\">Segundo o contrato,\u00a0<strong>Ednaldo Pereira deveria ser remunerado em R$ 0,60 por\u00a0<\/strong><strong><em>download<\/em><\/strong>, de forma trimestral. Na \u00e9poca da assinatura dos termos, o artista vivia o auge do seu sucesso na internet, viralizou suas m\u00fasicas no YouTube e recebeu proje\u00e7\u00e3o nacional ao ser entrevistado no Programa do J\u00f4.<\/p>\n<\/div>\n<\/div>\n<div id=\"chunk-foj17\" style=\"text-align: justify;\">\n<div class=\"mc-column content-text active-extra-styles \" data-block-type=\"unstyled\" data-block-weight=\"71\" data-block-id=\"8\">\n<p class=\"content-text__container \" data-track-category=\"Link no Texto\" data-track-links=\"\">Em 2013, Ednaldo processou a empresa por perdas materiais e danos morais, alegando que a empresa nunca prestou contas, apesar do acordo firmado. A empresa EMI Music afirmou na ocasi\u00e3o que realizava os pagamentos, mas que Ednaldo n\u00e3o indicou uma nova conta banc\u00e1ria e ficou impossibilitada de continuar remunerando o artista. A gravadora comprovou pagamento \u00fanico de R$ 230 em junho de 2009, um ano ap\u00f3s a assinatura do contrato.<\/p>\n<\/div>\n<\/div>\n<div id=\"chunk-7pp3d\" style=\"text-align: justify;\">\n<div class=\"content-ads content-ads--reveal\" data-block-type=\"ads\" data-block-id=\"9\">\n<div id=\"banner_materia__11494a9f-0602-42f4-b39b-0bd18a670819\" class=\"tag-manager-publicidade-container mc-has-reveal mc-has-ad-lazyload\" data-id=\"banner_materia__11494a9f-0602-42f4-b39b-0bd18a670819\">\n<div id=\"google_ads_iframe_\/95377733\/tvg_G1\/Sua_Regiao&gt;Nordeste&gt;Paraiba_4__container__\" style=\"box-sizing: inherit; margin: auto; padding: 0px; border: 0pt none; font: inherit; vertical-align: baseline; text-align: center; width: 970px; height: 0px;\"><\/div>\n<\/div>\n<\/div>\n<\/div>\n<div id=\"chunk-5bgcj\" style=\"text-align: justify;\">\n<div class=\"mc-column content-text active-extra-styles \" data-block-type=\"unstyled\" data-block-weight=\"56\" data-block-id=\"10\">\n<p class=\"content-text__container \" data-track-category=\"Link no Texto\" data-track-links=\"\">Em 2018, a Justi\u00e7a da Para\u00edba, por meio da 2\u00aa Vara Mista da Comarca de\u00a0<a class=\"\" href=\"https:\/\/g1.globo.com\/pb\/paraiba\/cidade\/guarabira\/\">Guarabira<\/a>, concedeu uma senten\u00e7a em favor do cantor. A senten\u00e7a afirma que a empresa n\u00e3o apresentou documentos que comprovam as tentativas de dep\u00f3sito, nem apresentou tentativas de contato para realizar os pagamentos ou qualquer outro documento que comprove os dep\u00f3sitos.<\/p>\n<\/div>\n<\/div>\n<div id=\"chunk-616nc\" style=\"text-align: justify;\">\n<div class=\"mc-column content-text active-extra-styles \" data-block-type=\"unstyled\" data-block-weight=\"35\" data-block-id=\"11\">\n<p class=\"content-text__container \" data-track-category=\"Link no Texto\" data-track-links=\"\">Segundo a decis\u00e3o, a EMI Music foi condenada a pagar por todas as m\u00fasicas baixadas e vendidas do cantor, deduzindo R$ 230 j\u00e1 quitados pela gravadora, e deveria descrever a quantidade de downloads realizados.<\/p>\n<\/div>\n<\/div>\n<div id=\"chunk-5ff37\" style=\"text-align: justify;\">\n<div class=\"row medium-uncollapsed content-media content-photo\" data-block-type=\"backstage-photo\" data-block-id=\"12\">\n<div class=\" mc-column  content-media__container\">\n<div class=\"content-media-container glb-skeleton-box\">\n<figure class=\"content-media-figure\"><img decoding=\"async\" class=\"i-amphtml-fill-content i-amphtml-replaced-content\" src=\"https:\/\/s2-g1.glbimg.com\/Ia1ValuwGfOxxv4HmpmMVZyf2vQ=\/0x0:1440x1440\/984x0\/smart\/filters:strip_icc()\/i.s3.glbimg.com\/v1\/AUTH_59edd422c0c84a879bd37670ae4f538a\/internal_photos\/bs\/2023\/L\/I\/VcKzISRgmgKJzVKVLMwA\/340516795-908418130236018-4139790596100141565-n.webp\" sizes=\"(max-width: 1300px) 648px, 100vw\" srcset=\"https:\/\/s2-g1.glbimg.com\/_-SLiEVg8IjMVeiEmIT4aFBG8H0=\/0x0:1440x1440\/1000x0\/smart\/filters:strip_icc()\/i.s3.glbimg.com\/v1\/AUTH_59edd422c0c84a879bd37670ae4f538a\/internal_photos\/bs\/2023\/L\/I\/VcKzISRgmgKJzVKVLMwA\/340516795-908418130236018-4139790596100141565-n.webp 1000w, https:\/\/s2-g1.glbimg.com\/Ia1ValuwGfOxxv4HmpmMVZyf2vQ=\/0x0:1440x1440\/984x0\/smart\/filters:strip_icc()\/i.s3.glbimg.com\/v1\/AUTH_59edd422c0c84a879bd37670ae4f538a\/internal_photos\/bs\/2023\/L\/I\/VcKzISRgmgKJzVKVLMwA\/340516795-908418130236018-4139790596100141565-n.webp 984w, https:\/\/s2-g1.glbimg.com\/xyXxYE3-Tv75GJ25CFkQkG5DGW4=\/0x0:1440x1440\/640x0\/smart\/filters:strip_icc()\/i.s3.glbimg.com\/v1\/AUTH_59edd422c0c84a879bd37670ae4f538a\/internal_photos\/bs\/2023\/L\/I\/VcKzISRgmgKJzVKVLMwA\/340516795-908418130236018-4139790596100141565-n.webp 640w, https:\/\/s2-g1.glbimg.com\/DOcQZmrSl-n8_Tiy1YtN15hB9uc=\/0x0:1440x1440\/600x0\/smart\/filters:strip_icc()\/i.s3.glbimg.com\/v1\/AUTH_59edd422c0c84a879bd37670ae4f538a\/internal_photos\/bs\/2023\/L\/I\/VcKzISRgmgKJzVKVLMwA\/340516795-908418130236018-4139790596100141565-n.webp 600w\" alt=\"Ednaldo Pereira briga na justi\u00e7a h\u00e1 10 anos para receber por m\u00fasicas que viraram toque de celular \u2014 Foto: Reprodu\u00e7\u00e3o: Redes Sociais\" \/><\/figure>\n<\/div>\n<p class=\"content-media__description  \">Ednaldo Pereira briga na justi\u00e7a h\u00e1 10 anos para receber por m\u00fasicas que viraram toque de celular \u2014 Foto: Reprodu\u00e7\u00e3o: Redes Sociais<\/p>\n<\/div>\n<\/div>\n<\/div>\n<div id=\"chunk-6j441\" style=\"text-align: justify;\">\n<div class=\"mc-column content-text active-extra-styles \" data-block-type=\"unstyled\" data-block-weight=\"51\" data-block-id=\"13\">\n<p class=\"content-text__container \" data-track-category=\"Link no Texto\" data-track-links=\"\">Na mesma senten\u00e7a, a gravadora foi condenada a pagar R$ 4 mil por danos morais. A decis\u00e3o foi questionada pela empresa, que pediu embargo, mas n\u00e3o foi atendido pela Justi\u00e7a da Para\u00edba. Em mar\u00e7o de 2023, a gravadora cumpriu a determina\u00e7\u00e3o e pagou R$ 5.157,54, corrigidos pela infla\u00e7\u00e3o, ao cantor.<\/p>\n<\/div>\n<\/div>\n<div id=\"chunk-pufc\" style=\"text-align: justify;\">\n<div class=\"content-ads content-ads--reveal\" data-block-type=\"ads\" data-block-id=\"14\">\n<div id=\"banner_materia__a568c0c0-73ee-4030-99d9-7e1164fc14fe\" class=\"tag-manager-publicidade-container mc-has-reveal mc-has-ad-lazyload\" data-id=\"banner_materia__a568c0c0-73ee-4030-99d9-7e1164fc14fe\">\n<div id=\"google_ads_iframe_\/95377733\/tvg_G1\/Sua_Regiao&gt;Nordeste&gt;Paraiba_5__container__\" style=\"box-sizing: inherit; margin: auto; padding: 0px; border: 0pt none; font: inherit; vertical-align: baseline; text-align: center; width: 970px; height: 0px;\"><\/div>\n<\/div>\n<\/div>\n<\/div>\n<div id=\"chunk-272pe\" style=\"text-align: justify;\">\n<div class=\"mc-column content-text active-extra-styles \" data-block-type=\"unstyled\" data-block-weight=\"49\" data-block-id=\"15\">\n<p class=\"content-text__container \" data-track-category=\"Link no Texto\" data-track-links=\"\">Ap\u00f3s o artista processar a gravadora, em 2013, a EMI Music anexou nos autos a quantidade de m\u00fasicas que teriam sido baixadas e vendidas. A empresa entendeu que deveria realizar o pagamento de R$ 844,06, mas fez o dep\u00f3sito de R$ 2.080,20, ap\u00f3s corrigir o valor com a infla\u00e7\u00e3o.<\/p>\n<\/div>\n<\/div>\n<div id=\"chunk-apgec\" style=\"text-align: justify;\">\n<div class=\"mc-column content-text active-extra-styles \" data-block-type=\"unstyled\" data-block-weight=\"38\" data-block-id=\"16\">\n<p class=\"content-text__container \" data-track-category=\"Link no Texto\" data-track-links=\"\">Em julho deste ano, a 4\u00aa Vara Mista de Guarabira intimou a empresa para que comprovasse a quantidade de m\u00fasicas baixadas. A EMI Music apresentou os documentos sobre os downloads e realizou um novo dep\u00f3sito de R$ 928,76.<\/p>\n<\/div>\n<\/div>\n<div id=\"chunk-5bg09\">\n<div class=\"mc-column content-text active-extra-styles \" data-block-type=\"unstyled\" data-block-weight=\"50\" data-block-id=\"17\">\n<p class=\"content-text__container \" style=\"text-align: justify;\" data-track-category=\"Link no Texto\" data-track-links=\"\">O advogado Jo\u00e3o Medeiros, que representa o cantor no caso, explica que\u00a0<strong>a empresa pagou os valores que acha devido, mas estima que tenha havido mais downloads do que a EMI Music alega<\/strong>. A defesa do cantor se prepara para pedir uma per\u00edcia judicial para calcular os valores definitivos.<\/p>\n<p style=\"text-align: justify;\" data-track-category=\"Link no Texto\" data-track-links=\"\">Ednaldo Pereira disse esperar que o processo chegue ao fim de uma vez e que a gravadora fa\u00e7a o dep\u00f3sito com o valor devido.<\/p>\n<div id=\"chunk-7qe60\" style=\"text-align: justify;\">\n<div class=\"mc-column content-text active-extra-styles\" data-block-type=\"raw\" data-block-weight=\"4\" data-block-id=\"20\">\n<div class=\"content-intertitle\">\n<h2>Quem \u00e9 Ednaldo Pereira?<\/h2>\n<\/div>\n<p>&nbsp;<\/p>\n<\/div>\n<\/div>\n<div id=\"chunk-e3ksq\" style=\"text-align: justify;\">\n<div class=\"row medium-uncollapsed content-media content-photo\" data-block-type=\"backstage-photo\" data-block-id=\"21\">\n<div class=\" mc-column  content-media__container\">\n<div class=\"content-media-container glb-skeleton-box\">\n<figure class=\"content-media-figure\"><img decoding=\"async\" class=\"i-amphtml-fill-content i-amphtml-replaced-content\" src=\"https:\/\/s2-g1.glbimg.com\/mRGF7ReeyytRZB7bWT43TB4_AvY=\/0x0:829x553\/984x0\/smart\/filters:strip_icc()\/i.s3.glbimg.com\/v1\/AUTH_59edd422c0c84a879bd37670ae4f538a\/internal_photos\/bs\/2023\/w\/J\/MB3R30QdSPqTWSGdVrEQ\/ednaldo-pereira-1.jpg\" sizes=\"(max-width: 1300px) 648px, 100vw\" srcset=\"https:\/\/s2-g1.glbimg.com\/p5BZvwAwMVGx2Kf67GDfhJiLE1k=\/0x0:829x553\/1000x0\/smart\/filters:strip_icc()\/i.s3.glbimg.com\/v1\/AUTH_59edd422c0c84a879bd37670ae4f538a\/internal_photos\/bs\/2023\/w\/J\/MB3R30QdSPqTWSGdVrEQ\/ednaldo-pereira-1.jpg 1000w, https:\/\/s2-g1.glbimg.com\/mRGF7ReeyytRZB7bWT43TB4_AvY=\/0x0:829x553\/984x0\/smart\/filters:strip_icc()\/i.s3.glbimg.com\/v1\/AUTH_59edd422c0c84a879bd37670ae4f538a\/internal_photos\/bs\/2023\/w\/J\/MB3R30QdSPqTWSGdVrEQ\/ednaldo-pereira-1.jpg 984w, https:\/\/s2-g1.glbimg.com\/8z2rAYtAz-GWjGRykVVECFNLyr4=\/0x0:829x553\/640x0\/smart\/filters:strip_icc()\/i.s3.glbimg.com\/v1\/AUTH_59edd422c0c84a879bd37670ae4f538a\/internal_photos\/bs\/2023\/w\/J\/MB3R30QdSPqTWSGdVrEQ\/ednaldo-pereira-1.jpg 640w, https:\/\/s2-g1.glbimg.com\/4EJV_UKGzaAKKWz3FH7pZT9HXT4=\/0x0:829x553\/600x0\/smart\/filters:strip_icc()\/i.s3.glbimg.com\/v1\/AUTH_59edd422c0c84a879bd37670ae4f538a\/internal_photos\/bs\/2023\/w\/J\/MB3R30QdSPqTWSGdVrEQ\/ednaldo-pereira-1.jpg 600w\" alt=\"Ednaldo Pereira nasceu em Guarabira, no Agreste da Para\u00edba \u2014 Foto: Reprodu\u00e7\u00e3o: Luan Santos\" \/><\/figure>\n<\/div>\n<p class=\"content-media__description  \">Ednaldo Pereira nasceu em Guarabira, no Agreste da Para\u00edba \u2014 Foto: Reprodu\u00e7\u00e3o: Luan Santos<\/p>\n<\/div>\n<\/div>\n<\/div>\n<div id=\"chunk-31d92\" style=\"text-align: justify;\">\n<div class=\"content-ads content-ads--reveal\" data-block-type=\"ads\" data-block-id=\"22\">\n<div id=\"banner_materia__c6e5013e-9d7a-44cb-a0bd-e7ce520ab9a0\" class=\"tag-manager-publicidade-container mc-has-reveal mc-has-ad-lazyload\" data-id=\"banner_materia__c6e5013e-9d7a-44cb-a0bd-e7ce520ab9a0\">\n<div id=\"google_ads_iframe_\/95377733\/tvg_G1\/Sua_Regiao&gt;Nordeste&gt;Paraiba_6__container__\" style=\"box-sizing: inherit; margin: auto; padding: 0px; border: 0pt none; font: inherit; vertical-align: baseline; text-align: center; width: 970px; height: 0px;\"><\/div>\n<\/div>\n<\/div>\n<\/div>\n<div id=\"chunk-18fqs\" style=\"text-align: justify;\">\n<div class=\"mc-column content-text active-extra-styles \" data-block-type=\"unstyled\" data-block-weight=\"33\" data-block-id=\"23\">\n<p class=\"content-text__container \" data-track-category=\"Link no Texto\" data-track-links=\"\">Ednaldo Pereira \u00e9 um cantor, compositor e gari, nascido em Guarabira, no Agreste da Para\u00edba. As composi\u00e7\u00f5es e videoclipes do artista viralizaram por seu estilo exc\u00eantrico, em que misturava ingl\u00eas e portugu\u00eas.<\/p>\n<\/div>\n<\/div>\n<div id=\"chunk-5ahon\" style=\"text-align: justify;\">\n<div class=\"mc-column content-text active-extra-styles \" data-block-type=\"unstyled\" data-block-weight=\"58\" data-block-id=\"24\">\n<p class=\"content-text__container \" data-track-category=\"Link no Texto\" data-track-links=\"\">O cantor \u00e9 um dos primeiros memes do YouTube e a sua fama alcan\u00e7ou o auge em 2008. No in\u00edcio daquele ano, somados todos os v\u00eddeos publicados no canal do Youtube do cantor, ele j\u00e1 havia sido assistido mais de 300 mil vezes. Ap\u00f3s uma campanha dos f\u00e3s, ele foi entrevistado por J\u00f4 Soares, no Programa do J\u00f4.<\/p>\n<\/div>\n<\/div>\n<div id=\"chunk-93b7g\" style=\"text-align: justify;\">\n<div class=\"mc-column content-text active-extra-styles \" data-block-type=\"unstyled\" data-block-weight=\"32\" data-block-id=\"25\">\n<p class=\"content-text__container \" data-track-category=\"Link no Texto\" data-track-links=\"\">Segundo o Jornal A Uni\u00e3o, entre 2008 e 2009, o artista alcan\u00e7ou 1 milh\u00e3o de visualiza\u00e7\u00f5es no YouTube. Seus maiores sucessos s\u00e3o \u201cVale Nada Vale Tudo\u201d e \u201cWhat is The Brother?\u201d.<\/p>\n<\/div>\n<\/div>\n<div id=\"chunk-7v2r1\">\n<div class=\"mc-column content-text active-extra-styles \" data-block-type=\"unstyled\" data-block-weight=\"30\" data-block-id=\"26\">\n<p class=\"content-text__container \" style=\"text-align: justify;\" data-track-category=\"Link no Texto\" data-track-links=\"\">Hoje, o artista continua viralizando na internet, mas agora faz sucesso em outras plataformas. Ednaldo alimenta diariamente os seguidores com v\u00eddeos de beat box, novas m\u00fasicas e at\u00e9 conte\u00fado pol\u00edtico.<\/p>\n<\/div>\n<\/div>\n<\/div>\n<\/div>\n<\/div>\n<p data-track-category=\"Link no Texto\" data-track-links=\"\">\n<p data-track-category=\"Link no Texto\" data-track-links=\"\">\n<p data-track-category=\"Link no Texto\" data-track-links=\"\">\n<p data-track-category=\"Link no Texto\" data-track-links=\"\">\n<p data-track-category=\"Link no Texto\" data-track-links=\"\">\n<p data-track-category=\"Link no Texto\" data-track-links=\"\">G1<\/p>\n","protected":false},"excerpt":{"rendered":"<p>O cantor paraibano Ednaldo Pereira briga na justi\u00e7a desde 2013 para receber por m\u00fasicas baixadas para toque de celular. De acordo com o processo, o artista assinou um contrato com a gravadora EMI Music, que deveria comercializar as m\u00fasicas na internet e pagar cerca de R$ 0,60 por\u00a0download\u00a0ao artista. Por\u00e9m, a empresa conseguiu comprovar a<\/p>\n","protected":false},"author":1,"featured_media":5780,"comment_status":"open","ping_status":"open","sticky":false,"template":"","format":"standard","meta":{"_eb_attr":"","footnotes":""},"categories":[7,13],"tags":[],"class_list":["post-5778","post","type-post","status-publish","format-standard","has-post-thumbnail","hentry","category-destaque","category-noticias"],"_links":{"self":[{"href":"https:\/\/portalmidia.net\/index.php\/wp-json\/wp\/v2\/posts\/5778","targetHints":{"allow":["GET"]}}],"collection":[{"href":"https:\/\/portalmidia.net\/index.php\/wp-json\/wp\/v2\/posts"}],"about":[{"href":"https:\/\/portalmidia.net\/index.php\/wp-json\/wp\/v2\/types\/post"}],"author":[{"embeddable":true,"href":"https:\/\/portalmidia.net\/index.php\/wp-json\/wp\/v2\/users\/1"}],"replies":[{"embeddable":true,"href":"https:\/\/portalmidia.net\/index.php\/wp-json\/wp\/v2\/comments?post=5778"}],"version-history":[{"count":0,"href":"https:\/\/portalmidia.net\/index.php\/wp-json\/wp\/v2\/posts\/5778\/revisions"}],"wp:featuredmedia":[{"embeddable":true,"href":"https:\/\/portalmidia.net\/index.php\/wp-json\/wp\/v2\/media\/5780"}],"wp:attachment":[{"href":"https:\/\/portalmidia.net\/index.php\/wp-json\/wp\/v2\/media?parent=5778"}],"wp:term":[{"taxonomy":"category","embeddable":true,"href":"https:\/\/portalmidia.net\/index.php\/wp-json\/wp\/v2\/categories?post=5778"},{"taxonomy":"post_tag","embeddable":true,"href":"https:\/\/portalmidia.net\/index.php\/wp-json\/wp\/v2\/tags?post=5778"}],"curies":[{"name":"wp","href":"https:\/\/api.w.org\/{rel}","templated":true}]}}