 {"id":5782,"date":"2023-08-19T09:09:45","date_gmt":"2023-08-19T12:09:45","guid":{"rendered":"https:\/\/portalmidia.net\/?p=5782"},"modified":"2023-08-19T09:09:45","modified_gmt":"2023-08-19T12:09:45","slug":"maioria-do-stf-vota-para-tornar-zambelli-re-por-porte-ilegal-de-armas","status":"publish","type":"post","link":"https:\/\/portalmidia.net\/index.php\/2023\/08\/19\/maioria-do-stf-vota-para-tornar-zambelli-re-por-porte-ilegal-de-armas\/","title":{"rendered":"Maioria do STF vota para tornar Zambelli r\u00e9 por porte ilegal de armas"},"content":{"rendered":"<p style=\"text-align: justify;\">A maioria dos ministros do Supremo Tribunal Federal (STF) votou nesta sexta-feira\u00a0(18) para tornar r\u00e9 a deputada federal Carla Zambelli (PL-SP) pelos crimes de porte ilegal de arma de fogo e constrangimento ilegal com emprego de arma de fogo.<img decoding=\"async\" src=\"https:\/\/agenciabrasil.ebc.com.br\/ebc.png?id=1549915&amp;o=node\" \/><img decoding=\"async\" src=\"https:\/\/agenciabrasil.ebc.com.br\/ebc.gif?id=1549915&amp;o=node\" \/><\/p>\n<p style=\"text-align: justify;\">At\u00e9 o momento, por 6 votos a 1, o tribunal vota para aceitar den\u00fancia apresentada pela Procuradoria-Geral da Rep\u00fablica (PGR) contra a parlamentar ap\u00f3s o epis\u00f3dio em que ela sacou uma arma de fogo e perseguiu o jornalista Luan Ara\u00fajo \u00e0s v\u00e9speras do segundo turno das elei\u00e7\u00f5es de 2022. A persegui\u00e7\u00e3o come\u00e7ou ap\u00f3s Zambelli e Luan trocarem provoca\u00e7\u00f5es durante um ato pol\u00edtico no bairro dos Jardins, em S\u00e3o Paulo.<\/p>\n<p style=\"text-align: justify;\">O julgamento continua para a tomada dos demais votos. A an\u00e1lise do caso\u00a0ocorre no plen\u00e1rio virtual do STF, modalidade na qual os ministros inserem os votos em um sistema eletr\u00f4nico e n\u00e3o h\u00e1 delibera\u00e7\u00e3o presencial. A sess\u00e3o virtual vai at\u00e9 21 de agosto. O tribunal \u00e9 composto por onze ministros.<\/p>\n<p style=\"text-align: justify;\">Votaram pela aceita\u00e7\u00e3o da den\u00fancia o relator, Gilmar Mendes, e os ministros Alexandre de Moraes, C\u00e1rmen L\u00facia, Edson Fachin, Cristiano Zanin e Lu\u00eds Roberto e Barroso. Andr\u00e9 Mendon\u00e7a votou pelo envio das acusa\u00e7\u00f5es para a primeira inst\u00e2ncia da Justi\u00e7a.<\/p>\n<p style=\"text-align: justify;\">A maioria segue voto proferido por Gilmar Mendes. O relator entendeu que h\u00e1 ind\u00edcios suficientes para a abertura da a\u00e7\u00e3o penal contra Carla Zambelli. \u201cAinda que a arguida tenha porte de arma, o uso fora dos limites da defesa pessoal, em contexto p\u00fablico e ostensivo, ainda mais \u00e0s v\u00e9speras das elei\u00e7\u00f5es, em tese, pode significar responsabilidade penal\u201d, escreveu Mendes.<\/p>\n<p style=\"text-align: justify;\">A defesa de Carla Zambelli declarou que vai aguardar a finaliza\u00e7\u00e3o do julgamento para se pronunciar.<\/p>\n<p style=\"text-align: justify;\">\n<p style=\"text-align: justify;\">\n<p style=\"text-align: justify;\">\n<p style=\"text-align: justify;\">\n<p style=\"text-align: justify;\">agenciabrasil<\/p>\n","protected":false},"excerpt":{"rendered":"<p>A maioria dos ministros do Supremo Tribunal Federal (STF) votou nesta sexta-feira\u00a0(18) para tornar r\u00e9 a deputada federal Carla Zambelli (PL-SP) pelos crimes de porte ilegal de arma de fogo e constrangimento ilegal com emprego de arma de fogo. At\u00e9 o momento, por 6 votos a 1, o tribunal vota para aceitar den\u00fancia apresentada pela<\/p>\n","protected":false},"author":1,"featured_media":5784,"comment_status":"open","ping_status":"open","sticky":false,"template":"","format":"standard","meta":{"_eb_attr":"","footnotes":""},"categories":[7,3],"tags":[],"class_list":["post-5782","post","type-post","status-publish","format-standard","has-post-thumbnail","hentry","category-destaque","category-politica"],"_links":{"self":[{"href":"https:\/\/portalmidia.net\/index.php\/wp-json\/wp\/v2\/posts\/5782","targetHints":{"allow":["GET"]}}],"collection":[{"href":"https:\/\/portalmidia.net\/index.php\/wp-json\/wp\/v2\/posts"}],"about":[{"href":"https:\/\/portalmidia.net\/index.php\/wp-json\/wp\/v2\/types\/post"}],"author":[{"embeddable":true,"href":"https:\/\/portalmidia.net\/index.php\/wp-json\/wp\/v2\/users\/1"}],"replies":[{"embeddable":true,"href":"https:\/\/portalmidia.net\/index.php\/wp-json\/wp\/v2\/comments?post=5782"}],"version-history":[{"count":0,"href":"https:\/\/portalmidia.net\/index.php\/wp-json\/wp\/v2\/posts\/5782\/revisions"}],"wp:featuredmedia":[{"embeddable":true,"href":"https:\/\/portalmidia.net\/index.php\/wp-json\/wp\/v2\/media\/5784"}],"wp:attachment":[{"href":"https:\/\/portalmidia.net\/index.php\/wp-json\/wp\/v2\/media?parent=5782"}],"wp:term":[{"taxonomy":"category","embeddable":true,"href":"https:\/\/portalmidia.net\/index.php\/wp-json\/wp\/v2\/categories?post=5782"},{"taxonomy":"post_tag","embeddable":true,"href":"https:\/\/portalmidia.net\/index.php\/wp-json\/wp\/v2\/tags?post=5782"}],"curies":[{"name":"wp","href":"https:\/\/api.w.org\/{rel}","templated":true}]}}