 {"id":57937,"date":"2026-01-08T09:09:21","date_gmt":"2026-01-08T12:09:21","guid":{"rendered":"https:\/\/portalmidia.net\/?p=57937"},"modified":"2026-01-08T09:09:21","modified_gmt":"2026-01-08T12:09:21","slug":"homem-e-preso-suspeito-de-estuprar-crianca-de-11-anos-no-sertao-da-pb-mae-tambem-foi-indiciada","status":"publish","type":"post","link":"https:\/\/portalmidia.net\/index.php\/2026\/01\/08\/homem-e-preso-suspeito-de-estuprar-crianca-de-11-anos-no-sertao-da-pb-mae-tambem-foi-indiciada\/","title":{"rendered":"Homem \u00e9 preso suspeito de estuprar crian\u00e7a de 11 anos no Sert\u00e3o da PB; m\u00e3e tamb\u00e9m foi indiciada"},"content":{"rendered":"<p>Um homem de 20 anos foi preso nesta quarta-feira (7) suspeito de estuprar uma crian\u00e7a de 11 anos, em Coremas no Sert\u00e3o da Para\u00edba. De acordo com a Pol\u00edcia Civil, o homem mantinha um relacionamento com a crian\u00e7a. A m\u00e3e da v\u00edtima, que sabia da rela\u00e7\u00e3o, tamb\u00e9m foi indiciada.<\/p>\n<p>Segundo a Pol\u00edcia Civil, as investiga\u00e7\u00f5es tiveram in\u00edcio ap\u00f3s a pol\u00edcia tomar conhecimento de que o suspeito mantinha um relacionamento est\u00e1vel com a crian\u00e7a.<\/p>\n<p>Os policiais coletaram as informa\u00e7\u00f5es necess\u00e1rias acerca do caso e ao final do inqu\u00e9rito um mandado de pris\u00e3o preventivo foi expedido contra o homem.<\/p>\n<p>Ainda de acordo com a Pol\u00edcia Civil, a m\u00e3e da crian\u00e7a sabia e aceitava o relacionamento. Ela foi indiciada por omiss\u00e3o, j\u00e1 que segundo o C\u00f3digo Penal os respons\u00e1veis t\u00eam o dever legal de proteger os menores.<\/p>\n<p>O homem foi preso e encaminhado para a Cadeia P\u00fablica de Coremas, onde deve passar por audi\u00eancia de cust\u00f3dia.<\/p>\n<p>&nbsp;<\/p>\n<p>&nbsp;<\/p>\n<p>G1<\/p>\n","protected":false},"excerpt":{"rendered":"<p>Um homem de 20 anos foi preso nesta quarta-feira (7) suspeito de estuprar uma crian\u00e7a de 11 anos, em Coremas no Sert\u00e3o da Para\u00edba. De acordo com a Pol\u00edcia Civil, o homem mantinha um relacionamento com a crian\u00e7a. A m\u00e3e da v\u00edtima, que sabia da rela\u00e7\u00e3o, tamb\u00e9m foi indiciada. Segundo a Pol\u00edcia Civil, as investiga\u00e7\u00f5es<\/p>\n","protected":false},"author":5,"featured_media":57939,"comment_status":"open","ping_status":"open","sticky":false,"template":"","format":"standard","meta":{"_eb_attr":"","footnotes":""},"categories":[2],"tags":[],"class_list":["post-57937","post","type-post","status-publish","format-standard","has-post-thumbnail","hentry","category-policial"],"_links":{"self":[{"href":"https:\/\/portalmidia.net\/index.php\/wp-json\/wp\/v2\/posts\/57937","targetHints":{"allow":["GET"]}}],"collection":[{"href":"https:\/\/portalmidia.net\/index.php\/wp-json\/wp\/v2\/posts"}],"about":[{"href":"https:\/\/portalmidia.net\/index.php\/wp-json\/wp\/v2\/types\/post"}],"author":[{"embeddable":true,"href":"https:\/\/portalmidia.net\/index.php\/wp-json\/wp\/v2\/users\/5"}],"replies":[{"embeddable":true,"href":"https:\/\/portalmidia.net\/index.php\/wp-json\/wp\/v2\/comments?post=57937"}],"version-history":[{"count":1,"href":"https:\/\/portalmidia.net\/index.php\/wp-json\/wp\/v2\/posts\/57937\/revisions"}],"predecessor-version":[{"id":57940,"href":"https:\/\/portalmidia.net\/index.php\/wp-json\/wp\/v2\/posts\/57937\/revisions\/57940"}],"wp:featuredmedia":[{"embeddable":true,"href":"https:\/\/portalmidia.net\/index.php\/wp-json\/wp\/v2\/media\/57939"}],"wp:attachment":[{"href":"https:\/\/portalmidia.net\/index.php\/wp-json\/wp\/v2\/media?parent=57937"}],"wp:term":[{"taxonomy":"category","embeddable":true,"href":"https:\/\/portalmidia.net\/index.php\/wp-json\/wp\/v2\/categories?post=57937"},{"taxonomy":"post_tag","embeddable":true,"href":"https:\/\/portalmidia.net\/index.php\/wp-json\/wp\/v2\/tags?post=57937"}],"curies":[{"name":"wp","href":"https:\/\/api.w.org\/{rel}","templated":true}]}}