 {"id":5799,"date":"2023-08-19T10:26:50","date_gmt":"2023-08-19T13:26:50","guid":{"rendered":"https:\/\/portalmidia.net\/?p=5799"},"modified":"2023-08-19T10:26:50","modified_gmt":"2023-08-19T13:26:50","slug":"paraiba-realiza-dia-d-de-multivacinacao-e-vacinacao-contra-covid-19-neste-sabado","status":"publish","type":"post","link":"https:\/\/portalmidia.net\/index.php\/2023\/08\/19\/paraiba-realiza-dia-d-de-multivacinacao-e-vacinacao-contra-covid-19-neste-sabado\/","title":{"rendered":"Para\u00edba realiza Dia D de Multivacina\u00e7\u00e3o e vacina\u00e7\u00e3o contra Covid-19 neste s\u00e1bado"},"content":{"rendered":"<p style=\"text-align: justify;\">A Secretaria de Estado da Sa\u00fade (SES) realiza, neste s\u00e1bado (19), mais um Dia D de Multivacina\u00e7\u00e3o e vacina\u00e7\u00e3o contra Covid-19. A a\u00e7\u00e3o est\u00e1 dentro do Vacina Mais Para\u00edba, projeto que foi criado h\u00e1 um ano e tem o intuito de melhorar a cobertura das vacinas de rotina e atualizar esquema vacinal da popula\u00e7\u00e3o paraibana. A abertura ser\u00e1 na USF Vila Sa\u00fade \u2013 no bairro do Cristo \u2013 em Jo\u00e3o Pessoa, e no Parque da Crian\u00e7a, em Campina Grande, a partir das 8h.<br aria-hidden=\"true\" \/><br aria-hidden=\"true\" \/>De acordo com o secret\u00e1rio de Sa\u00fade da Para\u00edba, Jhony Bezerra, o Dia D \u00e9 uma a\u00e7\u00e3o para incentivar a atualiza\u00e7\u00e3o do cart\u00e3o de vacina da crian\u00e7a e do adolescente, ou do esquema vacinal com os refor\u00e7os da Covid-19. Ele destaca que 207 munic\u00edpios ir\u00e3o aderir ao movimento e 722 pontos de vacina\u00e7\u00e3o ser\u00e3o disponibilizados pelo estado.<br aria-hidden=\"true\" \/><br aria-hidden=\"true\" \/>\u201cRecomendamos aos pais e\/ou respons\u00e1veis que procurem uma unidade B\u00e1sica de Sa\u00fade, ou centro de refer\u00eancia, para atualizar a caderneta de vacina\u00e7\u00e3o de seus filhos. Refor\u00e7amos o chamado para aqueles adultos que est\u00e3o com o refor\u00e7o da Covid atrasado, para atualizarem o cart\u00e3o de vacina, temos o imunizante Bivalente dispon\u00edvel para toda a Para\u00edba, todos os munic\u00edpios est\u00e3o abastecidos. Neste momento, \u00e9 importante ter uma popula\u00e7\u00e3o imunizada para proteger das novas variantes que est\u00e3o surgindo\u201d, pontua.<br aria-hidden=\"true\" \/><br aria-hidden=\"true\" \/>A SES recomenda a livre demanda no acesso da vacina, sem a necessidade de agendamento pr\u00e9vio e passa algumas orienta\u00e7\u00f5es aos munic\u00edpios como: comunica\u00e7\u00e3o com a popula\u00e7\u00e3o esclarecendo a import\u00e2ncia de ter seu esquema vacinal em dia para a Covid-19, assim como para todas as vacinas de rotina da crian\u00e7a e do adolescente; organizar o dia D para que seja um momento de mobiliza\u00e7\u00e3o de todos os Agentes Comunit\u00e1rios de Sa\u00fade (ACS), realizando chamamento nas casas para a vacina\u00e7\u00e3o; disponibilizar pontos de vacina\u00e7\u00e3o em locais estrat\u00e9gicos para contemplar a popula\u00e7\u00e3o que mora em lugares de dif\u00edcil acesso.<\/p>\n","protected":false},"excerpt":{"rendered":"<p>A Secretaria de Estado da Sa\u00fade (SES) realiza, neste s\u00e1bado (19), mais um Dia D de Multivacina\u00e7\u00e3o e vacina\u00e7\u00e3o contra Covid-19. A a\u00e7\u00e3o est\u00e1 dentro do Vacina Mais Para\u00edba, projeto que foi criado h\u00e1 um ano e tem o intuito de melhorar a cobertura das vacinas de rotina e atualizar esquema vacinal da popula\u00e7\u00e3o paraibana.<\/p>\n","protected":false},"author":1,"featured_media":5801,"comment_status":"open","ping_status":"open","sticky":false,"template":"","format":"standard","meta":{"_eb_attr":"","footnotes":""},"categories":[7,5],"tags":[],"class_list":["post-5799","post","type-post","status-publish","format-standard","has-post-thumbnail","hentry","category-destaque","category-saude"],"_links":{"self":[{"href":"https:\/\/portalmidia.net\/index.php\/wp-json\/wp\/v2\/posts\/5799","targetHints":{"allow":["GET"]}}],"collection":[{"href":"https:\/\/portalmidia.net\/index.php\/wp-json\/wp\/v2\/posts"}],"about":[{"href":"https:\/\/portalmidia.net\/index.php\/wp-json\/wp\/v2\/types\/post"}],"author":[{"embeddable":true,"href":"https:\/\/portalmidia.net\/index.php\/wp-json\/wp\/v2\/users\/1"}],"replies":[{"embeddable":true,"href":"https:\/\/portalmidia.net\/index.php\/wp-json\/wp\/v2\/comments?post=5799"}],"version-history":[{"count":0,"href":"https:\/\/portalmidia.net\/index.php\/wp-json\/wp\/v2\/posts\/5799\/revisions"}],"wp:featuredmedia":[{"embeddable":true,"href":"https:\/\/portalmidia.net\/index.php\/wp-json\/wp\/v2\/media\/5801"}],"wp:attachment":[{"href":"https:\/\/portalmidia.net\/index.php\/wp-json\/wp\/v2\/media?parent=5799"}],"wp:term":[{"taxonomy":"category","embeddable":true,"href":"https:\/\/portalmidia.net\/index.php\/wp-json\/wp\/v2\/categories?post=5799"},{"taxonomy":"post_tag","embeddable":true,"href":"https:\/\/portalmidia.net\/index.php\/wp-json\/wp\/v2\/tags?post=5799"}],"curies":[{"name":"wp","href":"https:\/\/api.w.org\/{rel}","templated":true}]}}