 {"id":58055,"date":"2026-01-15T22:12:06","date_gmt":"2026-01-16T01:12:06","guid":{"rendered":"https:\/\/portalmidia.net\/?p=58055"},"modified":"2026-01-15T22:12:06","modified_gmt":"2026-01-16T01:12:06","slug":"furto-de-fiacao-volta-a-atingir-igreja-evangelica-em-guarabira-pela-segunda-vez-na-semana","status":"publish","type":"post","link":"https:\/\/portalmidia.net\/index.php\/2026\/01\/15\/furto-de-fiacao-volta-a-atingir-igreja-evangelica-em-guarabira-pela-segunda-vez-na-semana\/","title":{"rendered":"Furto de fia\u00e7\u00e3o volta a atingir igreja evang\u00e9lica em Guarabira pela segunda vez na semana"},"content":{"rendered":"<p>A Igreja Internacional da Gra\u00e7a de Deus, localizada em Guarabira, nas proximidades dos Correios, foi novamente alvo de a\u00e7\u00e3o criminosa na madrugada desta semana. Desta vez, meliantes furtaram a fia\u00e7\u00e3o externa do templo, levando o cobre dos aparelhos de ar-condicionado.<\/p>\n<p>Segundo informa\u00e7\u00f5es da dire\u00e7\u00e3o da igreja, **esta \u00e9 a segunda ocorr\u00eancia do mesmo crime apenas nesta semana**, o que tem causado preocupa\u00e7\u00e3o entre os membros e moradores da regi\u00e3o. Os suspeitos teriam agido durante a noite, aproveitando a baixa movimenta\u00e7\u00e3o no entorno do pr\u00e9dio.<\/p>\n<p>A administra\u00e7\u00e3o da igreja informou que **o boletim de ocorr\u00eancia j\u00e1 foi registrado** e que as **imagens das c\u00e2meras de seguran\u00e7a das proximidades foram encaminhadas \u00e0s autoridades**, com o objetivo de auxiliar na identifica\u00e7\u00e3o dos respons\u00e1veis.<\/p>\n<p>O caso agora est\u00e1 sob investiga\u00e7\u00e3o, e a expectativa \u00e9 de que, com o apoio das imagens, os envolvidos sejam localizados. A igreja refor\u00e7a o apelo por mais seguran\u00e7a na \u00e1rea para evitar novas a\u00e7\u00f5es criminosas.<\/p>\n<p>Clique no link e veja o momento do furto<\/p>\n<p><a href=\"https:\/\/www.instagram.com\/reel\/DTjXP71jDGJ\/?igsh=MXgzdXZ2NDV6YWd6dw==\">https:\/\/www.instagram.com\/reel\/DTjXP71jDGJ\/?igsh=MXgzdXZ2NDV6YWd6dw==<\/a><\/p>\n","protected":false},"excerpt":{"rendered":"<p>A Igreja Internacional da Gra\u00e7a de Deus, localizada em Guarabira, nas proximidades dos Correios, foi novamente alvo de a\u00e7\u00e3o criminosa na madrugada desta semana. Desta vez, meliantes furtaram a fia\u00e7\u00e3o externa do templo, levando o cobre dos aparelhos de ar-condicionado. Segundo informa\u00e7\u00f5es da dire\u00e7\u00e3o da igreja, **esta \u00e9 a segunda ocorr\u00eancia do mesmo crime apenas<\/p>\n","protected":false},"author":5,"featured_media":58056,"comment_status":"open","ping_status":"open","sticky":false,"template":"","format":"standard","meta":{"_eb_attr":"","footnotes":""},"categories":[2],"tags":[],"class_list":["post-58055","post","type-post","status-publish","format-standard","has-post-thumbnail","hentry","category-policial"],"_links":{"self":[{"href":"https:\/\/portalmidia.net\/index.php\/wp-json\/wp\/v2\/posts\/58055","targetHints":{"allow":["GET"]}}],"collection":[{"href":"https:\/\/portalmidia.net\/index.php\/wp-json\/wp\/v2\/posts"}],"about":[{"href":"https:\/\/portalmidia.net\/index.php\/wp-json\/wp\/v2\/types\/post"}],"author":[{"embeddable":true,"href":"https:\/\/portalmidia.net\/index.php\/wp-json\/wp\/v2\/users\/5"}],"replies":[{"embeddable":true,"href":"https:\/\/portalmidia.net\/index.php\/wp-json\/wp\/v2\/comments?post=58055"}],"version-history":[{"count":1,"href":"https:\/\/portalmidia.net\/index.php\/wp-json\/wp\/v2\/posts\/58055\/revisions"}],"predecessor-version":[{"id":58057,"href":"https:\/\/portalmidia.net\/index.php\/wp-json\/wp\/v2\/posts\/58055\/revisions\/58057"}],"wp:featuredmedia":[{"embeddable":true,"href":"https:\/\/portalmidia.net\/index.php\/wp-json\/wp\/v2\/media\/58056"}],"wp:attachment":[{"href":"https:\/\/portalmidia.net\/index.php\/wp-json\/wp\/v2\/media?parent=58055"}],"wp:term":[{"taxonomy":"category","embeddable":true,"href":"https:\/\/portalmidia.net\/index.php\/wp-json\/wp\/v2\/categories?post=58055"},{"taxonomy":"post_tag","embeddable":true,"href":"https:\/\/portalmidia.net\/index.php\/wp-json\/wp\/v2\/tags?post=58055"}],"curies":[{"name":"wp","href":"https:\/\/api.w.org\/{rel}","templated":true}]}}