 {"id":58376,"date":"2026-02-01T09:43:15","date_gmt":"2026-02-01T12:43:15","guid":{"rendered":"https:\/\/portalmidia.net\/?p=58376"},"modified":"2026-02-01T09:44:20","modified_gmt":"2026-02-01T12:44:20","slug":"governo-da-paraiba-lanca-8a-edicao-da-campanha-meu-corpo-nao-e-sua-folia","status":"publish","type":"post","link":"https:\/\/portalmidia.net\/index.php\/2026\/02\/01\/governo-da-paraiba-lanca-8a-edicao-da-campanha-meu-corpo-nao-e-sua-folia\/","title":{"rendered":"Governo da Para\u00edba lan\u00e7a 8\u00aa edi\u00e7\u00e3o da campanha \u201cMeu Corpo N\u00e3o \u00e9 Sua Folia\u201d"},"content":{"rendered":"<p>A oitava edi\u00e7\u00e3o da campanha \u201cMeu Corpo N\u00e3o \u00e9 Sua Folia\u201d, iniciativa que tem como objetivo o enfrentamento do crime de importuna\u00e7\u00e3o sexual e conscientizar a sociedade sobre a import\u00e2ncia do respeito ao corpo da mulher, ser\u00e1 lan\u00e7ada nesta segunda-feira (2), \u00e0s 9h, no audit\u00f3rio 1 da Funda\u00e7\u00e3o Espa\u00e7o Cultural da Para\u00edba (Funesc). De acordo com a Lei n\u00ba 13.718\/2018, o crime de importuna\u00e7\u00e3o sexual prev\u00ea pena de um a cinco anos de pris\u00e3o.<\/p>\n<p>A campanha \u00e9 coordenada pela Rede de Prote\u00e7\u00e3o \u00e0s Mulheres em Situa\u00e7\u00e3o de Viol\u00eancia na Para\u00edba (Reamcav) e conta com a participa\u00e7\u00e3o integrada de diversos \u00f3rg\u00e3os e institui\u00e7\u00f5es, entre eles a Secretaria das Mulheres e Diversidade Humana, Secretaria\u00a0\u00a0de Seguran\u00e7a e da Defesa Social, Pol\u00edcia Civil, Minist\u00e9rio P\u00fablico, Tribunal de Justi\u00e7a da Para\u00edba, Defensoria P\u00fablica, entre outros parceiros da rede de enfrentamento da viol\u00eancia contra as mulheres.<\/p>\n<p>A campanha \u201cMeu Corpo N\u00e3o \u00e9 Sua Folia\u201d prev\u00ea, em 2026, a distribui\u00e7\u00e3o de materiais educativos, como leques e adesivos, contendo os principais n\u00fameros de den\u00fancia e emerg\u00eancia dos \u00f3rg\u00e3os de seguran\u00e7a p\u00fablica. As a\u00e7\u00f5es preventivas acontecer\u00e3o durante as pr\u00e9vias carnavalescas e ao longo do Carnaval, em diversas cidades da Para\u00edba, com o apoio da Coordenadoria das Delegacias Especializadas de Atendimento \u00e0 Mulher.<\/p>\n<p>Para a secret\u00e1ria L\u00eddia Moura, a campanha tem um papel fundamental de conscientiza\u00e7\u00e3o e mobiliza\u00e7\u00e3o social. \u201c\u00c9 uma campanha de convencimento da sociedade e tamb\u00e9m de chamamento para que todos ajudem a combater a importuna\u00e7\u00e3o sexual. Ela fala tanto com poss\u00edveis agressores quanto com as mulheres, para que saibam que t\u00eam direito \u00e0 den\u00fancia e que o Estado est\u00e1 preparado para acolh\u00ea-las. Roupa n\u00e3o \u00e9 convite. Uma roupa confort\u00e1vel \u00e9 apenas a escolha daquela mulher para estar naquele espa\u00e7o\u201d, afirmou.<\/p>\n<p>A secret\u00e1ria ressaltou ainda que a iniciativa tem alcan\u00e7ado resultados positivos ao longo dos anos, especialmente com a ades\u00e3o das gestoras municipais. \u201cTemos visto um bom engajamento das prefeituras do interior, que reproduzem a campanha durante as festas locais. Assim, vamos criando uma cultura de respeito, deixando claro que, em uma festa ou em qualquer outro espa\u00e7o, a mulher n\u00e3o deve ser importunada\u201d, completou.<\/p>\n<p>Como denunciar\u00a0&#8211; Se voc\u00ea for v\u00edtima ou presenciar um ato de viol\u00eancia, n\u00e3o se cale. Apoie a v\u00edtima e denuncie. Em caso de emerg\u00eancia, ligue 190. Tamb\u00e9m \u00e9 poss\u00edvel registrar ocorr\u00eancia pelo 197, procurar a Pol\u00edcia Civil ou uma Delegacia da Mulher. O Disque 180 tamb\u00e9m est\u00e1 dispon\u00edvel para orienta\u00e7\u00f5es e den\u00fancias.<\/p>\n","protected":false},"excerpt":{"rendered":"<p>A oitava edi\u00e7\u00e3o da campanha \u201cMeu Corpo N\u00e3o \u00e9 Sua Folia\u201d, iniciativa que tem como objetivo o enfrentamento do crime de importuna\u00e7\u00e3o sexual e conscientizar a sociedade sobre a import\u00e2ncia do respeito ao corpo da mulher, ser\u00e1 lan\u00e7ada nesta segunda-feira (2), \u00e0s 9h, no audit\u00f3rio 1 da Funda\u00e7\u00e3o Espa\u00e7o Cultural da Para\u00edba (Funesc). De acordo<\/p>\n","protected":false},"author":5,"featured_media":58377,"comment_status":"open","ping_status":"open","sticky":false,"template":"","format":"standard","meta":{"_eb_attr":"","footnotes":""},"categories":[6],"tags":[],"class_list":["post-58376","post","type-post","status-publish","format-standard","has-post-thumbnail","hentry","category-sexualidade-e-comportamento"],"_links":{"self":[{"href":"https:\/\/portalmidia.net\/index.php\/wp-json\/wp\/v2\/posts\/58376","targetHints":{"allow":["GET"]}}],"collection":[{"href":"https:\/\/portalmidia.net\/index.php\/wp-json\/wp\/v2\/posts"}],"about":[{"href":"https:\/\/portalmidia.net\/index.php\/wp-json\/wp\/v2\/types\/post"}],"author":[{"embeddable":true,"href":"https:\/\/portalmidia.net\/index.php\/wp-json\/wp\/v2\/users\/5"}],"replies":[{"embeddable":true,"href":"https:\/\/portalmidia.net\/index.php\/wp-json\/wp\/v2\/comments?post=58376"}],"version-history":[{"count":1,"href":"https:\/\/portalmidia.net\/index.php\/wp-json\/wp\/v2\/posts\/58376\/revisions"}],"predecessor-version":[{"id":58378,"href":"https:\/\/portalmidia.net\/index.php\/wp-json\/wp\/v2\/posts\/58376\/revisions\/58378"}],"wp:featuredmedia":[{"embeddable":true,"href":"https:\/\/portalmidia.net\/index.php\/wp-json\/wp\/v2\/media\/58377"}],"wp:attachment":[{"href":"https:\/\/portalmidia.net\/index.php\/wp-json\/wp\/v2\/media?parent=58376"}],"wp:term":[{"taxonomy":"category","embeddable":true,"href":"https:\/\/portalmidia.net\/index.php\/wp-json\/wp\/v2\/categories?post=58376"},{"taxonomy":"post_tag","embeddable":true,"href":"https:\/\/portalmidia.net\/index.php\/wp-json\/wp\/v2\/tags?post=58376"}],"curies":[{"name":"wp","href":"https:\/\/api.w.org\/{rel}","templated":true}]}}