 {"id":58379,"date":"2026-02-01T09:45:35","date_gmt":"2026-02-01T12:45:35","guid":{"rendered":"https:\/\/portalmidia.net\/?p=58379"},"modified":"2026-02-01T10:01:35","modified_gmt":"2026-02-01T13:01:35","slug":"camila-toscano-destaca-uniao-da-oposicao-e-fortalecimento-do-projeto-de-cicero-lucena-para-o-governo-da-paraiba","status":"publish","type":"post","link":"https:\/\/portalmidia.net\/index.php\/2026\/02\/01\/camila-toscano-destaca-uniao-da-oposicao-e-fortalecimento-do-projeto-de-cicero-lucena-para-o-governo-da-paraiba\/","title":{"rendered":"Camila Toscano destaca uni\u00e3o da oposi\u00e7\u00e3o e fortalecimento do projeto de C\u00edcero Lucena para o Governo da Para\u00edba"},"content":{"rendered":"<p>A deputada estadual Camila Toscano (PSDB) destacou, nesta sexta-feira (30), a uni\u00e3o da oposi\u00e7\u00e3o na Para\u00edba durante o an\u00fancio oficial do Partido Social Democr\u00e1tico (PSD) de apoio \u00e0 pr\u00e9-candidatura de C\u00edcero Lucena ao Governo da Para\u00edba. O ato reuniu lideran\u00e7as pol\u00edticas, militantes e representantes de diversas regi\u00f5es do estado, consolidando um movimento de uni\u00e3o em torno de um projeto voltado ao desenvolvimento da Para\u00edba.<\/p>\n<p>Camila Toscano ressaltou a import\u00e2ncia do gesto pol\u00edtico do PSD, presidido pelo ex-deputado Pedro Cunha Lima, e destacou a trajet\u00f3ria administrativa e pol\u00edtica de C\u00edcero Lucena, afirmando que a Para\u00edba precisa de experi\u00eancia, di\u00e1logo e compromisso com as pessoas.<\/p>\n<p>\u201cO PSD d\u00e1 hoje uma demonstra\u00e7\u00e3o de maturidade pol\u00edtica e de compromisso com o futuro da Para\u00edba. C\u00edcero Lucena tem hist\u00f3ria, preparo e sensibilidade para governar o nosso estado, sempre com olhar atento para quem mais precisa. Esse apoio fortalece um projeto que pensa a Para\u00edba de forma integrada, do litoral ao sert\u00e3o\u201d, afirmou a parlamentar.<\/p>\n<p>Camila tamb\u00e9m enfatizou o papel do partido e da lideran\u00e7a de Pedro na constru\u00e7\u00e3o de uma agenda propositiva e respons\u00e1vel, destacando que o momento exige uni\u00e3o em torno de ideias e n\u00e3o de interesses pessoais.<\/p>\n<p>\u201cPedro tem conduzido o PSD com equil\u00edbrio, di\u00e1logo e vis\u00e3o estrat\u00e9gica. Esse apoio \u00e9 fruto de muito debate interno e da compreens\u00e3o de que a Para\u00edba precisa avan\u00e7ar, com pol\u00edticas p\u00fablicas eficientes, respeito \u00e0s institui\u00e7\u00f5es e proximidade com a popula\u00e7\u00e3o\u201d, completou Camila.<\/p>\n<p>Ao final, a deputada reafirmou seu compromisso com o fortalecimento de um projeto pol\u00edtico que priorize o desenvolvimento econ\u00f4mico, a gera\u00e7\u00e3o de empregos e a melhoria dos servi\u00e7os p\u00fablicos, destacando que o apoio \u00e0 pr\u00e9-candidatura de C\u00edcero Lucena representa a esperan\u00e7a de uma Para\u00edba mais justa, moderna e preparada para os desafios do futuro.<\/p>\n","protected":false},"excerpt":{"rendered":"<p>A deputada estadual Camila Toscano (PSDB) destacou, nesta sexta-feira (30), a uni\u00e3o da oposi\u00e7\u00e3o na Para\u00edba durante o an\u00fancio oficial do Partido Social Democr\u00e1tico (PSD) de apoio \u00e0 pr\u00e9-candidatura de C\u00edcero Lucena ao Governo da Para\u00edba. O ato reuniu lideran\u00e7as pol\u00edticas, militantes e representantes de diversas regi\u00f5es do estado, consolidando um movimento de uni\u00e3o em<\/p>\n","protected":false},"author":5,"featured_media":58380,"comment_status":"open","ping_status":"open","sticky":false,"template":"","format":"standard","meta":{"_eb_attr":"","footnotes":""},"categories":[3],"tags":[],"class_list":["post-58379","post","type-post","status-publish","format-standard","has-post-thumbnail","hentry","category-politica"],"_links":{"self":[{"href":"https:\/\/portalmidia.net\/index.php\/wp-json\/wp\/v2\/posts\/58379","targetHints":{"allow":["GET"]}}],"collection":[{"href":"https:\/\/portalmidia.net\/index.php\/wp-json\/wp\/v2\/posts"}],"about":[{"href":"https:\/\/portalmidia.net\/index.php\/wp-json\/wp\/v2\/types\/post"}],"author":[{"embeddable":true,"href":"https:\/\/portalmidia.net\/index.php\/wp-json\/wp\/v2\/users\/5"}],"replies":[{"embeddable":true,"href":"https:\/\/portalmidia.net\/index.php\/wp-json\/wp\/v2\/comments?post=58379"}],"version-history":[{"count":1,"href":"https:\/\/portalmidia.net\/index.php\/wp-json\/wp\/v2\/posts\/58379\/revisions"}],"predecessor-version":[{"id":58381,"href":"https:\/\/portalmidia.net\/index.php\/wp-json\/wp\/v2\/posts\/58379\/revisions\/58381"}],"wp:featuredmedia":[{"embeddable":true,"href":"https:\/\/portalmidia.net\/index.php\/wp-json\/wp\/v2\/media\/58380"}],"wp:attachment":[{"href":"https:\/\/portalmidia.net\/index.php\/wp-json\/wp\/v2\/media?parent=58379"}],"wp:term":[{"taxonomy":"category","embeddable":true,"href":"https:\/\/portalmidia.net\/index.php\/wp-json\/wp\/v2\/categories?post=58379"},{"taxonomy":"post_tag","embeddable":true,"href":"https:\/\/portalmidia.net\/index.php\/wp-json\/wp\/v2\/tags?post=58379"}],"curies":[{"name":"wp","href":"https:\/\/api.w.org\/{rel}","templated":true}]}}