 {"id":58385,"date":"2026-02-01T09:51:33","date_gmt":"2026-02-01T12:51:33","guid":{"rendered":"https:\/\/portalmidia.net\/?p=58385"},"modified":"2026-02-01T09:51:41","modified_gmt":"2026-02-01T12:51:41","slug":"motta-ve-como-desespero-fala-de-veneziano-sobre-pre-candidatura-de-nabor","status":"publish","type":"post","link":"https:\/\/portalmidia.net\/index.php\/2026\/02\/01\/motta-ve-como-desespero-fala-de-veneziano-sobre-pre-candidatura-de-nabor\/","title":{"rendered":"Motta v\u00ea como desespero fala de Veneziano sobre pr\u00e9-candidatura de  Nabor"},"content":{"rendered":"<p>O presidente da C\u00e2mara Federal deputado @hugomottapb esteve na cidade de Guarabira, na noite desta sexta-feira (30), prestigiando a @festadaluzguarabira<\/p>\n<p>O deputado foi recepcionado pelo tamb\u00e9m deputado Raniery Paulino @ranierypaulino , na resid\u00eancia do advogado @higorsimoesfialho<\/p>\n<p>Antes de seguir para o Parque do Poeta, local onde o evento acontece, Hugo conversou com a jornalista @michelemmarques e em determinado trecho rebateu a fala do senador @venezianovitalpb sobre a pr\u00e9-candidatura ao Senado de @naborwanderley (pai de Hugo Motta),<\/p>\n<p><strong>Clica no link e veja<\/strong><\/p>\n<p><a href=\"https:\/\/www.instagram.com\/reel\/DULVCHlEZMU\/?igsh=MWhubG9yemthbm12dg==\">https:\/\/www.instagram.com\/reel\/DULVCHlEZMU\/?igsh=MWhubG9yemthbm12dg==<\/a><\/p>\n","protected":false},"excerpt":{"rendered":"<p>O presidente da C\u00e2mara Federal deputado @hugomottapb esteve na cidade de Guarabira, na noite desta sexta-feira (30), prestigiando a @festadaluzguarabira O deputado foi recepcionado pelo tamb\u00e9m deputado Raniery Paulino @ranierypaulino , na resid\u00eancia do advogado @higorsimoesfialho Antes de seguir para o Parque do Poeta, local onde o evento acontece, Hugo conversou com a jornalista @michelemmarques<\/p>\n","protected":false},"author":5,"featured_media":58386,"comment_status":"open","ping_status":"open","sticky":false,"template":"","format":"standard","meta":{"_eb_attr":"","footnotes":""},"categories":[6,3],"tags":[],"class_list":["post-58385","post","type-post","status-publish","format-standard","has-post-thumbnail","hentry","category-sexualidade-e-comportamento","category-politica"],"_links":{"self":[{"href":"https:\/\/portalmidia.net\/index.php\/wp-json\/wp\/v2\/posts\/58385","targetHints":{"allow":["GET"]}}],"collection":[{"href":"https:\/\/portalmidia.net\/index.php\/wp-json\/wp\/v2\/posts"}],"about":[{"href":"https:\/\/portalmidia.net\/index.php\/wp-json\/wp\/v2\/types\/post"}],"author":[{"embeddable":true,"href":"https:\/\/portalmidia.net\/index.php\/wp-json\/wp\/v2\/users\/5"}],"replies":[{"embeddable":true,"href":"https:\/\/portalmidia.net\/index.php\/wp-json\/wp\/v2\/comments?post=58385"}],"version-history":[{"count":1,"href":"https:\/\/portalmidia.net\/index.php\/wp-json\/wp\/v2\/posts\/58385\/revisions"}],"predecessor-version":[{"id":58387,"href":"https:\/\/portalmidia.net\/index.php\/wp-json\/wp\/v2\/posts\/58385\/revisions\/58387"}],"wp:featuredmedia":[{"embeddable":true,"href":"https:\/\/portalmidia.net\/index.php\/wp-json\/wp\/v2\/media\/58386"}],"wp:attachment":[{"href":"https:\/\/portalmidia.net\/index.php\/wp-json\/wp\/v2\/media?parent=58385"}],"wp:term":[{"taxonomy":"category","embeddable":true,"href":"https:\/\/portalmidia.net\/index.php\/wp-json\/wp\/v2\/categories?post=58385"},{"taxonomy":"post_tag","embeddable":true,"href":"https:\/\/portalmidia.net\/index.php\/wp-json\/wp\/v2\/tags?post=58385"}],"curies":[{"name":"wp","href":"https:\/\/api.w.org\/{rel}","templated":true}]}}