 {"id":58507,"date":"2026-02-05T21:42:22","date_gmt":"2026-02-06T00:42:22","guid":{"rendered":"https:\/\/portalmidia.net\/?p=58507"},"modified":"2026-02-05T21:42:34","modified_gmt":"2026-02-06T00:42:34","slug":"gestao-alirio-filho-fortalece-saude-humanizada-com-entrega-de-medicamentos-a-familias-atipicas-em-alagoinha","status":"publish","type":"post","link":"https:\/\/portalmidia.net\/index.php\/2026\/02\/05\/gestao-alirio-filho-fortalece-saude-humanizada-com-entrega-de-medicamentos-a-familias-atipicas-em-alagoinha\/","title":{"rendered":"Gest\u00e3o Al\u00edrio Filho fortalece sa\u00fade humanizada com entrega de medicamentos a fam\u00edlias at\u00edpicas em Alagoinha"},"content":{"rendered":"<p>A Prefeitura de Alagoinha tem ampliado as a\u00e7\u00f5es voltadas \u00e0 inclus\u00e3o e ao cuidado com a popula\u00e7\u00e3o que necessita de aten\u00e7\u00e3o especial na \u00e1rea da sa\u00fade. Um dos destaques \u00e9 o Projeto La\u00e7os de Afeto, iniciativa da gest\u00e3o do prefeito Al\u00edrio Filho que garante a distribui\u00e7\u00e3o gratuita de medicamentos para fam\u00edlias com filhos neurodivergentes no munic\u00edpio.<\/p>\n<p>O projeto atende atualmente cerca de 100 fam\u00edlias que convivem com crian\u00e7as e adolescentes com transtornos do espectro autista, s\u00edndrome de Down e outras condi\u00e7\u00f5es neurodivergentes. A a\u00e7\u00e3o assegura o fornecimento cont\u00ednuo dos medicamentos necess\u00e1rios para o tratamento, promovendo mais qualidade de vida e tranquilidade para pais e respons\u00e1veis.<\/p>\n<p>Al\u00e9m da aquisi\u00e7\u00e3o dos rem\u00e9dios, a Prefeitura de Alagoinha realiza a entrega direta \u00e0s fam\u00edlias beneficiadas, facilitando o acesso e garantindo mais dignidade a quem depende de um acompanhamento permanente. A iniciativa refor\u00e7a o compromisso da gest\u00e3o municipal com uma sa\u00fade p\u00fablica mais humanizada, que chega onde realmente \u00e9 necess\u00e1ria.<\/p>\n<p>O Projeto La\u00e7os de Afeto representa um avan\u00e7o importante na pol\u00edtica de cuidado com fam\u00edlias at\u00edpicas, fortalecendo v\u00ednculos, ampliando o suporte social e demonstrando sensibilidade da gest\u00e3o municipal com causas que exigem aten\u00e7\u00e3o cont\u00ednua e responsabilidade p\u00fablica.<\/p>\n<p>Com a\u00e7\u00f5es como essa, a Prefeitura de Alagoinha reafirma o compromisso com a inclus\u00e3o, o cuidado social e a constru\u00e7\u00e3o de uma sa\u00fade mais pr\u00f3xima, eficiente e acolhedora para a popula\u00e7\u00e3o.<\/p>\n","protected":false},"excerpt":{"rendered":"<p>A Prefeitura de Alagoinha tem ampliado as a\u00e7\u00f5es voltadas \u00e0 inclus\u00e3o e ao cuidado com a popula\u00e7\u00e3o que necessita de aten\u00e7\u00e3o especial na \u00e1rea da sa\u00fade. Um dos destaques \u00e9 o Projeto La\u00e7os de Afeto, iniciativa da gest\u00e3o do prefeito Al\u00edrio Filho que garante a distribui\u00e7\u00e3o gratuita de medicamentos para fam\u00edlias com filhos neurodivergentes no<\/p>\n","protected":false},"author":5,"featured_media":58508,"comment_status":"open","ping_status":"open","sticky":false,"template":"","format":"standard","meta":{"_eb_attr":"","footnotes":""},"categories":[6],"tags":[],"class_list":["post-58507","post","type-post","status-publish","format-standard","has-post-thumbnail","hentry","category-sexualidade-e-comportamento"],"_links":{"self":[{"href":"https:\/\/portalmidia.net\/index.php\/wp-json\/wp\/v2\/posts\/58507","targetHints":{"allow":["GET"]}}],"collection":[{"href":"https:\/\/portalmidia.net\/index.php\/wp-json\/wp\/v2\/posts"}],"about":[{"href":"https:\/\/portalmidia.net\/index.php\/wp-json\/wp\/v2\/types\/post"}],"author":[{"embeddable":true,"href":"https:\/\/portalmidia.net\/index.php\/wp-json\/wp\/v2\/users\/5"}],"replies":[{"embeddable":true,"href":"https:\/\/portalmidia.net\/index.php\/wp-json\/wp\/v2\/comments?post=58507"}],"version-history":[{"count":1,"href":"https:\/\/portalmidia.net\/index.php\/wp-json\/wp\/v2\/posts\/58507\/revisions"}],"predecessor-version":[{"id":58509,"href":"https:\/\/portalmidia.net\/index.php\/wp-json\/wp\/v2\/posts\/58507\/revisions\/58509"}],"wp:featuredmedia":[{"embeddable":true,"href":"https:\/\/portalmidia.net\/index.php\/wp-json\/wp\/v2\/media\/58508"}],"wp:attachment":[{"href":"https:\/\/portalmidia.net\/index.php\/wp-json\/wp\/v2\/media?parent=58507"}],"wp:term":[{"taxonomy":"category","embeddable":true,"href":"https:\/\/portalmidia.net\/index.php\/wp-json\/wp\/v2\/categories?post=58507"},{"taxonomy":"post_tag","embeddable":true,"href":"https:\/\/portalmidia.net\/index.php\/wp-json\/wp\/v2\/tags?post=58507"}],"curies":[{"name":"wp","href":"https:\/\/api.w.org\/{rel}","templated":true}]}}