 {"id":58568,"date":"2026-02-10T11:37:24","date_gmt":"2026-02-10T14:37:24","guid":{"rendered":"https:\/\/portalmidia.net\/?p=58568"},"modified":"2026-02-10T11:37:24","modified_gmt":"2026-02-10T14:37:24","slug":"crise-no-judiciario-ministro-marco-buzzi-pede-afastamento-de-90-dias-apos-denuncias-de-assedio","status":"publish","type":"post","link":"https:\/\/portalmidia.net\/index.php\/2026\/02\/10\/crise-no-judiciario-ministro-marco-buzzi-pede-afastamento-de-90-dias-apos-denuncias-de-assedio\/","title":{"rendered":"Crise no Judici\u00e1rio: Ministro Marco Buzzi pede afastamento de 90 dias ap\u00f3s den\u00fancias de ass\u00e9dio"},"content":{"rendered":"<div class=\"Y3BBE\" data-sfc-cp=\"\" data-hveid=\"CAEIAxAA\" data-complete=\"true\" data-processed=\"true\"><strong class=\"Yjhzub\" data-complete=\"true\" data-processed=\"true\">BRAS\u00cdLIA<\/strong>\u00a0\u2013 O ministro Marco Aur\u00e9lio Buzzi, do Superior Tribunal de Justi\u00e7a (STJ), oficializou nesta ter\u00e7a-feira (10) um pedido de licen\u00e7a m\u00e9dica para se afastar de suas fun\u00e7\u00f5es por 90 dias. A decis\u00e3o ocorre em um momento cr\u00edtico, onde o magistrado enfrenta graves acusa\u00e7\u00f5es de importuna\u00e7\u00e3o sexual que sacudiram os bastidores da Corte em Bras\u00edlia.<\/div>\n<h3 class=\"otQkpb\" role=\"heading\" aria-level=\"3\" data-complete=\"true\" data-processed=\"true\">O Estopim da Crise<\/h3>\n<div class=\"Y3BBE\" data-sfc-cp=\"\" data-hveid=\"CAEIBBAA\" data-complete=\"true\" data-processed=\"true\">O pedido de afastamento, acompanhado de um atestado psiqui\u00e1trico, foi apresentado pouco antes de uma sess\u00e3o extraordin\u00e1ria do STJ que discutiria o seu afastamento compuls\u00f3rio. Buzzi j\u00e1 estava em licen\u00e7a curta desde o in\u00edcio do m\u00eas, mas a press\u00e3o interna de colegas e \u00f3rg\u00e3os de controle tornou a perman\u00eancia no cargo insustent\u00e1vel.<\/div>\n<h3 class=\"otQkpb\" role=\"heading\" aria-level=\"3\" data-complete=\"true\" data-processed=\"true\">As Den\u00fancias<\/h3>\n<div class=\"Y3BBE\" data-sfc-cp=\"\" data-hveid=\"CAEIBRAA\" data-complete=\"true\" data-processed=\"true\">O ministro \u00e9 alvo de duas frentes principais de investiga\u00e7\u00e3o:<\/div>\n<ol class=\"IaGLZe VimKh\" data-complete=\"true\" data-processed=\"true\">\n<li data-hveid=\"CAEIBhAA\" data-complete=\"true\" data-sae=\"\"><span class=\"T286Pc\" data-sfc-cp=\"\" data-complete=\"true\"><strong class=\"Yjhzub\" data-complete=\"true\">O caso de Balne\u00e1rio Cambori\u00fa:<\/strong>\u00a0Uma jovem de 18 anos, filha de amigos do ministro, relatou epis\u00f3dios de ass\u00e9dio ocorridos em janeiro de 2026, enquanto passava f\u00e9rias na casa de praia de Buzzi. O depoimento foi formalizado no\u00a0Conselho Nacional de Justi\u00e7a (CNJ).<\/span><\/li>\n<li data-hveid=\"CAEIBhAB\" data-complete=\"true\" data-sae=\"\"><span class=\"T286Pc\" data-sfc-cp=\"\" data-complete=\"true\"><strong class=\"Yjhzub\" data-complete=\"true\">Abuso de Autoridade no Gabinete:<\/strong> Uma ex-funcion\u00e1ria tamb\u00e9m recorreu ao CNJ, alegando investidas inapropriadas e comportamentos recorrentes no ambiente de trabalho durante o per\u00edodo em que atuou na equipe do magistrado.<\/span><\/li>\n<\/ol>\n<h3 class=\"otQkpb\" role=\"heading\" aria-level=\"3\" data-complete=\"true\" data-processed=\"true\">Defesa e Tramita\u00e7\u00e3o Jur\u00eddica<\/h3>\n<div class=\"Y3BBE\" data-sfc-cp=\"\" data-hveid=\"CAEIBxAA\" data-complete=\"true\" data-processed=\"true\">Em nota e cartas enviadas aos pares, Marco Aur\u00e9lio Buzzi nega veementemente qualquer irregularidade e afirma que as acusa\u00e7\u00f5es s\u00e3o infundadas. Apesar da negativa, o cerco jur\u00eddico se fecha em tr\u00eas inst\u00e2ncias:<\/div>\n<ul class=\"KsbFXc U6u95\" data-complete=\"true\" data-processed=\"true\">\n<li data-hveid=\"CAEICBAA\" data-complete=\"true\" data-sae=\"\"><span class=\"T286Pc\" data-sfc-cp=\"\" data-complete=\"true\"><strong class=\"Yjhzub\" data-complete=\"true\">STF:<\/strong>\u00a0Um inqu\u00e9rito criminal corre sob sigilo devido ao foro privilegiado.<\/span><\/li>\n<li data-hveid=\"CAEICBAB\" data-complete=\"true\" data-sae=\"\"><span class=\"T286Pc\" data-sfc-cp=\"\" data-complete=\"true\"><strong class=\"Yjhzub\" data-complete=\"true\">CNJ:<\/strong>\u00a0Investiga a conduta \u00e9tica e pode aplicar san\u00e7\u00f5es administrativas, como a aposentadoria compuls\u00f3ria.<\/span><\/li>\n<li data-hveid=\"CAEICBAC\" data-complete=\"true\" data-sae=\"\"><span class=\"T286Pc\" data-sfc-cp=\"\" data-complete=\"true\"><strong class=\"Yjhzub\" data-complete=\"true\">STJ:<\/strong>\u00a0Realiza sindic\u00e2ncia interna para avaliar o impacto na imagem da institui\u00e7\u00e3o.<\/span><\/li>\n<\/ul>\n<h3 class=\"otQkpb\" role=\"heading\" aria-level=\"3\" data-complete=\"true\" data-processed=\"true\">Pr\u00f3ximos Passos<\/h3>\n<div class=\"Y3BBE\" data-sfc-cp=\"\" data-hveid=\"CAEICRAA\" data-complete=\"true\" data-processed=\"true\" aria-owns=\"action-menu-parent-container\">O afastamento de 90 dias interrompe a atividade jurisdicional de Buzzi, e seus processos devem ser redistribu\u00eddos ou aguardar o desfecho das investiga\u00e7\u00f5es. Juristas apontam que este \u00e9 um dos momentos mais delicados para a imagem do STJ nos \u00faltimos anos.<\/div>\n","protected":false},"excerpt":{"rendered":"<p>BRAS\u00cdLIA\u00a0\u2013 O ministro Marco Aur\u00e9lio Buzzi, do Superior Tribunal de Justi\u00e7a (STJ), oficializou nesta ter\u00e7a-feira (10) um pedido de licen\u00e7a m\u00e9dica para se afastar de suas fun\u00e7\u00f5es por 90 dias. A decis\u00e3o ocorre em um momento cr\u00edtico, onde o magistrado enfrenta graves acusa\u00e7\u00f5es de importuna\u00e7\u00e3o sexual que sacudiram os bastidores da Corte em Bras\u00edlia. O<\/p>\n","protected":false},"author":12,"featured_media":58570,"comment_status":"open","ping_status":"open","sticky":false,"template":"","format":"standard","meta":{"_eb_attr":"","footnotes":""},"categories":[7,3],"tags":[1382,1381,425,391,1380],"class_list":["post-58568","post","type-post","status-publish","format-standard","has-post-thumbnail","hentry","category-destaque","category-politica","tag-assedio","tag-importunacao-sexual","tag-ministro","tag-stf","tag-stj"],"_links":{"self":[{"href":"https:\/\/portalmidia.net\/index.php\/wp-json\/wp\/v2\/posts\/58568","targetHints":{"allow":["GET"]}}],"collection":[{"href":"https:\/\/portalmidia.net\/index.php\/wp-json\/wp\/v2\/posts"}],"about":[{"href":"https:\/\/portalmidia.net\/index.php\/wp-json\/wp\/v2\/types\/post"}],"author":[{"embeddable":true,"href":"https:\/\/portalmidia.net\/index.php\/wp-json\/wp\/v2\/users\/12"}],"replies":[{"embeddable":true,"href":"https:\/\/portalmidia.net\/index.php\/wp-json\/wp\/v2\/comments?post=58568"}],"version-history":[{"count":1,"href":"https:\/\/portalmidia.net\/index.php\/wp-json\/wp\/v2\/posts\/58568\/revisions"}],"predecessor-version":[{"id":58571,"href":"https:\/\/portalmidia.net\/index.php\/wp-json\/wp\/v2\/posts\/58568\/revisions\/58571"}],"wp:featuredmedia":[{"embeddable":true,"href":"https:\/\/portalmidia.net\/index.php\/wp-json\/wp\/v2\/media\/58570"}],"wp:attachment":[{"href":"https:\/\/portalmidia.net\/index.php\/wp-json\/wp\/v2\/media?parent=58568"}],"wp:term":[{"taxonomy":"category","embeddable":true,"href":"https:\/\/portalmidia.net\/index.php\/wp-json\/wp\/v2\/categories?post=58568"},{"taxonomy":"post_tag","embeddable":true,"href":"https:\/\/portalmidia.net\/index.php\/wp-json\/wp\/v2\/tags?post=58568"}],"curies":[{"name":"wp","href":"https:\/\/api.w.org\/{rel}","templated":true}]}}